{"id":23380,"date":"2013-12-13T13:54:15","date_gmt":"2013-12-13T12:54:15","guid":{"rendered":"http:\/\/stockportal.hu\/?p=23380"},"modified":"2013-12-13T13:54:15","modified_gmt":"2013-12-13T12:54:15","slug":"van-tere-a-novekedesnek-az-iparban-az-elemzok-szerint","status":"publish","type":"post","link":"https:\/\/gazdasagportal.hu\/index.php\/van-tere-a-novekedesnek-az-iparban-az-elemzok-szerint\/","title":{"rendered":"Van tere a n\u00f6veked\u00e9snek az iparban az elemz\u0151k szerint"},"content":{"rendered":"<p><strong>Van tere az ipari termel\u00e9s b\u0151v\u00fcl\u00e9s\u00e9nek az MTI \u00e1ltal p\u00e9nteken megk\u00e9rdezett elemz\u0151k szerint, akik az utols\u00f3 negyed\u00e9vben a n\u00f6veked\u00e9s tov\u00e1bbi gyorsul\u00e1s\u00e1ra sz\u00e1m\u00edtanak. A Nemzetgazdas\u00e1gi Miniszt\u00e9rium (NGM) azt emelte ki, hogy Magyarorsz\u00e1g ipari teljes\u00edtm\u00e9nye az Eur\u00f3pai Uni\u00f3 legjobbjai k\u00f6z\u00f6tt van.<!--more--><\/strong><\/p>\n<p>A K\u00f6zponti Statisztikai Hivatal (KSH) p\u00e9nteken k\u00f6zz\u00e9tett r\u00e9szletes adatai szerint okt\u00f3berben gyorsult az ipari termel\u00e9s \u00e9ves n\u00f6veked\u00e9si \u00fcteme, a kibocs\u00e1t\u00e1s 6,0 sz\u00e1zal\u00e9kkal n\u0151tt az egy \u00e9vvel kor\u00e1bbihoz k\u00e9pest a szeptemberi 5,5 sz\u00e1zal\u00e9kos emelked\u00e9s ut\u00e1n. A n\u00f6veked\u00e9sben a j\u00e1rm\u0171gy\u00e1rt\u00e1s \u00e9s a hozz\u00e1 kapcsol\u00f3d\u00f3 besz\u00e1ll\u00edt\u00f3i \u00e1gazatok mellett az \u00e9lelmiszeripar elad\u00e1sai j\u00e1tszottak szerepet &#8211; f\u0171zte hozz\u00e1 a KSH. A szezon\u00e1lisan kiigaz\u00edtott havi mutat\u00f3 az ipari termel\u00e9s 0,5 sz\u00e1zal\u00e9kos cs\u00f6kken\u00e9s\u00e9t jelzi a szeptember havi 1,8 sz\u00e1zal\u00e9kos n\u00f6veked\u00e9st k\u00f6vet\u0151en.<br \/>\nSuppan Gergely, a Takar\u00e9kBank senior elemz\u0151je szerint a r\u00e9szletes adatokb\u00f3l j\u00f3l l\u00e1tszik, hogy az ipari termel\u00e9s b\u0151v\u00fcl\u00e9s\u00e9ben a j\u00e1rm\u0171gy\u00e1rt\u00e1s kimagasl\u00f3 szerepet j\u00e1tszik. V\u00e9lem\u00e9nye szerint a j\u00e1rm\u0171gy\u00e1rt\u00e1s teljes\u00edtm\u00e9nye a k\u00f6vetkez\u0151 h\u00f3napokban tov\u00e1bb n\u00f6vekedhet, \u00e9s a kibocs\u00e1t\u00e1s el\u00e9rheti a 40 sz\u00e1zal\u00e9kot is. B\u00edztat\u00f3nak nevezte, hogy az \u00faj rendel\u00e9sek n\u00f6veked\u00e9se folytat\u00f3dott, a belf\u00f6ldi kereslet javul\u00e1sa egy\u00e9rtelm\u0171. Kiemelte, hogy az \u00faj belf\u00f6ldi rendel\u00e9sek t\u00f6bb mint 14 sz\u00e1zal\u00e9kkal n\u00f6vekedtek. Az \u00f6sszes ipari rendel\u00e9s\u00e1llom\u00e1ny 24 sz\u00e1zal\u00e9k k\u00f6r\u00fcli szintje pedig azt jelenti, hogy az iparban b\u0151ven van m\u00e9g tere a n\u00f6veked\u00e9snek &#8211; f\u0171zte hozz\u00e1. Az \u00e9v h\u00e1tral\u00e9v\u0151 r\u00e9sz\u00e9re a b\u00e1zishat\u00e1s miatt ak\u00e1r 7-8 sz\u00e1zal\u00e9kos n\u00f6veked\u00e9s j\u00f6het november-decemberben, ami a GDP n\u00f6veked\u00e9s\u00e9hez \u00e9rdemben hozz\u00e1j\u00e1rul majd.<br \/>\nK\u00f6z\u00f6lte: az ipar kimagasl\u00f3an j\u00f3 teljes\u00edtm\u00e9nye miatt 2013 utols\u00f3 negyed\u00e9v\u00e9re 2,8 sz\u00e1zal\u00e9kos GDP-n\u00f6veked\u00e9st v\u00e1rnak, m\u00edg az \u00e9v eg\u00e9sz\u00e9re 1,2 sz\u00e1zal\u00e9kot. Megjegyezte azt is, hogy m\u00edg eddig a mez\u0151gazdas\u00e1g j\u00f3 teljes\u00edtm\u00e9nye miatt b\u0151v\u00fclt a gazdas\u00e1g teljes\u00edtm\u00e9nye, az utols\u00f3 negyed\u00e9vben m\u00e1r d\u00f6nt\u0151en az ipari termel\u00e9s fogja h\u00fazni a gazdas\u00e1got. R\u00e1mutatott arra is, hogy fordulat k\u00f6vetkezett be a belf\u00f6ldi \u00e9rt\u00e9kes\u00edt\u00e9sben is, az ipari termel\u00e9s egyre sz\u00e9lesebb b\u00e1zison nyugszik. Suppan Gergely b\u00edztat\u00f3nak nevezte azt is, hogy az eur\u00f3pai \u00e9s a n\u00e9met konjunkt\u00faramutat\u00f3k a kil\u00e1bal\u00e1s ir\u00e1ny\u00e1ba mutatnak, \u00edgy a k\u00fcls\u0151 kereslet \u00e9l\u00e9nk\u00fcl\u00e9se v\u00e1rhat\u00f3. Az elemz\u0151 2014-ben az iparban 6 sz\u00e1zal\u00e9kot meghalad\u00f3 n\u00f6veked\u00e9sre sz\u00e1m\u00edt.<br \/>\nBalatoni Andr\u00e1s, az ING Bank vezet\u0151 elemz\u0151je szerint az ipari termel\u00e9s n\u00f6vekv\u0151 trendje egy\u00e9rtelm\u0171, a havi megtorpan\u00e1s &#8211; a massz\u00edv szeptemberi n\u00f6veked\u00e9st k\u00f6vet\u0151en havi b\u00e1zison m\u00e9rt 0,5 sz\u00e1zal\u00e9kos okt\u00f3beri cs\u00f6kken\u00e9s &#8211; csak ideiglenes. Az ipari konjunkt\u00fara tov\u00e1bbi javul\u00e1s\u00e1t t\u00e1masztja al\u00e1 az \u00faj rendel\u00e9sek emelked\u00e9se is. \u00d6sszess\u00e9g\u00e9ben az okt\u00f3ber v\u00e9gi rendel\u00e9s\u00e1llom\u00e1ny 23,4 sz\u00e1zal\u00e9kkal haladta meg az egy \u00e9vvel kor\u00e1bbit &#8211; emelte ki az MTI-hez eljuttatott \u00edr\u00e1sos elemz\u00e9s\u00e9ben az ING Bank vezet\u0151 elemz\u0151je.<br \/>\nAz \u00e1gazat bizalmi indexei tov\u00e1bb javultak, k\u00fcl\u00f6n\u00f6sen a j\u00f6v\u0151re vonatkoz\u00f3 v\u00e1rakoz\u00e1sok tekintet\u00e9ben jelent\u0151s az optimizmus emelked\u00e9se.<br \/>\nAz el\u0151rejelz\u00e9st tekintve nagy kock\u00e1zatot hordoz mag\u00e1ban, hogy az idei \u00e9vben is lesznek-e a 2009 \u00f3ta jellemz\u0151, hosszabb gy\u00e1rbez\u00e1r\u00e1sok az \u00fcnnepek alkalm\u00e1b\u00f3l, mutatott r\u00e1 Balatoni Andr\u00e1s. Ezek jelent\u0151s m\u00e9rt\u00e9kben befoly\u00e1solhatj\u00e1k (mink\u00e9t ir\u00e1nyba) az \u00e9v\/\u00e9v indexeket, m\u00edg a havi n\u00f6veked\u00e9si sz\u00e1mokat csak rontani tudj\u00e1k. Mivel az ipari kibocs\u00e1t\u00e1s egy jelent\u0151s felfut\u00e1s els\u0151 szakasz\u00e1ban van, ez\u00e9rt lehets\u00e9ges, hogy a konjunkt\u00fara szigor\u00fabb munkarendet k\u00f6vetelhet meg a v\u00e1llalatokt\u00f3l. \u00d6sszess\u00e9g\u00e9ben az idei \u00e9vben 2,0,\u00a0\u00a0m\u00edg j\u00f6v\u0151re 5,5 sz\u00e1zal\u00e9kos ipari n\u00f6veked\u00e9sre sz\u00e1m\u00edt az ING Bank.<br \/>\nAz NGM k\u00f6zlem\u00e9nye szerint a 6 sz\u00e1zal\u00e9kos okt\u00f3beri n\u00f6veked\u00e9ssel Magyarorsz\u00e1g a harmadik legnagyobb m\u00e9rt\u00e9k\u0171 ipari n\u00f6veked\u00e9st \u00e9rte el az Eur\u00f3pai Uni\u00f3ban, \u00c9sztorsz\u00e1g \u00e9s Csehorsz\u00e1g ut\u00e1n. Mint \u00edrt\u00e1k, az ipari termel\u00e9s h\u00f3napok \u00f3ta tart\u00f3 folyamatos n\u00f6veked\u00e9se illeszkedik a korm\u00e1ny \u00fajraiparos\u00edt\u00e1si t\u00f6rekv\u00e9seihez, amely a termel\u0151szektor meger\u0151s\u00edt\u00e9s\u00e9vel, akt\u00edv iparpolitik\u00e1val k\u00edv\u00e1nja a magyar gazdas\u00e1g j\u00f3 teljes\u00edtm\u00e9ny\u00e9t tart\u00f3san fenntartani.(MTI)<\/p>\n","protected":false},"excerpt":{"rendered":"<p>Van tere az ipari termel\u00e9s b\u0151v\u00fcl\u00e9s\u00e9nek az MTI \u00e1ltal p\u00e9nteken megk\u00e9rdezett elemz\u0151k szerint, akik az utols\u00f3 negyed\u00e9vben a n\u00f6veked\u00e9s tov\u00e1bbi gyorsul\u00e1s\u00e1ra sz\u00e1m\u00edtanak. A Nemzetgazdas\u00e1gi Miniszt\u00e9rium (NGM) azt emelte ki, hogy Magyarorsz\u00e1g ipari teljes\u00edtm\u00e9nye az Eur\u00f3pai Uni\u00f3 legjobbjai k\u00f6z\u00f6tt van.<\/p>\n","protected":false},"author":1,"featured_media":0,"comment_status":"open","ping_status":"closed","sticky":false,"template":"","format":"standard","meta":[],"categories":[19],"tags":[],"_links":{"self":[{"href":"https:\/\/gazdasagportal.hu\/index.php\/wp-json\/wp\/v2\/posts\/23380"}],"collection":[{"href":"https:\/\/gazdasagportal.hu\/index.php\/wp-json\/wp\/v2\/posts"}],"about":[{"href":"https:\/\/gazdasagportal.hu\/index.php\/wp-json\/wp\/v2\/types\/post"}],"author":[{"embeddable":true,"href":"https:\/\/gazdasagportal.hu\/index.php\/wp-json\/wp\/v2\/users\/1"}],"replies":[{"embeddable":true,"href":"https:\/\/gazdasagportal.hu\/index.php\/wp-json\/wp\/v2\/comments?post=23380"}],"version-history":[{"count":1,"href":"https:\/\/gazdasagportal.hu\/index.php\/wp-json\/wp\/v2\/posts\/23380\/revisions"}],"predecessor-version":[{"id":23381,"href":"https:\/\/gazdasagportal.hu\/index.php\/wp-json\/wp\/v2\/posts\/23380\/revisions\/23381"}],"wp:attachment":[{"href":"https:\/\/gazdasagportal.hu\/index.php\/wp-json\/wp\/v2\/media?parent=23380"}],"wp:term":[{"taxonomy":"category","embeddable":true,"href":"https:\/\/gazdasagportal.hu\/index.php\/wp-json\/wp\/v2\/categories?post=23380"},{"taxonomy":"post_tag","embeddable":true,"href":"https:\/\/gazdasagportal.hu\/index.php\/wp-json\/wp\/v2\/tags?post=23380"}],"curies":[{"name":"wp","href":"https:\/\/api.w.org\/{rel}","templated":true}]}}