{"id":2338,"date":"2013-02-07T13:03:08","date_gmt":"2013-02-07T12:03:08","guid":{"rendered":"http:\/\/stockportal.hu\/?p=2338"},"modified":"2013-02-07T13:03:08","modified_gmt":"2013-02-07T12:03:08","slug":"del-koreai-vezerkari-fonok-szukseg-eseten-megelozo-csapast-mernek-eszak-koreara","status":"publish","type":"post","link":"https:\/\/gazdasagportal.hu\/index.php\/del-koreai-vezerkari-fonok-szukseg-eseten-megelozo-csapast-mernek-eszak-koreara\/","title":{"rendered":"D\u00e9l-koreai vez\u00e9rkari f\u0151n\u00f6k: sz\u00fcks\u00e9g eset\u00e9n megel\u0151z\u0151 csap\u00e1st m\u00e9rnek \u00c9szak-Kore\u00e1ra"},"content":{"rendered":"<p><strong>A d\u00e9l-koreai hadsereg k\u00e9sz megel\u0151z\u0151 csap\u00e1st m\u00e9rni \u00c9szak-Kore\u00e1ra egy h\u00e1bor\u00fa kirobbant\u00e1s\u00e1nak vesz\u00e9lye mellett is, ha arra utal\u00f3 jeleket \u00e9szlel, hogy Phenjan be akarja vetni atomfegyvereit &#8211; k\u00f6z\u00f6lte Dzsung Szung Dzso d\u00e9l-koreai vez\u00e9rkari f\u0151n\u00f6k.<!--more--><\/strong><\/p>\n<p>&#8222;Ha \u00c9szak egy\u00e9rtelm\u0171 sz\u00e1nd\u00e9kot mutat az atomfegyverek bevet\u00e9s\u00e9re, akkor jobb elpuszt\u00edtani azokat, \u00e9s h\u00e1bor\u00faba menni, mintsem t\u00e1mad\u00e1s \u00e1ldozat\u00e1v\u00e1 v\u00e1lni&#8221; &#8211; fogalmazott Dzsung t\u00e1bornok cs\u00fct\u00f6rt\u00f6ki d\u00e9l-koreai \u00e9s jap\u00e1n sajt\u00f3h\u00edrek szerint.<br \/>\nA vez\u00e9rkari f\u0151n\u00f6k egy parlamenti bizotts\u00e1g el\u0151tt azt is elmondta, hogy a hadsereg \u00e9rtes\u00fcl\u00e9sei szerint \u00c9szak-Korea k\u00f6zel j\u00e1rhat hidrog\u00e9nbomba kifejleszt\u00e9s\u00e9hez. &#8222;Szak\u00e9rt\u0151k szerint a(z \u00e9szak-koreai) bomba egy l\u00e9p\u00e9sre van a hidrog\u00e9nbomb\u00e1t\u00f3l&#8221; &#8211; mondta.<br \/>\nKor\u00e1bbi h\u00edrek szerint Phenjan f\u00fazi\u00f3val feler\u0151s\u00edtett fisszi\u00f3s bomba tesztel\u00e9s\u00e9re k\u00e9sz\u00fcl. Ezzel az elj\u00e1r\u00e1ssal a fisszi\u00f3s bomba hat\u00e1sfoka ak\u00e1r k\u00e9tszeres\u00e9re is n\u00f6velhet\u0151, tov\u00e1bb\u00e1 a technol\u00f3gia kisebb \u00e9s k\u00f6nnyebb fegyverek kifejleszt\u00e9s\u00e9t teszi lehet\u0151v\u00e9.<br \/>\nMegfigyel\u0151k szerint a decemberben sikeres rak\u00e9tatesztet v\u00e9grehajt\u00f3 Phenjan egyre kisebb bomb\u00e1k elk\u00e9sz\u00edt\u00e9s\u00e9n f\u00e1radozik, hogy azokat k\u00e9pes legyen rak\u00e9t\u00e1kra szerelve c\u00e9lba juttatni. Az is felmer\u00fclt, hogy \u00c9szak-Korea egyszerre k\u00e9t bomb\u00e1t fog tesztelni, egy plut\u00f3niumot \u00e9s egy ur\u00e1nt tartalmaz\u00f3t.<br \/>\nH\u00edr\u00fcgyn\u00f6ks\u00e9gi \u00e9rtes\u00fcl\u00e9sek szerint Phenjan vagy a k\u00ednai \u00faj\u00e9vhez id\u0151z\u00edtve, febru\u00e1r 10-\u00e9n, vagy Kim Dzsong Il volt \u00e9szak-koreai vezet\u0151 sz\u00fclet\u00e9snapj\u00e1n, febru\u00e1r 16-\u00e1n fogja v\u00e9grehajtani kor\u00e1bban bejelentett k\u00eds\u00e9rleti atomrobbant\u00e1s\u00e1t. (MTI)<\/p>\n","protected":false},"excerpt":{"rendered":"<p>A d\u00e9l-koreai hadsereg k\u00e9sz megel\u0151z\u0151 csap\u00e1st m\u00e9rni \u00c9szak-Kore\u00e1ra egy h\u00e1bor\u00fa kirobbant\u00e1s\u00e1nak vesz\u00e9lye mellett is, ha arra utal\u00f3 jeleket \u00e9szlel, hogy Phenjan be akarja vetni atomfegyvereit &#8211; k\u00f6z\u00f6lte Dzsung Szung Dzso d\u00e9l-koreai vez\u00e9rkari f\u0151n\u00f6k.<\/p>\n","protected":false},"author":1,"featured_media":1347,"comment_status":"closed","ping_status":"closed","sticky":false,"template":"","format":"standard","meta":[],"categories":[14],"tags":[],"_links":{"self":[{"href":"https:\/\/gazdasagportal.hu\/index.php\/wp-json\/wp\/v2\/posts\/2338"}],"collection":[{"href":"https:\/\/gazdasagportal.hu\/index.php\/wp-json\/wp\/v2\/posts"}],"about":[{"href":"https:\/\/gazdasagportal.hu\/index.php\/wp-json\/wp\/v2\/types\/post"}],"author":[{"embeddable":true,"href":"https:\/\/gazdasagportal.hu\/index.php\/wp-json\/wp\/v2\/users\/1"}],"replies":[{"embeddable":true,"href":"https:\/\/gazdasagportal.hu\/index.php\/wp-json\/wp\/v2\/comments?post=2338"}],"version-history":[{"count":2,"href":"https:\/\/gazdasagportal.hu\/index.php\/wp-json\/wp\/v2\/posts\/2338\/revisions"}],"predecessor-version":[{"id":2340,"href":"https:\/\/gazdasagportal.hu\/index.php\/wp-json\/wp\/v2\/posts\/2338\/revisions\/2340"}],"wp:featuredmedia":[{"embeddable":true,"href":"https:\/\/gazdasagportal.hu\/index.php\/wp-json\/wp\/v2\/media\/1347"}],"wp:attachment":[{"href":"https:\/\/gazdasagportal.hu\/index.php\/wp-json\/wp\/v2\/media?parent=2338"}],"wp:term":[{"taxonomy":"category","embeddable":true,"href":"https:\/\/gazdasagportal.hu\/index.php\/wp-json\/wp\/v2\/categories?post=2338"},{"taxonomy":"post_tag","embeddable":true,"href":"https:\/\/gazdasagportal.hu\/index.php\/wp-json\/wp\/v2\/tags?post=2338"}],"curies":[{"name":"wp","href":"https:\/\/api.w.org\/{rel}","templated":true}]}}