{"id":23322,"date":"2013-12-13T05:57:32","date_gmt":"2013-12-13T04:57:32","guid":{"rendered":"http:\/\/stockportal.hu\/?p=23322"},"modified":"2013-12-12T21:00:34","modified_gmt":"2013-12-12T20:00:34","slug":"ukrajna-eu-arbuzov-ukrajna-hamarosan-alairja-a-tarsulasi-megallapodast","status":"publish","type":"post","link":"https:\/\/gazdasagportal.hu\/index.php\/ukrajna-eu-arbuzov-ukrajna-hamarosan-alairja-a-tarsulasi-megallapodast\/","title":{"rendered":"Ukrajna-EU &#8211; Arbuzov: Ukrajna hamarosan al\u00e1\u00edrja a t\u00e1rsul\u00e1si meg\u00e1llapod\u00e1st"},"content":{"rendered":"<p><strong>Ukrajna hamarosan al\u00e1\u00edrja a t\u00e1rsul\u00e1si meg\u00e1llapod\u00e1st az Eur\u00f3pai Uni\u00f3val &#8211; jelentette ki cs\u00fct\u00f6rt\u00f6k\u00f6n Br\u00fcsszelben Szerhij Arbuzov ukr\u00e1n minisztereln\u00f6k-helyettes, miut\u00e1n megbesz\u00e9l\u00e9seket folytatott Stefan F\u00fcle szomsz\u00e9ds\u00e1gpolitikai biztossal.<!--more--><\/strong><\/p>\n<p>&#8222;R\u00e9sz\u00fcnkr\u0151l megvan a politikai akarat&#8221; &#8211; jelentette ki Arbuzov, kit\u00e9rve viszont a konkr\u00e9t v\u00e1lasz el\u0151l arra a k\u00e9rd\u00e9sre, hogy mikor \u00edrhatj\u00e1k al\u00e1 a dokumentumot. Majd ha minden nyitott k\u00e9rd\u00e9st siker\u00fcl tiszt\u00e1zni &#8211; v\u00e1laszolt az ukr\u00e1n politikus, aki ugyanakkor k\u00f6z\u00f6lte: b\u00edzik abban, hogy sikeres lesz a k\u00f6z\u00f6s munka az uni\u00f3val a t\u00e1rsul\u00e1si meg\u00e1llapod\u00e1s megval\u00f3s\u00edt\u00e1s\u00e1val kapcsolatos nyitott k\u00e9rd\u00e9sek tiszt\u00e1z\u00e1s\u00e1ra, amelyek k\u00f6z\u00f6tt els\u0151sorban a kereskedelmi term\u00e9szet\u0171 \u00fcgyek rendez\u00e9s\u00e9t tartotta sz\u00fcks\u00e9gesnek.<br \/>\n&#8222;Eur\u00f3pa ism\u00e9t meger\u0151s\u00edtette, hogy az ajt\u00f3 tov\u00e1bbra is nyitva \u00e1ll Ukrajna el\u0151tt, az ukr\u00e1n korm\u00e1ny pedig ism\u00e9t meger\u0151s\u00edtette, hogy elk\u00f6telezett az eur\u00f3pai integr\u00e1ci\u00f3s folyamat mellett&#8221; &#8211; hangoztatta a politikus.<br \/>\nStefan F\u00fcle k\u00f6z\u00f6lte: a t\u00f6bb mint h\u00e1rom\u00f3r\u00e1s megbesz\u00e9l\u00e9sen megegyeztek abban, hogy \u00fatitervet k\u00e9sz\u00edtenek a t\u00e1rsul\u00e1si egyezm\u00e9ny megval\u00f3s\u00edt\u00e1s\u00e1hoz, valamint az EU seg\u00edts\u00e9get ny\u00fajt Ukrajn\u00e1nak, hogy teljes\u00edtse az IMF-meg\u00e1llapod\u00e1shoz sz\u00fcks\u00e9ges felt\u00e9teleket. K\u00e9toldal\u00fa egyeztet\u00e9st kezdenek, hogy azonos\u00edts\u00e1k a megval\u00f3s\u00edt\u00e1ssal kapcsolatos minden probl\u00e9m\u00e1t &#8211; k\u00f6z\u00f6lte F\u00fcle, aki szerint az ut\u00f3bbi napokban t\u00falzott sz\u00e1mokat lehetett hallani arr\u00f3l, hogy milyen k\u00f6lts\u00e9gekkel j\u00e1rna Ukrajna sz\u00e1m\u00e1ra az egyezm\u00e9ny megval\u00f3s\u00edt\u00e1sa. Ezek a sz\u00e1mok nem a t\u00e9nyeken alapulnak, alaptalanok &#8211; h\u00fazta al\u00e1 F\u00fcle.<br \/>\n&#8222;Az \u00fczenet\u00fcnk az, hogy a t\u00e1rsul\u00e1si meg\u00e1llapod\u00e1s a mi aj\u00e1nlatunk Ukrajna \u00e9s n\u00e9pe sz\u00e1m\u00e1ra. Ez az aj\u00e1nlat tov\u00e1bbra is \u00e9rv\u00e9nyes, az EU k\u00e9szen \u00e1ll, hogy al\u00e1\u00edrja, amint az ukr\u00e1n hat\u00f3s\u00e1gok is k\u00e9szen \u00e1llnak erre, \u00e9s elk\u00f6telezetts\u00e9g\u00fcket tettekkel bizony\u00edtj\u00e1k&#8221; &#8211; sz\u00f6gezte le a cseh biztos.<br \/>\nF\u00fcle al\u00e1h\u00fazta, hogy az EU k\u00e9szen \u00e1ll, hogy a t\u00e1rsul\u00e1si meg\u00e1llapod\u00e1st alapj\u00e1n seg\u00edts\u00e9get ny\u00fajtson Ukrajn\u00e1nak a moderniz\u00e1ci\u00f3hoz. Ennek \u00e9rdek\u00e9ben az EU az IMF \u00e1ltal ny\u00fajtand\u00f3 k\u00f6lcs\u00f6nt is hajland\u00f3 kieg\u00e9sz\u00edteni &#8211; mondta.<br \/>\nA szomsz\u00e9ds\u00e1gpolitik\u00e1\u00e9rt felel\u0151s biztos mindazon\u00e1ltal al\u00e1h\u00fazta, hogy sz\u00e1mokr\u00f3l, \u00f6sszegekr\u0151l nem esett sz\u00f3 a megbesz\u00e9l\u00e9seken, \u00e1m vil\u00e1goss\u00e1 tett\u00e9k az ukr\u00e1n f\u00e9l sz\u00e1m\u00e1ra, hogy most is az EU seg\u00edti a legink\u00e1bb Ukrajn\u00e1t, a t\u00e1mogat\u00e1s pedig &#8222;csak egyre nagyobb \u00e9s nagyobb&#8221; lesz a Br\u00fcsszelben csak &#8222;t\u00f6bb\u00e9rt t\u00f6bbet&#8221;-elvnek nevezett megfontol\u00e1s \u00e9rtelm\u00e9ben, ami azt jelenti, hogy Br\u00fcsszel min\u00e9l t\u00f6bb gazdas\u00e1gi \u00e9s politikai el\u0151rel\u00e9p\u00e9st, reformot l\u00e1t, ann\u00e1l t\u00f6bb seg\u00edts\u00e9get hajland\u00f3 ny\u00fajtani partnereinek.(MTI)<\/p>\n","protected":false},"excerpt":{"rendered":"<p>Ukrajna hamarosan al\u00e1\u00edrja a t\u00e1rsul\u00e1si meg\u00e1llapod\u00e1st az Eur\u00f3pai Uni\u00f3val &#8211; jelentette ki cs\u00fct\u00f6rt\u00f6k\u00f6n Br\u00fcsszelben Szerhij Arbuzov ukr\u00e1n minisztereln\u00f6k-helyettes, miut\u00e1n megbesz\u00e9l\u00e9seket folytatott Stefan F\u00fcle szomsz\u00e9ds\u00e1gpolitikai biztossal.<\/p>\n","protected":false},"author":1,"featured_media":0,"comment_status":"open","ping_status":"closed","sticky":false,"template":"","format":"standard","meta":[],"categories":[12],"tags":[],"_links":{"self":[{"href":"https:\/\/gazdasagportal.hu\/index.php\/wp-json\/wp\/v2\/posts\/23322"}],"collection":[{"href":"https:\/\/gazdasagportal.hu\/index.php\/wp-json\/wp\/v2\/posts"}],"about":[{"href":"https:\/\/gazdasagportal.hu\/index.php\/wp-json\/wp\/v2\/types\/post"}],"author":[{"embeddable":true,"href":"https:\/\/gazdasagportal.hu\/index.php\/wp-json\/wp\/v2\/users\/1"}],"replies":[{"embeddable":true,"href":"https:\/\/gazdasagportal.hu\/index.php\/wp-json\/wp\/v2\/comments?post=23322"}],"version-history":[{"count":1,"href":"https:\/\/gazdasagportal.hu\/index.php\/wp-json\/wp\/v2\/posts\/23322\/revisions"}],"predecessor-version":[{"id":23323,"href":"https:\/\/gazdasagportal.hu\/index.php\/wp-json\/wp\/v2\/posts\/23322\/revisions\/23323"}],"wp:attachment":[{"href":"https:\/\/gazdasagportal.hu\/index.php\/wp-json\/wp\/v2\/media?parent=23322"}],"wp:term":[{"taxonomy":"category","embeddable":true,"href":"https:\/\/gazdasagportal.hu\/index.php\/wp-json\/wp\/v2\/categories?post=23322"},{"taxonomy":"post_tag","embeddable":true,"href":"https:\/\/gazdasagportal.hu\/index.php\/wp-json\/wp\/v2\/tags?post=23322"}],"curies":[{"name":"wp","href":"https:\/\/api.w.org\/{rel}","templated":true}]}}