{"id":23317,"date":"2013-12-12T19:48:00","date_gmt":"2013-12-12T18:48:00","guid":{"rendered":"http:\/\/stockportal.hu\/?p=23317"},"modified":"2013-12-12T18:28:51","modified_gmt":"2013-12-12T17:28:51","slug":"profession-hu-optimistabbak-de-szelsosegesebben-is-latjak-a-jovot-a-magyar-cegek","status":"publish","type":"post","link":"https:\/\/gazdasagportal.hu\/index.php\/profession-hu-optimistabbak-de-szelsosegesebben-is-latjak-a-jovot-a-magyar-cegek\/","title":{"rendered":"Profession.hu: optimist\u00e1bbak, de sz\u00e9ls\u0151s\u00e9gesebben is l\u00e1tj\u00e1k a j\u00f6v\u0151t a magyar c\u00e9gek"},"content":{"rendered":"<p><strong>Optimist\u00e1bbak, de sz\u00e9ls\u0151s\u00e9gesebben is l\u00e1tj\u00e1k a j\u00f6v\u0151t a magyar c\u00e9gek, ugyanis t\u00edzb\u0151l h\u00e9t szem\u00e9lyzeti tan\u00e1csad\u00f3 \u00e9s minden m\u00e1sodik nem szem\u00e9lyzeti tan\u00e1csad\u00f3 c\u00e9g v\u00e9li \u00fagy, hogy megb\u00edz\u00e1saik sz\u00e1ma \u00e9s l\u00e9tsz\u00e1muk n\u00f6vekedni fog a j\u00f6v\u0151ben &#8211; der\u00fcl ki a Profession.hu legfrissebb piaci hangulatkutat\u00e1s\u00e1b\u00f3l.<!--more--><\/strong><\/p>\n<p>A k\u00f6zlem\u00e9ny szerint a magyar c\u00e9gek alapvet\u0151en optimist\u00e1n l\u00e1tj\u00e1k a k\u00f6vetkez\u0151 \u00fczleti \u00e9vet, de a negat\u00edv j\u00f6v\u0151k\u00e9pek sz\u00e1ma is n\u0151tt. A Profession.hu felm\u00e9r\u00e9se alapj\u00e1n a magyar v\u00e1llalatok vezet\u0151i \u00e9s szem\u00e9lyzeti tan\u00e1csad\u00f3i bizakod\u00f3ak c\u00e9g\u00fck j\u00f6v\u0151j\u00e9t illet\u0151en. A piaci hangulatra vonatkoz\u00f3 kutat\u00e1s szerint a szektorban v\u00e9gbemen\u0151 v\u00e1ltoz\u00e1sok a megk\u00e9rdezettek szerint \u00f6sszess\u00e9g\u00e9ben pozit\u00edv ir\u00e1nyba mutatnak.<br \/>\nA v\u00e1laszad\u00f3k 67 sz\u00e1zal\u00e9ka szerint a k\u00f6vetkez\u0151 \u00fczleti \u00e9vben a c\u00e9g\u00fckh\u00f6z be\u00e9rkez\u0151 megb\u00edz\u00e1sok sz\u00e1ma n\u00f6vekedni fog, 27 sz\u00e1zal\u00e9kuk v\u00e9lekedik \u00fagy, hogy v\u00e1ltozatlan marad. A 2011-es adatokhoz k\u00e9pest 19 sz\u00e1zal\u00e9kr\u00f3l 0 sz\u00e1zal\u00e9kra cs\u00f6kkent azok ar\u00e1nya, akik nem foglaltak \u00e1ll\u00e1st a j\u00f6v\u0151t illet\u0151en. Ugyanakkor, az el\u0151z\u0151 \u00e9vekhez k\u00e9pest mark\u00e1nsan &#8211; 7 sz\u00e1zal\u00e9kkal &#8211; n\u0151tt azon v\u00e1laszad\u00f3k sz\u00e1ma, akik szerint cs\u00f6kken\u00e9s v\u00e1rhat\u00f3 mind a megb\u00edz\u00e1sok, mind a l\u00e9tsz\u00e1m tekintet\u00e9ben.<br \/>\nA megk\u00e9rdezettek 53 sz\u00e1zal\u00e9ka szerint a j\u00f6v\u0151ben n\u00f6veked\u00e9sre lehet sz\u00e1m\u00edtani a munkaer\u0151 piacon, 30 sz\u00e1zal\u00e9kuk szerint nem v\u00e1rhat\u00f3 v\u00e1ltoz\u00e1s \u00e9s csup\u00e1n 5 sz\u00e1zal\u00e9kuk gondolja azt, hogy elbocs\u00e1t\u00e1sok v\u00e1rhat\u00f3k.<br \/>\nA felm\u00e9r\u00e9sb\u0151l az is kider\u00fcl, hogy a magyar v\u00e1llalatok kev\u00e9sb\u00e9 vannak tiszt\u00e1ban konkurenseik j\u00f6v\u0151beni lehet\u0151s\u00e9geivel. A megk\u00e9rdezett vezet\u0151k nem tudt\u00e1k megmondani, hogy a piac t\u00f6bbi szerepl\u0151j\u00e9nek c\u00e9gl\u00e9tsz\u00e1ma, piaci r\u00e9szesed\u00e9se hogyan fog v\u00e1ltozni.<br \/>\nA kutat\u00e1s sor\u00e1n a v\u00e1laszad\u00f3k 40 sz\u00e1zal\u00e9ka 50-250 k\u00f6z\u00f6tti f\u0151t foglalkoztat\u00f3 c\u00e9g munkat\u00e1rsa, tov\u00e1bbi 40 sz\u00e1zal\u00e9kuk 250 f\u0151 f\u00f6l\u00f6tti l\u00e9tsz\u00e1mmal b\u00edr\u00f3 nagyv\u00e1llalat munkat\u00e1rsa volt. A megk\u00e9rdezettek jellemz\u0151en a HR munkat\u00e1rsak, fels\u0151- \u00e9s k\u00f6z\u00e9pvezet\u0151k k\u00f6r\u00e9b\u0151l ker\u00fcltek ki &#8211; tartalmazza a k\u00f6zlem\u00e9ny.(MTI)<\/p>\n","protected":false},"excerpt":{"rendered":"<p>Optimist\u00e1bbak, de sz\u00e9ls\u0151s\u00e9gesebben is l\u00e1tj\u00e1k a j\u00f6v\u0151t a magyar c\u00e9gek, ugyanis t\u00edzb\u0151l h\u00e9t szem\u00e9lyzeti tan\u00e1csad\u00f3 \u00e9s minden m\u00e1sodik nem szem\u00e9lyzeti tan\u00e1csad\u00f3 c\u00e9g v\u00e9li \u00fagy, hogy megb\u00edz\u00e1saik sz\u00e1ma \u00e9s l\u00e9tsz\u00e1muk n\u00f6vekedni fog a j\u00f6v\u0151ben &#8211; der\u00fcl ki a Profession.hu legfrissebb piaci hangulatkutat\u00e1s\u00e1b\u00f3l.<\/p>\n","protected":false},"author":1,"featured_media":0,"comment_status":"open","ping_status":"closed","sticky":false,"template":"","format":"standard","meta":[],"categories":[19],"tags":[],"_links":{"self":[{"href":"https:\/\/gazdasagportal.hu\/index.php\/wp-json\/wp\/v2\/posts\/23317"}],"collection":[{"href":"https:\/\/gazdasagportal.hu\/index.php\/wp-json\/wp\/v2\/posts"}],"about":[{"href":"https:\/\/gazdasagportal.hu\/index.php\/wp-json\/wp\/v2\/types\/post"}],"author":[{"embeddable":true,"href":"https:\/\/gazdasagportal.hu\/index.php\/wp-json\/wp\/v2\/users\/1"}],"replies":[{"embeddable":true,"href":"https:\/\/gazdasagportal.hu\/index.php\/wp-json\/wp\/v2\/comments?post=23317"}],"version-history":[{"count":1,"href":"https:\/\/gazdasagportal.hu\/index.php\/wp-json\/wp\/v2\/posts\/23317\/revisions"}],"predecessor-version":[{"id":23318,"href":"https:\/\/gazdasagportal.hu\/index.php\/wp-json\/wp\/v2\/posts\/23317\/revisions\/23318"}],"wp:attachment":[{"href":"https:\/\/gazdasagportal.hu\/index.php\/wp-json\/wp\/v2\/media?parent=23317"}],"wp:term":[{"taxonomy":"category","embeddable":true,"href":"https:\/\/gazdasagportal.hu\/index.php\/wp-json\/wp\/v2\/categories?post=23317"},{"taxonomy":"post_tag","embeddable":true,"href":"https:\/\/gazdasagportal.hu\/index.php\/wp-json\/wp\/v2\/tags?post=23317"}],"curies":[{"name":"wp","href":"https:\/\/api.w.org\/{rel}","templated":true}]}}