{"id":23309,"date":"2013-12-12T18:59:47","date_gmt":"2013-12-12T17:59:47","guid":{"rendered":"http:\/\/stockportal.hu\/?p=23309"},"modified":"2013-12-12T17:00:31","modified_gmt":"2013-12-12T16:00:31","slug":"pelczne-az-europai-kozponti-bank-tevekenyseget-meltatta","status":"publish","type":"post","link":"https:\/\/gazdasagportal.hu\/index.php\/pelczne-az-europai-kozponti-bank-tevekenyseget-meltatta\/","title":{"rendered":"Pelczn\u00e9 az Eur\u00f3pai K\u00f6zponti Bank tev\u00e9kenys\u00e9g\u00e9t m\u00e9ltatta"},"content":{"rendered":"<p><strong>Az Eur\u00f3pai K\u00f6zponti Bank (EKB) tavalyi \u00e9rt\u00e9kpap\u00edrpiaci programj\u00e1t, valamint a frankfurti uni\u00f3s jegybank hossz\u00fa t\u00e1v\u00fa refinansz\u00edroz\u00e1si (LTRO) \u00e9s ny\u00edltpiaci m\u0171veleteit (OMT) m\u00e9ltatta cs\u00fct\u00f6rt\u00f6k\u00f6n az Eur\u00f3pai Parlamentben (EP) Pelczn\u00e9 G\u00e1ll Ildik\u00f3, a Fidesz EP-k\u00e9pvisel\u0151je, aki az EKB tavalyi tev\u00e9kenys\u00e9g\u00e9r\u0151l sz\u00f3l\u00f3 jelent\u00e9s t\u00e9mafelel\u0151se volt az Eur\u00f3pai N\u00e9pp\u00e1rt r\u00e9sz\u00e9r\u0151l.<!--more--><\/strong><\/p>\n<p>El\u0151bbit az \u00e1llamad\u00f3ss\u00e1g kezel\u00e9s\u00e9nek megk\u00f6nny\u00edt\u00e9se miatt emelte ki a fideszes politikus, m\u00edg ut\u00f3bbiak n\u00e9lk\u00fcl szerinte sokkal nagyobb \u00e1rfolyammozg\u00e1sok lettek volna Eur\u00f3p\u00e1ban.<br \/>\nUgyanakkor Pelczn\u00e9 felh\u00edvta az EKB figyelm\u00e9t, hogy amint cs\u00f6kken a fesz\u00fclts\u00e9g a bankszektorban, valamint ha az infl\u00e1ci\u00f3ra vonatkoz\u00f3 gazd\u00e1s\u00e1gi mutat\u00f3k ezt lehet\u0151v\u00e9 teszik, kezdje meg ezen egyszeri p\u00e9nzpiaci m\u0171veletek kivezet\u00e9s\u00e9t.<br \/>\nA Fidesz EP-k\u00e9pvisel\u0151je kifejtette: egyet\u00e9rt a bankuni\u00f3 bevezet\u00e9s\u00e9nek fontoss\u00e1g\u00e1val, amelynek szerinte j\u00f3l kell t\u00fckr\u00f6znie a nemzeti bankszektoron bel\u00fcli soksz\u00edn\u0171s\u00e9get. R\u00e1mutatott azonban, hogy megfelel\u0151en el kell v\u00e1lasztani a fel\u00fcgyeleti feladatokat a bank monet\u00e1ris tev\u00e9kenys\u00e9g\u00e9t\u0151l. Kiemelte, \u00fagy l\u00e1tja, hogy a jelenlegi bankuni\u00f3 m\u00e9g nagyon t\u00f6r\u00e9keny, sok nyitott k\u00e9rd\u00e9s \u00e9s akad\u00e1ly v\u00e1r m\u00e9g megold\u00e1sra a hat\u00e9kony m\u0171k\u00f6d\u00e9sig.<br \/>\nA fideszes politikus amiatt is \u00f6r\u00f6m\u00e9t fejezte ki, hogy az elm\u00falt \u00e9vekhez hasonl\u00f3an az ez \u00e9vi jelent\u00e9sben is ragaszkodtak annak az uni\u00f3s szerz\u0151d\u00e9sekben is vil\u00e1gosan r\u00f6gz\u00edtett t\u00e9nynek a lefektet\u00e9s\u00e9hez, hogy a k\u00f6zponti bank egyetlen \u00e9s f\u0151 szerepe az \u00e1rfolyam, a k\u00f6z\u00f6s valuta, az eur\u00f3 stabilit\u00e1s\u00e1nak meg\u0151rz\u00e9se.(MTI)<\/p>\n","protected":false},"excerpt":{"rendered":"<p>Az Eur\u00f3pai K\u00f6zponti Bank (EKB) tavalyi \u00e9rt\u00e9kpap\u00edrpiaci programj\u00e1t, valamint a frankfurti uni\u00f3s jegybank hossz\u00fa t\u00e1v\u00fa refinansz\u00edroz\u00e1si (LTRO) \u00e9s ny\u00edltpiaci m\u0171veleteit (OMT) m\u00e9ltatta cs\u00fct\u00f6rt\u00f6k\u00f6n az Eur\u00f3pai Parlamentben (EP) Pelczn\u00e9 G\u00e1ll Ildik\u00f3, a Fidesz EP-k\u00e9pvisel\u0151je, aki az EKB tavalyi tev\u00e9kenys\u00e9g\u00e9r\u0151l sz\u00f3l\u00f3 jelent\u00e9s t\u00e9mafelel\u0151se volt az Eur\u00f3pai N\u00e9pp\u00e1rt r\u00e9sz\u00e9r\u0151l.<\/p>\n","protected":false},"author":1,"featured_media":0,"comment_status":"open","ping_status":"closed","sticky":false,"template":"","format":"standard","meta":[],"categories":[19],"tags":[],"_links":{"self":[{"href":"https:\/\/gazdasagportal.hu\/index.php\/wp-json\/wp\/v2\/posts\/23309"}],"collection":[{"href":"https:\/\/gazdasagportal.hu\/index.php\/wp-json\/wp\/v2\/posts"}],"about":[{"href":"https:\/\/gazdasagportal.hu\/index.php\/wp-json\/wp\/v2\/types\/post"}],"author":[{"embeddable":true,"href":"https:\/\/gazdasagportal.hu\/index.php\/wp-json\/wp\/v2\/users\/1"}],"replies":[{"embeddable":true,"href":"https:\/\/gazdasagportal.hu\/index.php\/wp-json\/wp\/v2\/comments?post=23309"}],"version-history":[{"count":1,"href":"https:\/\/gazdasagportal.hu\/index.php\/wp-json\/wp\/v2\/posts\/23309\/revisions"}],"predecessor-version":[{"id":23310,"href":"https:\/\/gazdasagportal.hu\/index.php\/wp-json\/wp\/v2\/posts\/23309\/revisions\/23310"}],"wp:attachment":[{"href":"https:\/\/gazdasagportal.hu\/index.php\/wp-json\/wp\/v2\/media?parent=23309"}],"wp:term":[{"taxonomy":"category","embeddable":true,"href":"https:\/\/gazdasagportal.hu\/index.php\/wp-json\/wp\/v2\/categories?post=23309"},{"taxonomy":"post_tag","embeddable":true,"href":"https:\/\/gazdasagportal.hu\/index.php\/wp-json\/wp\/v2\/tags?post=23309"}],"curies":[{"name":"wp","href":"https:\/\/api.w.org\/{rel}","templated":true}]}}