{"id":23305,"date":"2013-12-12T16:40:42","date_gmt":"2013-12-12T15:40:42","guid":{"rendered":"http:\/\/stockportal.hu\/?p=23305"},"modified":"2013-12-12T16:40:42","modified_gmt":"2013-12-12T15:40:42","slug":"atadtak-az-ipari-parkok-versenykepessegi-dijait","status":"publish","type":"post","link":"https:\/\/gazdasagportal.hu\/index.php\/atadtak-az-ipari-parkok-versenykepessegi-dijait\/","title":{"rendered":"\u00c1tadt\u00e1k az ipari parkok versenyk\u00e9pess\u00e9gi d\u00edjait"},"content":{"rendered":"<p><strong>\u00c1tadt\u00e1k az Ipari Parkok Versenyk\u00e9pess\u00e9gi D\u00edj elnevez\u00e9s\u0171 elismer\u00e9seket cs\u00fct\u00f6rt\u00f6k\u00f6n Budapesten.<!--more--><\/strong><\/p>\n<p>A p\u00e1ly\u00e1zatot az Ipari-, Tudom\u00e1nyos-, Innov\u00e1ci\u00f3s- \u00e9s Technol\u00f3giai Parkok Egyes\u00fclet (IPE) hirdette meg az Iparfejleszt\u00e9si K\u00f6zalap\u00edtv\u00e1ny szakmai t\u00e1mogat\u00e1s\u00e1val az ipari parkok vonz\u00f3v\u00e1 t\u00e9tele mellett a versenyk\u00e9pess\u00e9g er\u0151s\u00edt\u00e9s\u00e9re.<br \/>\nA 2013-ban m\u00e1sodik alkalommal meghirdetett versenyk\u00e9pess\u00e9gi d\u00edjra t\u00edz p\u00e1ly\u00e1zat \u00e9rkezett, a f\u0151d\u00edjat a Buda\u00f6rsi Ipari Park nyerte, d\u00edjat kapott a vezet\u00e9s\u00e9rt, tudatoss\u00e1g\u00e9rt az Alba Ipari Z\u00f3na, a szoci\u00e1lis \u00e9rz\u00e9kenys\u00e9g\u00e9rt \u00e9s t\u00e1rsadalmi szerepv\u00e1llal\u00e1s\u00e9rt a V\u00e1ci Toperini Ipari Park, a befektet\u0151k\u00f6zpont\u00fas\u00e1g\u00e9rt pedig a Ny\u00edregyh\u00e1zi Ipari Park.<br \/>\nLenner \u00c1ron M\u00e1rk, a Nemzetgazdas\u00e1gi Miniszt\u00e9rium (NGM) belgazdas\u00e1g\u00e9rt felel\u0151s helyettes \u00e1llamtitk\u00e1ra k\u00f6sz\u00f6nt\u0151j\u00e9ben kiemelte: Magyarorsz\u00e1gon t\u00f6bb mint k\u00e9tsz\u00e1z ipari park m\u0171k\u00f6dik, elt\u00e9r\u0151 k\u00f6r\u00fclm\u00e9nyek k\u00f6z\u00f6tt, a p\u00e1ly\u00e1zaton indul\u00f3k j\u00f3l m\u0171k\u00f6dnek, region\u00e1lisan komoly szerep\u00fck van a foglalkoztat\u00e1sban, jelent\u0151s gazdas\u00e1gszervez\u0151 er\u0151t tudnak felmutatni.<br \/>\nA leg\u00fajabb szab\u00e1lyoz\u00e1s lehet\u0151v\u00e9 teszi a tudom\u00e1nyos \u00e9s technol\u00f3giai park c\u00edm elnyer\u00e9s\u00e9t is, amelyre a p\u00e1ly\u00e1zatot r\u00f6videsen ki\u00edrj\u00e1k &#8211; mondta a helyettes \u00e1llamtitk\u00e1r, aki szerint az ipari parkok szerepe a j\u00f6v\u0151ben m\u00e9g ink\u00e1bb fel\u00e9rt\u00e9kel\u0151dik, a betelep\u00fclt v\u00e1llalkoz\u00e1soknak ez el\u0151nyt jelenthet a p\u00e1ly\u00e1zatokn\u00e1l.<br \/>\nGreinstetter Bal\u00e1zs, a Nemzetgazdas\u00e1gi Miniszt\u00e9rium gazdas\u00e1gtervez\u00e9s\u00e9rt felel\u0151s helyettes \u00e1llamtitk\u00e1ra hangs\u00falyozta, hogy az ipari parkok meghat\u00e1roz\u00f3 szerepet t\u00f6ltenek be a n\u00f6veked\u00e9sben, a munkahelyteremt\u00e9sben. A t\u00f6bb mint k\u00e9tsz\u00e1z ipari parkban a legut\u00f3bbi adatok szerint n\u00e9gyezer v\u00e1llalkoz\u00e1s m\u0171k\u00f6d\u00f6tt, sz\u00e1znyolcvanezer munkav\u00e1llal\u00f3t foglalkoztattak, \u00e9s jelent\u0151s szerep\u00fck volt az exportban.(MTI)<\/p>\n","protected":false},"excerpt":{"rendered":"<p>\u00c1tadt\u00e1k az Ipari Parkok Versenyk\u00e9pess\u00e9gi D\u00edj elnevez\u00e9s\u0171 elismer\u00e9seket cs\u00fct\u00f6rt\u00f6k\u00f6n Budapesten.<\/p>\n","protected":false},"author":1,"featured_media":0,"comment_status":"open","ping_status":"closed","sticky":false,"template":"","format":"standard","meta":[],"categories":[19],"tags":[],"_links":{"self":[{"href":"https:\/\/gazdasagportal.hu\/index.php\/wp-json\/wp\/v2\/posts\/23305"}],"collection":[{"href":"https:\/\/gazdasagportal.hu\/index.php\/wp-json\/wp\/v2\/posts"}],"about":[{"href":"https:\/\/gazdasagportal.hu\/index.php\/wp-json\/wp\/v2\/types\/post"}],"author":[{"embeddable":true,"href":"https:\/\/gazdasagportal.hu\/index.php\/wp-json\/wp\/v2\/users\/1"}],"replies":[{"embeddable":true,"href":"https:\/\/gazdasagportal.hu\/index.php\/wp-json\/wp\/v2\/comments?post=23305"}],"version-history":[{"count":1,"href":"https:\/\/gazdasagportal.hu\/index.php\/wp-json\/wp\/v2\/posts\/23305\/revisions"}],"predecessor-version":[{"id":23306,"href":"https:\/\/gazdasagportal.hu\/index.php\/wp-json\/wp\/v2\/posts\/23305\/revisions\/23306"}],"wp:attachment":[{"href":"https:\/\/gazdasagportal.hu\/index.php\/wp-json\/wp\/v2\/media?parent=23305"}],"wp:term":[{"taxonomy":"category","embeddable":true,"href":"https:\/\/gazdasagportal.hu\/index.php\/wp-json\/wp\/v2\/categories?post=23305"},{"taxonomy":"post_tag","embeddable":true,"href":"https:\/\/gazdasagportal.hu\/index.php\/wp-json\/wp\/v2\/tags?post=23305"}],"curies":[{"name":"wp","href":"https:\/\/api.w.org\/{rel}","templated":true}]}}