{"id":23279,"date":"2013-12-12T11:33:31","date_gmt":"2013-12-12T10:33:31","guid":{"rendered":"http:\/\/stockportal.hu\/?p=23279"},"modified":"2013-12-12T11:33:31","modified_gmt":"2013-12-12T10:33:31","slug":"rezsicsokkentes-fidesz-szazmillios-birsagok-a-szolgaltatoknak-az-iden","status":"publish","type":"post","link":"https:\/\/gazdasagportal.hu\/index.php\/rezsicsokkentes-fidesz-szazmillios-birsagok-a-szolgaltatoknak-az-iden\/","title":{"rendered":"Rezsics\u00f6kkent\u00e9s &#8211; Fidesz: sz\u00e1zmilli\u00f3s b\u00edrs\u00e1gok a szolg\u00e1ltat\u00f3knak az id\u00e9n"},"content":{"rendered":"<p><strong>T\u00f6bb sz\u00e1z fogyaszt\u00f3v\u00e9delmi elj\u00e1r\u00e1s indult az id\u00e9n k\u00f6zm\u0171szolg\u00e1ltat\u00f3k ellen a rezsics\u00f6kkent\u00e9s elmulaszt\u00e1sa, hib\u00e1san kik\u00fcld\u00f6tt sz\u00e1ml\u00e1k \u00e9s a t\u00e1j\u00e9koztat\u00e1si k\u00f6telezetts\u00e9g megszeg\u00e9se miatt. A c\u00e9geket emiatt t\u00f6bb sz\u00e1z milli\u00f3s b\u00edrs\u00e1ggal s\u00fajtott\u00e1k &#8211; k\u00f6z\u00f6lte N\u00e9meth Szil\u00e1rd, a Fidesz rezsics\u00f6kkent\u00e9s\u00e9rt felel\u0151s k\u00e9pvisel\u0151je cs\u00fct\u00f6rt\u00f6ki budapesti sajt\u00f3t\u00e1j\u00e9koztat\u00f3j\u00e1n.<!--more--><\/strong><\/p>\n<p>Elmondta, hogy a sz\u00e1mlak\u00e9pre vonatkoz\u00f3 el\u0151\u00edr\u00e1sokat h\u00e9t szolg\u00e1ltat\u00f3 \u00f6sszesen nyolc esetben szegte meg az id\u00e9n. R\u00e1juk emiatt &#8211; a m\u00e1r joger\u0151s d\u00f6nt\u00e9s alapj\u00e1n &#8211; 56,5 milli\u00f3 forint b\u00fcntet\u00e9st szabtak ki.<br \/>\nN\u00e9meth Szil\u00e1rd felid\u00e9zte azt is: kilenc szolg\u00e1ltat\u00f3 \u00fcgy\u00e9ben els\u0151 fokon m\u00e1r lez\u00e1rult az elj\u00e1r\u00e1s amiatt, hogy a rezsics\u00f6kkent\u00e9sb\u0151l ered\u0151 megtakar\u00edt\u00e1sr\u00f3l nem adtak megfelel\u0151 t\u00e1j\u00e9koztat\u00e1st. Ha joger\u0151re emelkedik a d\u00f6nt\u00e9s, \u00f6sszesen 560 milli\u00f3 forint k\u00f6tb\u00e9rt kell kifizetni\u00fck.<br \/>\nK\u00f6z\u00f6lte tov\u00e1bb\u00e1, hogy a f\u00f6ldg\u00e1z- \u00e9s villamosenergia-szolg\u00e1ltat\u00e1ssal kapcsolatban janu\u00e1r 1-je \u00f3ta 872 egyedi bejelent\u00e9s is \u00e9rkezett, amelyb\u0151l 766 z\u00e1rult le b\u00fcntet\u00e9ssel, ezek \u00f6sszege \u00f6sszesen 330 milli\u00f3 forint volt.<br \/>\nH\u00e1rom szolg\u00e1ltat\u00f3 ellen az\u00e9rt indult vizsg\u00e1lat, mert nem hajtotta v\u00e9gre a rezsics\u00f6kkent\u00e9st. K\u00f6z\u00fcl\u00fck a &#8222;legh\u00edresebb&#8221; a Tig\u00e1z volt, amellyel azonban &#8211; a t\u00falsz\u00e1ml\u00e1z\u00e1sok visszafizet\u00e9s\u00e9vel &#8211; siker\u00fclt &#8222;b\u00e9k\u00e9sen&#8221; megoldani a probl\u00e9m\u00e1t, ugyanakkor m\u00e9g jelenleg is elj\u00e1r\u00e1s zajlik a Paksi Hullad\u00e9kgazd\u00e1lkod\u00e1si Kft. \u00e9s a Z\u00f6ld H\u00edd R\u00e9gi\u00f3 Kft. ellen &#8211; mondta a Fidesz szakpolitikusa.<br \/>\nA fogyaszt\u00f3v\u00e9delmi \u00fcgyek mellett N\u00e9meth Szil\u00e1rd ismertette a Magyar Energetikai \u00e9s K\u00f6zm\u0171-szab\u00e1lyoz\u00e1si Hivataln\u00e1l indult elj\u00e1r\u00e1sokat is. P\u00e9ldak\u00e9nt eml\u00edtette, hogy az Elm\u0171-\u00c9m\u00e1sz az \u00e9v els\u0151 fel\u00e9ben azt k\u00f6z\u00f6lte fogyaszt\u00f3ival, \u00e1t\u00e1llhatnak online tarif\u00e1ra, &#8222;azonban a t\u00e1j\u00e9koztat\u00e1sban elfelejtett\u00e9k elmondani&#8221;, hogy ha ezt elfogadj\u00e1k, azzal kil\u00e9pnek az egyetemes szolg\u00e1ltat\u00e1s k\u00f6r\u00e9b\u0151l, \u00edgy nem j\u00e1r nekik a rezsics\u00f6kkent\u00e9s. &#8222;Gyakorlatilag azt mondhatjuk, tudatosan csapta be az embereket az Elm\u0171-\u00c9m\u00e1sz&#8221;, ez\u00e9rt k\u00e9tmilli\u00f3 forinttal szankcion\u00e1lt\u00e1k a c\u00e9get, amelynek \u00e1t kellett dolgoznia aj\u00e1nlat\u00e1t, \u00e9s fel kellett f\u00fcggesztenie ezeket a szerz\u0151d\u00e9sk\u00f6t\u00e9seket is &#8211; k\u00f6z\u00f6lte a korm\u00e1nyp\u00e1rti k\u00e9pvisel\u0151.<br \/>\nHozz\u00e1tette azt is, hogy 79 v\u00edzik\u00f6zm\u0171-szolg\u00e1ltat\u00f3val szemben d\u00edjfel\u00fcgyeleti elj\u00e1r\u00e1s indult, ami 113 telep\u00fcl\u00e9st \u00e9s 425 ezer fogyaszt\u00f3t \u00e9rintett. Ezek k\u00f6z\u00fcl 47 esetben meg is \u00e1llap\u00edtott\u00e1k a jogs\u00e9rt\u00e9st a d\u00edjakkal kapcsolatos szab\u00e1lyok megszeg\u00e9se miatt &#8211; ismertette.<br \/>\n&#8222;A magyar fogyaszt\u00f3k \u00e9rdek\u00e9ben ezeket az eseteket fel kell t\u00e1rnunk, a b\u00fcntet\u00e9seket ki kell szabnunk, \u00e9s a helyes \u00fatra kell tereln\u00fcnk a szolg\u00e1ltat\u00f3kat&#8221; &#8211; \u00f6sszegezte v\u00e9lem\u00e9ny\u00e9t N\u00e9meth Szil\u00e1rd.(MTI)<\/p>\n","protected":false},"excerpt":{"rendered":"<p>T\u00f6bb sz\u00e1z fogyaszt\u00f3v\u00e9delmi elj\u00e1r\u00e1s indult az id\u00e9n k\u00f6zm\u0171szolg\u00e1ltat\u00f3k ellen a rezsics\u00f6kkent\u00e9s elmulaszt\u00e1sa, hib\u00e1san kik\u00fcld\u00f6tt sz\u00e1ml\u00e1k \u00e9s a t\u00e1j\u00e9koztat\u00e1si k\u00f6telezetts\u00e9g megszeg\u00e9se miatt. A c\u00e9geket emiatt t\u00f6bb sz\u00e1z milli\u00f3s b\u00edrs\u00e1ggal s\u00fajtott\u00e1k &#8211; k\u00f6z\u00f6lte N\u00e9meth Szil\u00e1rd, a Fidesz rezsics\u00f6kkent\u00e9s\u00e9rt felel\u0151s k\u00e9pvisel\u0151je cs\u00fct\u00f6rt\u00f6ki budapesti sajt\u00f3t\u00e1j\u00e9koztat\u00f3j\u00e1n.<\/p>\n","protected":false},"author":1,"featured_media":1033,"comment_status":"open","ping_status":"closed","sticky":false,"template":"","format":"standard","meta":[],"categories":[18],"tags":[],"_links":{"self":[{"href":"https:\/\/gazdasagportal.hu\/index.php\/wp-json\/wp\/v2\/posts\/23279"}],"collection":[{"href":"https:\/\/gazdasagportal.hu\/index.php\/wp-json\/wp\/v2\/posts"}],"about":[{"href":"https:\/\/gazdasagportal.hu\/index.php\/wp-json\/wp\/v2\/types\/post"}],"author":[{"embeddable":true,"href":"https:\/\/gazdasagportal.hu\/index.php\/wp-json\/wp\/v2\/users\/1"}],"replies":[{"embeddable":true,"href":"https:\/\/gazdasagportal.hu\/index.php\/wp-json\/wp\/v2\/comments?post=23279"}],"version-history":[{"count":1,"href":"https:\/\/gazdasagportal.hu\/index.php\/wp-json\/wp\/v2\/posts\/23279\/revisions"}],"predecessor-version":[{"id":23280,"href":"https:\/\/gazdasagportal.hu\/index.php\/wp-json\/wp\/v2\/posts\/23279\/revisions\/23280"}],"wp:featuredmedia":[{"embeddable":true,"href":"https:\/\/gazdasagportal.hu\/index.php\/wp-json\/wp\/v2\/media\/1033"}],"wp:attachment":[{"href":"https:\/\/gazdasagportal.hu\/index.php\/wp-json\/wp\/v2\/media?parent=23279"}],"wp:term":[{"taxonomy":"category","embeddable":true,"href":"https:\/\/gazdasagportal.hu\/index.php\/wp-json\/wp\/v2\/categories?post=23279"},{"taxonomy":"post_tag","embeddable":true,"href":"https:\/\/gazdasagportal.hu\/index.php\/wp-json\/wp\/v2\/tags?post=23279"}],"curies":[{"name":"wp","href":"https:\/\/api.w.org\/{rel}","templated":true}]}}