{"id":23277,"date":"2013-12-12T11:12:38","date_gmt":"2013-12-12T10:12:38","guid":{"rendered":"http:\/\/stockportal.hu\/?p=23277"},"modified":"2013-12-12T11:12:38","modified_gmt":"2013-12-12T10:12:38","slug":"a-gazprom-elnoke-szerdan-budapesten-targyalt","status":"publish","type":"post","link":"https:\/\/gazdasagportal.hu\/index.php\/a-gazprom-elnoke-szerdan-budapesten-targyalt\/","title":{"rendered":"A Gazprom eln\u00f6ke szerd\u00e1n Budapesten t\u00e1rgyalt"},"content":{"rendered":"<p><strong>Budapesten t\u00e1rgyalt Orb\u00e1n Viktor minisztereln\u00f6kkel Alekszej Miller, a Gazprom eln\u00f6ke szerd\u00e1n &#8211; t\u00e1j\u00e9koztatta cs\u00fct\u00f6rt\u00f6k\u00f6n az MTI-t az orosz \u00e1llami energetikai c\u00e9g, Havasi Bertalan, a Minisztereln\u00f6ki Sajt\u00f3iroda vezet\u0151je k\u00f6z\u00f6lte, az este, az Orsz\u00e1gh\u00e1zban folytatott megbesz\u00e9l\u00e9sen ez\u00fattal semmilyen meg\u00e1llapod\u00e1s al\u00e1\u00edr\u00e1s\u00e1ra nem ker\u00fclt sor.<!--more--><\/strong><\/p>\n<p>A sajt\u00f3f\u0151n\u00f6k hozz\u00e1tette: a t\u00e1rgyal\u00e1sok &#8211; amelyeknek a magyar korm\u00e1nyzat r\u00e9sz\u00e9r\u0151l N\u00e9meth L\u00e1szl\u00f3n\u00e9 nemzeti fejleszt\u00e9si miniszter a felel\u0151se &#8211; a kor\u00e1bban elhat\u00e1rozott menetrendnek megfelel\u0151en, j\u00f3 \u00fctemben zajlanak, ezt a felek a tegnapi t\u00e1rgyal\u00e1son is lesz\u00f6gezt\u00e9k.<br \/>\nA folyamatban l\u00e9v\u0151 tervez\u00e9si, terepfelm\u00e9r\u00e9si munk\u00e1latok magukba foglalj\u00e1k a k\u00f6rnyezeti hat\u00e1svizsg\u00e1latot is. A Gazprom sajt\u00f3k\u00f6zlem\u00e9nye szerint a j\u00f6v\u0151 \u00e9v els\u0151 negyed\u00e9ben elk\u00e9sz\u00fclnek a m\u0171szaki dokument\u00e1ci\u00f3val, \u00e9s meghat\u00e1rozz\u00e1k a g\u00e1zvezet\u00e9k magyarorsz\u00e1gi szakasz\u00e1nak nyomvonal\u00e1t.<br \/>\nA t\u00e1rsas\u00e1g k\u00f6zlem\u00e9nye szerint a D\u00e9li \u00c1ramlat magyarorsz\u00e1gi szakasz\u00e1nak tervez\u00e9s\u00e9r\u0151l meg\u00e1llapod\u00e1s sz\u00fcletett a Gazprom \u00e9s az MVM Magyar Villamos M\u0171vek Zrt. 50-50 sz\u00e1zal\u00e9kos tulajdon\u00e1ban l\u00e9v\u0151 South Stream Transport Hungary Zrt. \u00e9s egy, tervez\u0151 c\u00e9gekb\u0151l \u00e1ll\u00f3 nemzetk\u00f6zi konzorcium k\u00f6z\u00f6tt, a c\u00e9g k\u00f6zlem\u00e9nye azonban nem k\u00f6zli a nemzetk\u00f6zi konzorcium nev\u00e9t.<br \/>\nA D\u00e9li \u00c1ramlat 229 kilom\u00e9ter hossz\u00fa magyarorsz\u00e1gi szakasza \u00e9s egy g\u00e1z-kompresszor\u00e1llom\u00e1s a tervek szerint Hercegsz\u00e1nt\u00f3 \u00e9s Tornyiszentmikl\u00f3s k\u00f6z\u00f6tt \u00e9p\u00fcl meg, amelyen kereszt\u00fcl Magyarorsz\u00e1g \u00e9vente mintegy 30 milli\u00e1rd k\u00f6bm\u00e9ter orosz f\u00f6ldg\u00e1zt kapna. A Gazprom k\u00f6zlem\u00e9ny\u00e9ben szerepel: 2017 elej\u00e9t\u0151l jutna el az els\u0151 g\u00e1zsz\u00e1ll\u00edt\u00e1s Magyarorsz\u00e1gra.<br \/>\nA t\u00e1rsas\u00e1g t\u00e1j\u00e9koztat\u00e1sa szerint Alekszej Miller \u00e9s Orb\u00e1n Viktor a t\u00e1rgyal\u00e1son meger\u0151s\u00edtett\u00e9k: a g\u00e1zvezet\u00e9k magyarorsz\u00e1gi szakasz\u00e1nak \u00e9p\u00edt\u00e9s\u00e9t 2015 \u00e1prilis\u00e1ban kezdik meg. Az orosz \u00e1llami c\u00e9g els\u0151 embere elmondta, hogy a D\u00e9li \u00c1ramlat \u00e9p\u00edt\u00e9se a tervek szerint halad. Oroszorsz\u00e1gban, Bulg\u00e1ri\u00e1ban \u00e9s Szerbi\u00e1ban m\u00e1r megkezd\u0151dtek a munk\u00e1latok.<br \/>\nA mintegy 2400 kilom\u00e9teres vezet\u00e9krendszer, amely Ukrajna megker\u00fcl\u00e9s\u00e9vel Bulg\u00e1ri\u00e1n, Szerbi\u00e1n, Magyarorsz\u00e1gon \u00e9s Szlov\u00e9ni\u00e1n kereszt\u00fcl halad \u00e9s az olasz Tarvisio a v\u00e9gpontja, ezen orsz\u00e1gokba, valamint Szerbi\u00e1b\u00f3l Horv\u00e1torsz\u00e1gba \u00e9s Bosznia-Hercegovin\u00e1ba is eljuttatja az orosz f\u00f6ldg\u00e1zt. A tervek szerint Bulg\u00e1ri\u00e1b\u00f3l Maced\u00f3ni\u00e1ba is \u00e9p\u00edten\u00e9nek egy el\u00e1gaz\u00e1st \u00e9s T\u00f6r\u00f6korsz\u00e1g, valamint G\u00f6r\u00f6gorsz\u00e1g is kapna a bolg\u00e1r szakaszb\u00f3l orosz g\u00e1zt.<br \/>\nA Gazprom sajt\u00f3szolg\u00e1lata eml\u00e9keztetett r\u00e1, hogy a D\u00e9li \u00c1ramlat magyarorsz\u00e1gi szakasz\u00e1t orosz-magyar korm\u00e1nyk\u00f6zi meg\u00e1llapod\u00e1s alapj\u00e1n \u00e9p\u00edtik \u00e9s a magyar korm\u00e1ny nemzeti jelent\u0151s\u00e9g\u0171 beruh\u00e1z\u00e1snak min\u0151s\u00edtette a projektet. A Gazprom \u00e9s az MVM Magyar Villamos M\u0171vek Zrt. k\u00e9pvisel\u0151i id\u00e9n m\u00e1rciusban egyeztett\u00e9k a beruh\u00e1z\u00e1s 2017-ig sz\u00f3l\u00f3 megval\u00f3s\u00edt\u00e1si terv\u00e9t.(MTI)<\/p>\n","protected":false},"excerpt":{"rendered":"<p>Budapesten t\u00e1rgyalt Orb\u00e1n Viktor minisztereln\u00f6kkel Alekszej Miller, a Gazprom eln\u00f6ke szerd\u00e1n &#8211; t\u00e1j\u00e9koztatta cs\u00fct\u00f6rt\u00f6k\u00f6n az MTI-t az orosz \u00e1llami energetikai c\u00e9g, Havasi Bertalan, a Minisztereln\u00f6ki Sajt\u00f3iroda vezet\u0151je k\u00f6z\u00f6lte, az este, az Orsz\u00e1gh\u00e1zban folytatott megbesz\u00e9l\u00e9sen ez\u00fattal semmilyen meg\u00e1llapod\u00e1s al\u00e1\u00edr\u00e1s\u00e1ra nem ker\u00fclt sor.<\/p>\n","protected":false},"author":1,"featured_media":0,"comment_status":"open","ping_status":"closed","sticky":false,"template":"","format":"standard","meta":[],"categories":[19],"tags":[],"_links":{"self":[{"href":"https:\/\/gazdasagportal.hu\/index.php\/wp-json\/wp\/v2\/posts\/23277"}],"collection":[{"href":"https:\/\/gazdasagportal.hu\/index.php\/wp-json\/wp\/v2\/posts"}],"about":[{"href":"https:\/\/gazdasagportal.hu\/index.php\/wp-json\/wp\/v2\/types\/post"}],"author":[{"embeddable":true,"href":"https:\/\/gazdasagportal.hu\/index.php\/wp-json\/wp\/v2\/users\/1"}],"replies":[{"embeddable":true,"href":"https:\/\/gazdasagportal.hu\/index.php\/wp-json\/wp\/v2\/comments?post=23277"}],"version-history":[{"count":1,"href":"https:\/\/gazdasagportal.hu\/index.php\/wp-json\/wp\/v2\/posts\/23277\/revisions"}],"predecessor-version":[{"id":23278,"href":"https:\/\/gazdasagportal.hu\/index.php\/wp-json\/wp\/v2\/posts\/23277\/revisions\/23278"}],"wp:attachment":[{"href":"https:\/\/gazdasagportal.hu\/index.php\/wp-json\/wp\/v2\/media?parent=23277"}],"wp:term":[{"taxonomy":"category","embeddable":true,"href":"https:\/\/gazdasagportal.hu\/index.php\/wp-json\/wp\/v2\/categories?post=23277"},{"taxonomy":"post_tag","embeddable":true,"href":"https:\/\/gazdasagportal.hu\/index.php\/wp-json\/wp\/v2\/tags?post=23277"}],"curies":[{"name":"wp","href":"https:\/\/api.w.org\/{rel}","templated":true}]}}