{"id":2326,"date":"2013-02-07T12:11:56","date_gmt":"2013-02-07T11:11:56","guid":{"rendered":"http:\/\/stockportal.hu\/?p=2326"},"modified":"2013-02-07T12:11:56","modified_gmt":"2013-02-07T11:11:56","slug":"fidesz-kdnp-frakcioules-rogan-juliusban-lesz-ujabb-rezsicsokkentes","status":"publish","type":"post","link":"https:\/\/gazdasagportal.hu\/index.php\/fidesz-kdnp-frakcioules-rogan-juliusban-lesz-ujabb-rezsicsokkentes\/","title":{"rendered":"Fidesz-KDNP-frakci\u00f3\u00fcl\u00e9s &#8211; Rog\u00e1n: j\u00faliusban lesz \u00fajabb rezsics\u00f6kkent\u00e9s"},"content":{"rendered":"<p><strong>J\u00falius 1-j\u00e9t\u0151l cs\u00f6kkennie kell a v\u00edz-, a csatorna-, a szennyv\u00edzelvezet\u00e9si, a szem\u00e9tsz\u00e1ll\u00edt\u00e1si, a palackosg\u00e1z-, valamint a k\u00e9m\u00e9nysepr\u00e9si d\u00edjaknak &#8211; jelentette be Rog\u00e1n Antal, a Fidesz frakci\u00f3vezet\u0151je a gyulai Fidesz-KDNP-frakci\u00f3\u00fcl\u00e9s ut\u00e1ni sajt\u00f3t\u00e1j\u00e9koztat\u00f3n cs\u00fct\u00f6rt\u00f6k\u00f6n. A tan\u00e1cskoz\u00e1son megvitatt\u00e1k a p\u00e9nteken az Orsz\u00e1ggy\u0171l\u00e9s el\u00e9 ker\u00fcl\u0151 alkotm\u00e1nym\u00f3dos\u00edt\u00e1st is, \u00e9s d\u00f6nt\u00f6ttek arr\u00f3l, hogy az agr\u00e1rkamarai v\u00e1laszt\u00e1sok ut\u00e1n ker\u00fclnek \u00fajra ter\u00edt\u00e9kre a f\u00f6ldt\u00f6rv\u00e9nyek.<!--more--><\/strong>Az \u00fajabb rezsics\u00f6kkent\u00e9st ismertetve Rog\u00e1n Antal jelezte: a v\u00edz-, a csatorna-, a szennyv\u00edzelvezet\u00e9si, a szem\u00e9tsz\u00e1ll\u00edt\u00e1si, a palackosg\u00e1z-, valamint a k\u00e9m\u00e9nysepr\u00e9si d\u00edjak eset\u00e9ben is az \u00e1tlagosan t\u00edzsz\u00e1zal\u00e9kos m\u00e9rs\u00e9kl\u00e9s a c\u00e9l. A pontos m\u00e9rt\u00e9ket azonban az \u00e1rakban tapasztalhat\u00f3 ter\u00fcleti k\u00fcl\u00f6nbs\u00e9gekre tekintettel kell meg\u00e1llap\u00edtani, ugyanis p\u00e9ld\u00e1ul a v\u00edz eset\u00e9ben van az orsz\u00e1gban olyan hely, ahol ezer forintot kell fizetni \u00e9rte elsz\u00e1mol\u00e1si egys\u00e9genk\u00e9nt, m\u00edg m\u00e1shol csak 180-at.<br \/>\nAz \u00fajabb d\u00edjcs\u00f6kkent\u00e9st egy munkacsoportnak kell kidolgoznia, amelynek F\u00f3nagy J\u00e1nos \u00e1llamtitk\u00e1r, a fideszes N\u00e9meth Szil\u00e1rd \u00e9s K\u00f3sa Lajos, a korm\u00e1nyp\u00e1rt \u00fcgyvezet\u0151 aleln\u00f6ke, Debrecen polg\u00e1rmestere lesz a tagja. A test\u00fcletnek tavasszal kell bemutatnia r\u00e9szletes el\u0151terjeszt\u00e9s\u00e9t.<br \/>\nA frakci\u00f3vezet\u0151 a t\u00e1j\u00e9koztat\u00f3n ismertette a K\u00f6zponti Statisztikai Hivatal kimutat\u00e1s\u00e1t, amely szerint 2012-ben egy k\u00e9tgyermekes \u00e1tlagcsal\u00e1d havonta t\u00f6bb mint 73 ezer forintot k\u00f6lt\u00f6tt rezsire, \u00edgy ha minden t\u00e9teln\u00e9l megval\u00f3sul a t\u00edzsz\u00e1zal\u00e9kos cs\u00f6kkent\u00e9s, mintegy 7500 forintot sp\u00f3rolhat havonta egy \u00e1tlagcsal\u00e1d.<br \/>\nUtalva a rezsics\u00f6kkent\u00e9s mik\u00e9ntj\u00e9t \u00e9rint\u0151 v\u00e1rosvezet\u0151i kifog\u00e1sokra \u00e9s az \u00e1ltaluk k\u00e9rt kompenz\u00e1ci\u00f3ra, Rog\u00e1n Antal elmondta azt is: k\u00e9rt\u00e9k, hogy ahol lehet, az \u00f6nkorm\u00e1nyzati tulajdon\u00fa szolg\u00e1ltat\u00f3k vizsg\u00e1lj\u00e1k meg a k\u00f6lts\u00e9geik cs\u00f6kkent\u00e9s\u00e9nek lehet\u0151s\u00e9g\u00e9t, ugyanakkor \u00edg\u00e9retet tettek arra, hogy \u00e1ttekintik azokat az adminisztr\u00e1ci\u00f3s szab\u00e1lyokat \u00e9s terheket &#8211; \u00edgy p\u00e9ld\u00e1ul a talajterhel\u00e9si \u00e9s a lerak\u00e1si d\u00edjak szab\u00e1lyoz\u00e1s\u00e1t -, amelyek t\u00f6bbletk\u00f6lts\u00e9geket jelentenek az \u00e9rintett c\u00e9geknek, \u00e9s ha tudj\u00e1k, k\u00f6nny\u00edtik ezeket.<br \/>\nAz elm\u00falt napokban t\u00f6bb fideszes politikus is elmondta, hogy a v\u00edz-, a csatorna- \u00e9s a szem\u00e9tsz\u00e1ll\u00edt\u00e1si d\u00edjak cs\u00f6kkent\u00e9s\u00e9nek mik\u00e9ntj\u00e9r\u0151l \u00e9les vita zajlott a frakci\u00f3\u00fcl\u00e9sen, mert t\u00f6bb v\u00e1rosvezet\u0151 valamilyen kompenz\u00e1ci\u00f3t szeretne a d\u00edjak m\u00e9rs\u00e9kl\u00e9se miatt az \u00f6nkorm\u00e1nyzati k\u00f6zm\u0171szolg\u00e1ltat\u00f3knak, mondv\u00e1n, egy r\u00e9sz\u00fck nem tudja kigazd\u00e1lkodni a rezsics\u00f6kkent\u00e9st.<br \/>\nA h\u00e1romnapos \u00e9vadnyit\u00f3 frakci\u00f3\u00fcl\u00e9sen \u00e1ttekintett\u00e9k az eddigi rezsics\u00f6kkent\u00e9st is, \u00e9s a r\u00e9sztvev\u0151k meg\u00e1llap\u00edtott\u00e1k, hogy siker\u00fclt \u00e9rv\u00e9nyes\u00edteni a villany-, a g\u00e1z- \u00e9s a t\u00e1vh\u0151\u00e1rakban a t\u00edzsz\u00e1zal\u00e9kos cs\u00f6kkent\u00e9st. Az esetleges \u00fajabb \u00e1rm\u00e9rs\u00e9kl\u00e9sr\u0151l a politikus k\u00f6z\u00f6lte: a k\u00e9pvisel\u0151csoport arra k\u00e9rte a kabinetet, m\u00e9g a ny\u00e1r el\u0151tt vizsg\u00e1lja meg ennek lehet\u0151s\u00e9g\u00e9t, hogy a k\u00f6vetkez\u0151 f\u0171t\u00e9si szezon el\u0151tt ismertethesse javaslat\u00e1t.<br \/>\nRog\u00e1n Antal elmondta, a gyulai tan\u00e1cskoz\u00e1son emellett \u00e1ttekintett\u00e9k az alapt\u00f6rv\u00e9ny m\u00f3dos\u00edt\u00e1s\u00e1val kapcsolatos feladatokat, amelyek abb\u00f3l ad\u00f3dtak, hogy az Alkotm\u00e1nyb\u00edr\u00f3s\u00e1g (Ab) tavaly decemberben megsemmis\u00edtette az \u00e1tmeneti rendelkez\u00e9sek t\u00f6bb pontj\u00e1t, janu\u00e1rban pedig alapt\u00f6rv\u00e9ny-ellenesnek min\u0151s\u00edtette a v\u00e1laszt\u00e1si elj\u00e1r\u00e1si t\u00f6rv\u00e9ny egyes passzusait. A Fidesz-KDNP-frakci\u00f3 tiszteletben tartja az Ab d\u00f6nt\u00e9s\u00e9t &#8211; nyomat\u00e9kos\u00edtotta a frakci\u00f3vezet\u0151, kijelentve, hogy ennek megfelel\u0151en a Magyarorsz\u00e1gon \u00e1lland\u00f3 lakhellyel rendelkez\u0151k el\u0151zetes regisztr\u00e1ci\u00f3ja sem az alkotm\u00e1nyban, sem m\u00e1s t\u00f6rv\u00e9nyben nem fog szerepelni.<br \/>\n&#8222;A v\u00e1laszt\u00f3jogi reformot lez\u00e1rtnak tekintj\u00fck&#8221; &#8211; jelentette ki, majd hozz\u00e1f\u0171zte azt is, hogy azokat a k\u00e9rd\u00e9seket, amelyekkel kapcsolatban az Alkotm\u00e1nyb\u00edr\u00f3s\u00e1g nem fogalmazott meg tartalmi kritik\u00e1t &#8211; &#8222;eleget t\u00e9ve az Ab indokl\u00e1s\u00e1ban szerepl\u0151 egybeszerkeszt\u00e9si k\u00f6telezetts\u00e9gnek&#8221; -, \u00fajra a parlament el\u00e9 terjesztik.<br \/>\nT\u00e1j\u00e9koztat\u00e1sa szerint az alapt\u00f6rv\u00e9ny m\u00f3dos\u00edt\u00e1s\u00e1t p\u00e9nteken ny\u00fajtj\u00e1k be az Orsz\u00e1ggy\u0171l\u00e9snek, amely febru\u00e1r-m\u00e1rciusban t\u00e1rgyalja meg az ind\u00edtv\u00e1nyt.<br \/>\nA frakci\u00f3\u00fcl\u00e9sen megvitatt\u00e1k a f\u00f6lddel kapcsolatos t\u00f6rv\u00e9nyeket is, amelyekkel kapcsolatban \u00fagy d\u00f6nt\u00f6ttek: az agr\u00e1rkamarai v\u00e1laszt\u00e1sok ut\u00e1n t\u00e1rgyal majd r\u00f3luk a parlament, a Fidesz-KDNP pedig j\u00falius 1-j\u00e9ig akarja elfogadni ezeket a jogszab\u00e1lyokat. A frakci\u00f3vezet\u0151 ezt azzal indokolta, hogy \u00edgy az \u00e9rdekk\u00e9pviselet bele tud sz\u00f3lni a t\u00f6rv\u00e9nyalkot\u00e1s folyamat\u00e1ba. A f\u00f6lddel kapcsolatos h\u00e1rom t\u00f6rv\u00e9ny k\u00f6z\u00fcl egy &#8211; a term\u0151f\u00f6ldr\u0151l sz\u00f3l\u00f3 &#8211; m\u00e1r a parlament el\u0151tt fekszik, tov\u00e1bbi kett\u0151t pedig az agr\u00e1rkamarai v\u00e1laszt\u00e1sok lez\u00e1rulta ut\u00e1n terjeszt az Orsz\u00e1ggy\u0171l\u00e9s el\u00e9 a korm\u00e1ny &#8211; ismertette.<br \/>\n\u00dajs\u00e1g\u00edr\u00f3i k\u00e9rd\u00e9sre a frakci\u00f3vezet\u0151 kijelentette: az \u00faj jegybankeln\u00f6k szem\u00e9ly\u00e9vel kapcsolatosan nem tud semmilyen d\u00f6nt\u00e9sr\u0151l.<br \/>\nArra a k\u00e9rd\u00e9sre, hogy az elektronikus \u00fatd\u00edj \u00fcgye okozhat-e olyan probl\u00e9m\u00e1t, amely miatt hozz\u00e1 kellene ny\u00falni a b\u00fcdzs\u00e9hez, Rog\u00e1n Antal kijelentette: lesz \u00fatd\u00edj, \u00e9s semmilyen k\u00f6lts\u00e9gvet\u00e9si m\u00f3dos\u00edt\u00e1sra nincs sz\u00fcks\u00e9g. Elmondta, a korm\u00e1nyp\u00e1rt gazdas\u00e1gi kabinetj\u00e9nek cs\u00fct\u00f6rt\u00f6k reggeli \u00fcl\u00e9s\u00e9n N\u00e9meth L\u00e1szl\u00f3n\u00e9 nemzeti fejleszt\u00e9si miniszter megnyugtat\u00f3 besz\u00e1mol\u00f3t tartott, amely szerint a korm\u00e1ny megtal\u00e1lta a megold\u00e1st az \u00fatd\u00edjjal kapcsolatban. (MTI)<\/p>\n<p>&nbsp;<\/p>\n","protected":false},"excerpt":{"rendered":"<p>J\u00falius 1-j\u00e9t\u0151l cs\u00f6kkennie kell a v\u00edz-, a csatorna-, a szennyv\u00edzelvezet\u00e9si, a szem\u00e9tsz\u00e1ll\u00edt\u00e1si, a palackosg\u00e1z-, valamint a k\u00e9m\u00e9nysepr\u00e9si d\u00edjaknak &#8211; jelentette be Rog\u00e1n Antal, a Fidesz frakci\u00f3vezet\u0151je a gyulai Fidesz-KDNP-frakci\u00f3\u00fcl\u00e9s ut\u00e1ni sajt\u00f3t\u00e1j\u00e9koztat\u00f3n cs\u00fct\u00f6rt\u00f6k\u00f6n. A tan\u00e1cskoz\u00e1son megvitatt\u00e1k a p\u00e9nteken az Orsz\u00e1ggy\u0171l\u00e9s el\u00e9 ker\u00fcl\u0151 alkotm\u00e1nym\u00f3dos\u00edt\u00e1st is, \u00e9s d\u00f6nt\u00f6ttek arr\u00f3l, hogy az agr\u00e1rkamarai v\u00e1laszt\u00e1sok ut\u00e1n ker\u00fclnek \u00fajra ter\u00edt\u00e9kre a &#8230;<\/p>\n","protected":false},"author":1,"featured_media":0,"comment_status":"closed","ping_status":"closed","sticky":false,"template":"","format":"standard","meta":[],"categories":[19,18],"tags":[],"_links":{"self":[{"href":"https:\/\/gazdasagportal.hu\/index.php\/wp-json\/wp\/v2\/posts\/2326"}],"collection":[{"href":"https:\/\/gazdasagportal.hu\/index.php\/wp-json\/wp\/v2\/posts"}],"about":[{"href":"https:\/\/gazdasagportal.hu\/index.php\/wp-json\/wp\/v2\/types\/post"}],"author":[{"embeddable":true,"href":"https:\/\/gazdasagportal.hu\/index.php\/wp-json\/wp\/v2\/users\/1"}],"replies":[{"embeddable":true,"href":"https:\/\/gazdasagportal.hu\/index.php\/wp-json\/wp\/v2\/comments?post=2326"}],"version-history":[{"count":2,"href":"https:\/\/gazdasagportal.hu\/index.php\/wp-json\/wp\/v2\/posts\/2326\/revisions"}],"predecessor-version":[{"id":2328,"href":"https:\/\/gazdasagportal.hu\/index.php\/wp-json\/wp\/v2\/posts\/2326\/revisions\/2328"}],"wp:attachment":[{"href":"https:\/\/gazdasagportal.hu\/index.php\/wp-json\/wp\/v2\/media?parent=2326"}],"wp:term":[{"taxonomy":"category","embeddable":true,"href":"https:\/\/gazdasagportal.hu\/index.php\/wp-json\/wp\/v2\/categories?post=2326"},{"taxonomy":"post_tag","embeddable":true,"href":"https:\/\/gazdasagportal.hu\/index.php\/wp-json\/wp\/v2\/tags?post=2326"}],"curies":[{"name":"wp","href":"https:\/\/api.w.org\/{rel}","templated":true}]}}