{"id":23259,"date":"2013-12-12T09:55:36","date_gmt":"2013-12-12T08:55:36","guid":{"rendered":"http:\/\/stockportal.hu\/?p=23259"},"modified":"2013-12-12T09:55:36","modified_gmt":"2013-12-12T08:55:36","slug":"ukrajnai-tuntetes-nyugodt-volt-az-ejszaka-a-tuntetok-megerositettek-a-barikadokat","status":"publish","type":"post","link":"https:\/\/gazdasagportal.hu\/index.php\/ukrajnai-tuntetes-nyugodt-volt-az-ejszaka-a-tuntetok-megerositettek-a-barikadokat\/","title":{"rendered":"Ukrajnai t\u00fcntet\u00e9s &#8211; Nyugodt volt az \u00e9jszaka, a t\u00fcntet\u0151k meger\u0151s\u00edtett\u00e9k a barik\u00e1dokat"},"content":{"rendered":"<p><strong>Nyugodt volt a cs\u00fct\u00f6rt\u00f6kre virrad\u00f3 \u00e9jszaka a kijevi k\u00f6zponti t\u00e9ren, incidensek nem t\u00f6rt\u00e9ntek, a helysz\u00ednen tart\u00f3zkod\u00f3 t\u00fcntet\u0151k azzal t\u00f6lt\u00f6tt\u00e9k az elm\u00falt \u00f3r\u00e1kat, hogy er\u0151s\u00edtgett\u00e9k az \u00fajra\u00e9p\u00edtett barik\u00e1dokat.<!--more--><\/strong><\/p>\n<p>Helysz\u00edni besz\u00e1mol\u00f3k szerint a F\u00fcggetlens\u00e9g ter\u00e9n ez\u00fattal nem jelentek meg rohamrend\u0151r\u00f6k. A t\u00fcntet\u0151k a f\u0151t\u00e9ren fel\u00e1ll\u00edtott sz\u00ednpadon fell\u00e9p\u0151 m\u0171v\u00e9szek el\u0151ad\u00e1sait hallgatt\u00e1k, illetve toldozt\u00e1k-foltozt\u00e1k az \u00fajra\u00e9p\u00edtett barik\u00e1dokat, amelyeket el\u0151z\u0151 \u00e9jszaka bontottak el a rohamrend\u0151r\u00f6k, miut\u00e1n kiszor\u00edtott\u00e1k a t\u00e9rr\u0151l a demonstr\u00e1l\u00f3kat.<br \/>\n\u00c9p\u00edt\u00e9si t\u00f6rmel\u00e9kkel megt\u00f6lt\u00f6tt zs\u00e1kokb\u00f3l, illetve j\u00e9gb\u0151l \u00e9s h\u00f3b\u00f3l h\u00fazt\u00e1k fel a demonstr\u00e1l\u00f3k az \u00fattorlaszokat, amelyek n\u00e9hol m\u00e1r el\u00e9rik a h\u00e1rom-n\u00e9gy m\u00e9teres magass\u00e1got.(MTI)<\/p>\n","protected":false},"excerpt":{"rendered":"<p>Nyugodt volt a cs\u00fct\u00f6rt\u00f6kre virrad\u00f3 \u00e9jszaka a kijevi k\u00f6zponti t\u00e9ren, incidensek nem t\u00f6rt\u00e9ntek, a helysz\u00ednen tart\u00f3zkod\u00f3 t\u00fcntet\u0151k azzal t\u00f6lt\u00f6tt\u00e9k az elm\u00falt \u00f3r\u00e1kat, hogy er\u0151s\u00edtgett\u00e9k az \u00fajra\u00e9p\u00edtett barik\u00e1dokat.<\/p>\n","protected":false},"author":1,"featured_media":0,"comment_status":"open","ping_status":"closed","sticky":false,"template":"","format":"standard","meta":[],"categories":[12],"tags":[],"_links":{"self":[{"href":"https:\/\/gazdasagportal.hu\/index.php\/wp-json\/wp\/v2\/posts\/23259"}],"collection":[{"href":"https:\/\/gazdasagportal.hu\/index.php\/wp-json\/wp\/v2\/posts"}],"about":[{"href":"https:\/\/gazdasagportal.hu\/index.php\/wp-json\/wp\/v2\/types\/post"}],"author":[{"embeddable":true,"href":"https:\/\/gazdasagportal.hu\/index.php\/wp-json\/wp\/v2\/users\/1"}],"replies":[{"embeddable":true,"href":"https:\/\/gazdasagportal.hu\/index.php\/wp-json\/wp\/v2\/comments?post=23259"}],"version-history":[{"count":1,"href":"https:\/\/gazdasagportal.hu\/index.php\/wp-json\/wp\/v2\/posts\/23259\/revisions"}],"predecessor-version":[{"id":23260,"href":"https:\/\/gazdasagportal.hu\/index.php\/wp-json\/wp\/v2\/posts\/23259\/revisions\/23260"}],"wp:attachment":[{"href":"https:\/\/gazdasagportal.hu\/index.php\/wp-json\/wp\/v2\/media?parent=23259"}],"wp:term":[{"taxonomy":"category","embeddable":true,"href":"https:\/\/gazdasagportal.hu\/index.php\/wp-json\/wp\/v2\/categories?post=23259"},{"taxonomy":"post_tag","embeddable":true,"href":"https:\/\/gazdasagportal.hu\/index.php\/wp-json\/wp\/v2\/tags?post=23259"}],"curies":[{"name":"wp","href":"https:\/\/api.w.org\/{rel}","templated":true}]}}