{"id":23233,"date":"2013-12-12T06:05:56","date_gmt":"2013-12-12T05:05:56","guid":{"rendered":"http:\/\/stockportal.hu\/?p=23233"},"modified":"2013-12-11T21:57:43","modified_gmt":"2013-12-11T20:57:43","slug":"a-keleti-nyitassal-az-orszag-az-azsiai-gyokerekre-is-emlekezik","status":"publish","type":"post","link":"https:\/\/gazdasagportal.hu\/index.php\/a-keleti-nyitassal-az-orszag-az-azsiai-gyokerekre-is-emlekezik\/","title":{"rendered":"A keleti nyit\u00e1ssal az orsz\u00e1g az \u00e1zsiai gy\u00f6kerekre is eml\u00e9kezik"},"content":{"rendered":"<p><strong>Lezs\u00e1k S\u00e1ndor, szerint a korm\u00e1ny keleti nyit\u00e1sra vonatkoz\u00f3 politik\u00e1ja nemcsak a gazdas\u00e1gi kapcsolatok er\u0151s\u00edt\u00e9s\u00e9t jelenti a t\u00e1volabbi t\u00e9rs\u00e9gekkel, hanem azt is, hogy az orsz\u00e1g nem feledi el \u00e1zsiai gy\u00f6kereit. Az Orsz\u00e1ggy\u0171l\u00e9s aleln\u00f6ke err\u0151l a Nemzeti F\u00f3rum K\u00f6lcsey K\u00f6r\u00e9nek egy k\u00f6z\u00e9p-\u00e1zsiai exped\u00edci\u00f3val foglalkoz\u00f3 konferenci\u00e1j\u00e1n besz\u00e9lt szerda este.<!--more--><\/strong><\/p>\n<p>Lezs\u00e1k S\u00e1ndor, aki a Nemzeti F\u00f3rum eln\u00f6ke is, az exped\u00edci\u00f3 f\u0151v\u00e9dn\u00f6kek\u00e9nt vett r\u00e9szt az esem\u00e9nyen.<br \/>\nA politikus gratul\u00e1lt a Magyarorsz\u00e1gra k\u00e9t h\u00f3napja visszat\u00e9rt r\u00e9sztvev\u0151knek az exped\u00edci\u00f3hoz, \u00e9s hangs\u00falyozta, hogy a korm\u00e1ny tov\u00e1bbviszi a keleti nyit\u00e1s politik\u00e1j\u00e1t a kult\u00fara ter\u00fclet\u00e9n is. P\u00e9ldak\u00e9nt eml\u00edtette Arany J\u00e1nos Rege a csodaszarvasr\u00f3l c\u00edm\u0171 m\u0171v\u00e9nek \u00fczb\u00e9g-magyar k\u00e9tnyelv\u0171, hamarosan megjelen\u0151 kiad\u00e1s\u00e1t \u00e9s a H\u00e9t nyelven besz\u00e9l\u00fcnk elnevez\u00e9s\u0171 programot.<br \/>\nH\u00eddv\u00e9gi-\u00dcst\u00f6s P\u00e1l, a Volkswagen K\u00f6z\u00e9p-\u00c1zsia Exped\u00edci\u00f3 vezet\u0151je elmondta, hogy \u00f6t jelent\u0151s, 20. sz\u00e1zadi magyar \u00c1zsia-, illetve Kauk\u00e1zus-kutat\u00f3nak \u00e1ll\u00edtottak eml\u00e9ket a 13 orsz\u00e1got \u00e9rint\u0151 \u00fattal: Alm\u00e1sy Gy\u00f6rgynek, Prinz Gyul\u00e1nak, V\u00e1mb\u00e9ry \u00c1rminnak, D\u00e9chy M\u00f3rnak \u00e9s Zichy Jen\u0151nek. Az \u00e1ltaluk bej\u00e1rt utat a sportember 12 ezer kilom\u00e9teren kereszt\u00fcl saj\u00e1t erej\u00e9t haszn\u00e1lva tette meg &#8211; egyebek mellett biciklizve, futva, evezve, hegyet m\u00e1szva -, ezzel is tisztelegve az annak idej\u00e9n f\u0151k\u00e9nt gyalog j\u00e1r\u00f3 \u00e9s szek\u00e9ren utaz\u00f3 tud\u00f3sok el\u0151tt.<br \/>\nH\u00eddv\u00e9gi-\u00dcst\u00f6s P\u00e1l \u00fatk\u00f6zben bej\u00e1rta Kelet-T\u00f6r\u00f6korsz\u00e1gban a Kackar-hegys\u00e9get, Gr\u00fazi\u00e1ban a Kazbek-hegys\u00e9get, megm\u00e1szta K\u00f6z\u00e9p-\u00c1zsia legmagasabb hegy\u00e9t, az 5671 m\u00e9teres Damavandot, Kazahszt\u00e1nban a szikl\u00e1s, 4060 m\u00e9teres Amargaldit, \u00e9s v\u00e9gigj\u00e1rta a Tien-san 4000 m\u00e9ter k\u00f6r\u00fcli h\u00e1g\u00f3it.<br \/>\nA kor\u00e1bban egyebek mellett Afrik\u00e1t hossz\u00e1ban megj\u00e1r\u00f3 sportol\u00f3 elmondta: ez a csaknem h\u00e1rom \u00e9v szervez\u00e9s ut\u00e1n megval\u00f3sult utaz\u00e1s volt \u00e9lete legnagyobb exped\u00edci\u00f3ja, \u00e9s az tette egyed\u00fcl\u00e1ll\u00f3v\u00e1, hogy az \u0151smagyarok tank\u00f6nyvb\u0151l megismert nom\u00e1d \u00e9letm\u00f3dj\u00e1t egyes ter\u00fcleteken \u00e9l\u0151, h\u00e9tk\u00f6znapi val\u00f3s\u00e1gk\u00e9nt l\u00e1thatta a jellegzetes jurt\u00e1kkal \u00e9s viseletekkel egy\u00fctt.<br \/>\nA m\u00e1jus 11-\u00e9t\u0151l okt\u00f3ber 11-\u00e9ig tart\u00f3, Szerbi\u00e1t, Bulg\u00e1ri\u00e1t, T\u00f6r\u00f6korsz\u00e1got, Gr\u00fazi\u00e1t, Azerbajdzs\u00e1nt, Ir\u00e1nt, T\u00fcrkmeniszt\u00e1nt, \u00dczbegiszt\u00e1nt, Kirgiziszt\u00e1nt, Kazahszt\u00e1nt, Oroszorsz\u00e1got, Ukrajn\u00e1t, majd Rom\u00e1ni\u00e1t \u00e9rint\u0151 exped\u00edci\u00f3hoz egy-egy h\u00f3napra csatlakozott \u00f6sszesen \u00f6t fiatal kutat\u00f3 is. A k\u00e9t turkol\u00f3gust, k\u00e9t botanikust \u00e9s egy k\u00f6rnyezetgazd\u00e1lkod\u00e1si agr\u00e1rm\u00e9rn\u00f6k\u00f6t sz\u00e1ml\u00e1l\u00f3 kutat\u00f3csoport megfigyel\u00e9seit is tartalmazza majd az exped\u00edci\u00f3t bemutat\u00f3, hamarosan megjelen\u0151 k\u00f6tet.<br \/>\nAz exped\u00edci\u00f3 v\u00e9dn\u00f6ke volt Simicsk\u00f3 Istv\u00e1n sport\u00e9rt \u00e9s ifj\u00fas\u00e1g\u00e9rt felel\u0151s \u00e1llamtitk\u00e1r, valamint Szijj\u00e1rt\u00f3 P\u00e9ter k\u00fcl\u00fcgyi \u00e9s k\u00fclgazdas\u00e1gi \u00e1llamtitk\u00e1r is.(MTI)<\/p>\n","protected":false},"excerpt":{"rendered":"<p>Lezs\u00e1k S\u00e1ndor, szerint a korm\u00e1ny keleti nyit\u00e1sra vonatkoz\u00f3 politik\u00e1ja nemcsak a gazdas\u00e1gi kapcsolatok er\u0151s\u00edt\u00e9s\u00e9t jelenti a t\u00e1volabbi t\u00e9rs\u00e9gekkel, hanem azt is, hogy az orsz\u00e1g nem feledi el \u00e1zsiai gy\u00f6kereit. Az Orsz\u00e1ggy\u0171l\u00e9s aleln\u00f6ke err\u0151l a Nemzeti F\u00f3rum K\u00f6lcsey K\u00f6r\u00e9nek egy k\u00f6z\u00e9p-\u00e1zsiai exped\u00edci\u00f3val foglalkoz\u00f3 konferenci\u00e1j\u00e1n besz\u00e9lt szerda este.<\/p>\n","protected":false},"author":1,"featured_media":0,"comment_status":"open","ping_status":"closed","sticky":false,"template":"","format":"standard","meta":[],"categories":[48],"tags":[],"_links":{"self":[{"href":"https:\/\/gazdasagportal.hu\/index.php\/wp-json\/wp\/v2\/posts\/23233"}],"collection":[{"href":"https:\/\/gazdasagportal.hu\/index.php\/wp-json\/wp\/v2\/posts"}],"about":[{"href":"https:\/\/gazdasagportal.hu\/index.php\/wp-json\/wp\/v2\/types\/post"}],"author":[{"embeddable":true,"href":"https:\/\/gazdasagportal.hu\/index.php\/wp-json\/wp\/v2\/users\/1"}],"replies":[{"embeddable":true,"href":"https:\/\/gazdasagportal.hu\/index.php\/wp-json\/wp\/v2\/comments?post=23233"}],"version-history":[{"count":1,"href":"https:\/\/gazdasagportal.hu\/index.php\/wp-json\/wp\/v2\/posts\/23233\/revisions"}],"predecessor-version":[{"id":23234,"href":"https:\/\/gazdasagportal.hu\/index.php\/wp-json\/wp\/v2\/posts\/23233\/revisions\/23234"}],"wp:attachment":[{"href":"https:\/\/gazdasagportal.hu\/index.php\/wp-json\/wp\/v2\/media?parent=23233"}],"wp:term":[{"taxonomy":"category","embeddable":true,"href":"https:\/\/gazdasagportal.hu\/index.php\/wp-json\/wp\/v2\/categories?post=23233"},{"taxonomy":"post_tag","embeddable":true,"href":"https:\/\/gazdasagportal.hu\/index.php\/wp-json\/wp\/v2\/tags?post=23233"}],"curies":[{"name":"wp","href":"https:\/\/api.w.org\/{rel}","templated":true}]}}