{"id":23226,"date":"2013-12-11T19:34:10","date_gmt":"2013-12-11T18:34:10","guid":{"rendered":"http:\/\/stockportal.hu\/?p=23226"},"modified":"2013-12-11T18:06:19","modified_gmt":"2013-12-11T17:06:19","slug":"a-gyed-extra-attorest-hozhat-a-nok-foglalkoztatasaban","status":"publish","type":"post","link":"https:\/\/gazdasagportal.hu\/index.php\/a-gyed-extra-attorest-hozhat-a-nok-foglalkoztatasaban\/","title":{"rendered":"A gyed extra \u00e1tt\u00f6r\u00e9st hozhat a n\u0151k foglalkoztat\u00e1s\u00e1ban"},"content":{"rendered":"<p><strong>A gyed extra \u00e1tt\u00f6r\u00e9st hozhat a n\u0151k foglalkoztat\u00e1s\u00e1ban, \u00f6szt\u00f6nzi a gyermekv\u00e1llal\u00e1st \u00e9s seg\u00edti a gyermeknevel\u00e9st &#8211; err\u0151l Juh\u00e1sz Tibor Somogy megyei korm\u00e1nymegb\u00edzott \u00e9s Gelencs\u00e9r Attila (Fidesz-KDNP), a megyei \u00f6nkorm\u00e1nyzat eln\u00f6ke, Kaposv\u00e1r orsz\u00e1ggy\u0171l\u00e9si k\u00e9pvisel\u0151je besz\u00e9lt szerd\u00e1n Kaposv\u00e1ron, a parlament h\u00e9tf\u0151n meghozott d\u00f6nt\u00e9s\u00e9t ismertetve.<!--more--><\/strong><\/p>\n<p>Juh\u00e1sz Tibor a janu\u00e1rban \u00e9letbe l\u00e9p\u0151 int\u00e9zked\u00e9sr\u0151l tartott sajt\u00f3t\u00e1j\u00e9koztat\u00f3n azt mondta: a gyed extra \u00e1tt\u00f6r\u00e9st hozhat a foglalkoztat\u00e1sban, mivel a gyermek egy\u00e9ves kora ut\u00e1n az \u00e9desany\u00e1k, ha akarnak, dolgozhatnak, emellett jogosultak maradnak a gyedre \u00e9s a gyesre.<br \/>\nA korm\u00e1nymegb\u00edzott hangs\u00falyozta: a kisgyermekes \u00e9desany\u00e1k munk\u00e1ba \u00e1ll\u00e1s\u00e1t azzal is seg\u00edtik, hogy ad\u00f3kedvezm\u00e9nyt k\u00edn\u00e1lnak az \u0151ket foglalkoztat\u00f3 munkaad\u00f3knak. A munka\u00fcgyi k\u00f6zpont kiemelt feladatk\u00e9nt kezeli a gyedr\u0151l, gyesr\u0151l munk\u00e1ba visszat\u00e9r\u0151k seg\u00edt\u00e9s\u00e9t, hogy a kor\u00e1bbi vagy egy \u00faj munkahelyen elhelyezkedhessenek, ak\u00e1r teljes, ak\u00e1r r\u00e9szmunkaid\u0151ben &#8211; tette hozz\u00e1.<br \/>\nJuh\u00e1sz Tibor kiemelte: a gyed \u00e9s gyes lej\u00e1rta ut\u00e1n sem hagyj\u00e1k magukra a kisgyermeket nevel\u0151 \u00e9s a munk\u00e1ba visszat\u00e9r\u0151 any\u00e1kat, a munkahelyv\u00e9delmi akci\u00f3 keret\u00e9ben k\u00fcl\u00f6nb\u00f6z\u0151 ad\u00f3kedvezm\u00e9nyeket biztos\u00edtanak, amivel azt szeretn\u00e9k el\u00e9rni, hogy a munkaad\u00f3k a kisgyermeket nevel\u0151 any\u00e1kat sz\u00edvesebben foglalkoztass\u00e1k.<br \/>\nA korm\u00e1nymegb\u00edzott Somogy lakoss\u00e1g\u00e1ra, a sz\u00fcletett gyermekek sz\u00e1m\u00e1ra vonatkoz\u00f3 statisztikai adatokat ismertetve elmondta: a megye n\u00e9pess\u00e9ge az elm\u00falt h\u00e1rom \u00e9vben cs\u00f6kkent. A lakosok sz\u00e1m\u00e1ra 2010-ben 321 764 volt, m\u00edg jelenleg 318 046.<br \/>\nA cs\u00f6kken\u00e9s a gyed extr\u00e1nak k\u00f6sz\u00f6nhet\u0151en a v\u00e1rakoz\u00e1sok szerint meg fog \u00e1llni &#8211; mondta Juh\u00e1sz Tibor. Az el\u0151bbin\u00e9l kedvez\u0151bb adatk\u00e9nt eml\u00edtette, hogy 2012-ben az el\u0151z\u0151 \u00e9vin\u00e9l t\u00f6bb, 2559 gyermek sz\u00fcletett a megy\u00e9ben. K\u00f6zl\u00e9se szerint tavaly Somogyban 1458-an vett\u00e9k ig\u00e9nybe a gyedet, 5429-en a gyest, gyermek\u00e1gyi seg\u00e9lyben pedig 463-an r\u00e9szes\u00fcltek.<br \/>\nGelencs\u00e9r Attila kiemelte: a gyed extra \u00f6szt\u00f6nzi a gyermekv\u00e1llal\u00e1st, seg\u00edti a gyermeknevel\u00e9st, \u00e9s kedvez\u0151bb felt\u00e9teleket biztos\u00edt ahhoz, hogy a kisgyermekes sz\u00fcl\u0151k munk\u00e1ba \u00e1llhassanak.<br \/>\n&#8222;A gyed extr\u00e1val a n\u0151k \u00e9s az \u00e9desany\u00e1k ir\u00e1nti megbecs\u00fcl\u00e9s\u00fcnket szerett\u00fck volna kifejezni&#8221; &#8211; fogalmazott a politikus, hangs\u00falyozva, hogy a gyed extr\u00e1nak k\u00f6sz\u00f6nhet\u0151en nem kell az \u00e9desany\u00e1knak v\u00e1lasztaniuk a munka \u00e9s a gyermeknevel\u00e9s k\u00f6z\u00f6tt, hiszen a munk\u00e1ba \u00e1ll\u00e1ssal nem vesz\u00edtik el a j\u00e1rand\u00f3s\u00e1got.<br \/>\n\u00dagy v\u00e9lekedett, hogy &#8222;2010 el\u0151tt n\u0151nek, any\u00e1nak lenni h\u00e1tr\u00e1nyt jelentett a munkaer\u0151piacon&#8221;, a mostani korm\u00e1ny azonban csal\u00e1dbar\u00e1t politik\u00e1t folytat. Erre p\u00e9ldak\u00e9nt eml\u00edtette a csal\u00e1di ad\u00f3rendszer bevezet\u00e9s\u00e9t, a babak\u00f6tv\u00e9nyt \u00e9s a kiskereset\u0171ek ad\u00f3j\u00e1nak cs\u00f6kkent\u00e9s\u00e9t.<br \/>\nGelencs\u00e9r Attila k\u00f6z\u00f6lte: az int\u00e9zked\u00e9seknek k\u00f6sz\u00f6nhet\u0151en 2014-ben j\u00f3val t\u00f6bb p\u00e9nz marad a csal\u00e1dokn\u00e1l. &#8222;Azt is mondhatjuk, hogy a j\u00f6v\u0151 \u00e9vi k\u00f6lts\u00e9gvet\u00e9s a csal\u00e1dok k\u00f6lts\u00e9gvet\u00e9se&#8221; &#8211; tette hozz\u00e1.(MTI)<\/p>\n","protected":false},"excerpt":{"rendered":"<p>A gyed extra \u00e1tt\u00f6r\u00e9st hozhat a n\u0151k foglalkoztat\u00e1s\u00e1ban, \u00f6szt\u00f6nzi a gyermekv\u00e1llal\u00e1st \u00e9s seg\u00edti a gyermeknevel\u00e9st &#8211; err\u0151l Juh\u00e1sz Tibor Somogy megyei korm\u00e1nymegb\u00edzott \u00e9s Gelencs\u00e9r Attila (Fidesz-KDNP), a megyei \u00f6nkorm\u00e1nyzat eln\u00f6ke, Kaposv\u00e1r orsz\u00e1ggy\u0171l\u00e9si k\u00e9pvisel\u0151je besz\u00e9lt szerd\u00e1n Kaposv\u00e1ron, a parlament h\u00e9tf\u0151n meghozott d\u00f6nt\u00e9s\u00e9t ismertetve.<\/p>\n","protected":false},"author":1,"featured_media":0,"comment_status":"open","ping_status":"closed","sticky":false,"template":"","format":"standard","meta":[],"categories":[19],"tags":[],"_links":{"self":[{"href":"https:\/\/gazdasagportal.hu\/index.php\/wp-json\/wp\/v2\/posts\/23226"}],"collection":[{"href":"https:\/\/gazdasagportal.hu\/index.php\/wp-json\/wp\/v2\/posts"}],"about":[{"href":"https:\/\/gazdasagportal.hu\/index.php\/wp-json\/wp\/v2\/types\/post"}],"author":[{"embeddable":true,"href":"https:\/\/gazdasagportal.hu\/index.php\/wp-json\/wp\/v2\/users\/1"}],"replies":[{"embeddable":true,"href":"https:\/\/gazdasagportal.hu\/index.php\/wp-json\/wp\/v2\/comments?post=23226"}],"version-history":[{"count":1,"href":"https:\/\/gazdasagportal.hu\/index.php\/wp-json\/wp\/v2\/posts\/23226\/revisions"}],"predecessor-version":[{"id":23227,"href":"https:\/\/gazdasagportal.hu\/index.php\/wp-json\/wp\/v2\/posts\/23226\/revisions\/23227"}],"wp:attachment":[{"href":"https:\/\/gazdasagportal.hu\/index.php\/wp-json\/wp\/v2\/media?parent=23226"}],"wp:term":[{"taxonomy":"category","embeddable":true,"href":"https:\/\/gazdasagportal.hu\/index.php\/wp-json\/wp\/v2\/categories?post=23226"},{"taxonomy":"post_tag","embeddable":true,"href":"https:\/\/gazdasagportal.hu\/index.php\/wp-json\/wp\/v2\/tags?post=23226"}],"curies":[{"name":"wp","href":"https:\/\/api.w.org\/{rel}","templated":true}]}}