{"id":23201,"date":"2013-12-11T14:53:41","date_gmt":"2013-12-11T13:53:41","guid":{"rendered":"http:\/\/stockportal.hu\/?p=23201"},"modified":"2013-12-11T14:17:46","modified_gmt":"2013-12-11T13:17:46","slug":"fokozatosan-le-kell-epiteni-a-devizaadossagot","status":"publish","type":"post","link":"https:\/\/gazdasagportal.hu\/index.php\/fokozatosan-le-kell-epiteni-a-devizaadossagot\/","title":{"rendered":"Fokozatosan le kell \u00e9p\u00edteni a devizaad\u00f3ss\u00e1got"},"content":{"rendered":"<p><strong>A magyar ad\u00f3ss\u00e1gon bel\u00fcl fokozatosan le kell \u00e9p\u00edteni a devizaad\u00f3ss\u00e1got, mivel annak k\u00f6zel 50 sz\u00e1zal\u00e9kos r\u00e9szar\u00e1nya nemzetk\u00f6zi szinten magasnak mondhat\u00f3, emellett kock\u00e1zatos is &#8211; mondta Borb\u00e9ly L\u00e1szl\u00f3 Andr\u00e1s, az \u00c1llamad\u00f3ss\u00e1g Kezel\u0151 K\u00f6zpont (\u00c1KK) \u00e1ltal\u00e1nos vez\u00e9rigazgat\u00f3-helyettese szerd\u00e1n a Magyar K\u00f6zgazdas\u00e1gi T\u00e1rsas\u00e1g \u00e9s a TAS-11 Kft. &#8222;V\u00e1ls\u00e1gfogyatkoz\u00e1s&#8221; c\u00edm\u0171 konferenci\u00e1j\u00e1n.<!--more--><\/strong><\/p>\n<p>A devizaad\u00f3ss\u00e1g fokozatos cs\u00f6kkent\u00e9se \u00fagy \u00e9rhet\u0151 el, hogy a lej\u00e1r\u00f3 devizaad\u00f3ss\u00e1got alapvet\u0151en deviz\u00e1b\u00f3l, a lej\u00e1r\u00f3 forintad\u00f3ss\u00e1got pedig forintb\u00f3l \u00faj\u00edtj\u00e1k meg, \u00e9s a k\u00f6lts\u00e9gvet\u00e9si hi\u00e1nyt is forintb\u00f3l finansz\u00edrozz\u00e1k. Egy ilyen strat\u00e9gi\u00e1val 1997 \u00e9s 2004 k\u00f6z\u00f6tt 40-r\u0151l 25 sz\u00e1zal\u00e9kra siker\u00fclt levinni\u00a0\u00a0a devizaad\u00f3ss\u00e1g r\u00e9szar\u00e1ny\u00e1t, vagyis ez j\u00f3 strat\u00e9gia, de id\u0151be ker\u00fcl &#8211; tette hozz\u00e1.<br \/>\nAz \u00c1KK \u00e1ltal\u00e1nos vez\u00e9rigazgat\u00f3-helyettese szerint stabilabb\u00e1 teszi a refinansz\u00edroz\u00e1st a belf\u00f6ldi befektet\u0151k s\u00faly\u00e1nak n\u00f6vel\u00e9se; a lakoss\u00e1gnak mindig is fontos szerepe volt az \u00e1llampap\u00edrok \u00e9rt\u00e9kes\u00edt\u00e9s\u00e9ben.<br \/>\nBorb\u00e9ly L\u00e1szl\u00f3 Andr\u00e1s sz\u00f3lt arr\u00f3l is, hogy szeretn\u00e9k b\u0151v\u00edteni az \u00e1llampap\u00edr-\u00e9rt\u00e9kes\u00edt\u00e9si h\u00e1l\u00f3zatot \u00e9s \u00faj term\u00e9keket bevezetni. Kiemelte: 2011 v\u00e9g\u00e9n 60 milli\u00e1rd forint volt a kamatoz\u00f3 kincst\u00e1rjegy \u00e1llom\u00e1ny, ez jelenleg 960 milli\u00e1rd forint felett van, vagyis alig k\u00e9t \u00e9v alatt megt\u00edzszerez\u0151d\u00f6tt az \u00e1llom\u00e1ny. \u00dagy v\u00e9lte, ha siker\u00fcl a belf\u00f6ldiek szerep\u00e9t tov\u00e1bb jav\u00edtani, az stabilabb\u00e1 teszi a refinansz\u00edroz\u00e1st.<br \/>\nKov\u00e1cs \u00c1rp\u00e1d, a Magyar K\u00f6zgazdas\u00e1gi T\u00e1rsas\u00e1g (MKT) \u00e9s a K\u00f6lts\u00e9gvet\u00e9si Tan\u00e1cs eln\u00f6ke arra h\u00edvta fel a figyelmet, hogy jav\u00edtani kell Magyarorsz\u00e1g versenyk\u00e9pess\u00e9g\u00e9t, mert b\u00e1r az orsz\u00e1g versenyk\u00e9pess\u00e9gi helyzete jelent\u0151s roml\u00e1s ut\u00e1n most stagn\u00e1l, k\u00f6z\u00e9pt\u00e1von a potenci\u00e1lis szint alatt maradhat a gazdas\u00e1gi n\u00f6veked\u00e9s.<br \/>\nKifejtette: a gazdas\u00e1gi n\u00f6veked\u00e9sben Magyarorsz\u00e1g r\u00e9gi\u00f3s \u00f6sszevet\u00e9sben tov\u00e1bbra is sereghajt\u00f3 n\u00e9h\u00e1ny struktur\u00e1lis probl\u00e9ma miatt, \u00e9s ez nem maradhat \u00edgy, mert az adotts\u00e1gok alapj\u00e1n 4 sz\u00e1zal\u00e9k k\u00f6r\u00fcli potenci\u00e1lis n\u00f6veked\u00e9s rajzol\u00f3dik ki k\u00f6z\u00e9pt\u00e1von, ugyanakkor a korm\u00e1ny el\u0151rejelz\u00e9seiben is enn\u00e9l alacsonyabb \u00e1tlagos n\u00f6veked\u00e9si v\u00e1rakoz\u00e1s szerepel a k\u00f6vetkez\u0151 \u00e9vekre.<br \/>\nA K\u00f6lts\u00e9gvet\u00e9si Tan\u00e1cs eln\u00f6ke hangs\u00falyozta ugyanakkor: a beruh\u00e1z\u00e1si kil\u00e1t\u00e1sok nem romlottak az ut\u00f3bbi \u00e9vekben, a forint \u00e1rfolyama stabil, cs\u00f6kkentek a finansz\u00edroz\u00e1si k\u00f6lts\u00e9gek, de a t\u0151kekivon\u00e1s ter\u00fclet\u00e9n van m\u00e9g tennival\u00f3. Hozz\u00e1f\u0171zte: a v\u00e1ls\u00e1g \u00f3ta nagyj\u00e1b\u00f3l azonos szinten van a magyar versenyk\u00e9pess\u00e9gi szint, javul\u00e1s\u00e1t a gazdas\u00e1gi ir\u00e1ny\u00edt\u00e1si mechanizmus 2013 k\u00f6zep\u00e9ig h\u00fazod\u00f3 nagym\u00e9rt\u00e9k\u0171 \u00e1talak\u00edt\u00e1sa ugyan nem seg\u00edtette, de az \u00faj szerkezet 2014-t\u0151l m\u00e1r kedvez\u0151en hathat a versenyk\u00e9pess\u00e9gre.<br \/>\nKov\u00e1cs \u00c1rp\u00e1d kit\u00e9rt arra is, hogy az ad\u00f3ss\u00e1g szer\u00e9ny m\u00e9rt\u00e9kben cs\u00f6kkent, ezt a tendenci\u00e1t tov\u00e1bb kell vinni, b\u00e1r a gyors le\u00e9p\u00edt\u00e9s es\u00e9lye nagyon kicsi.<br \/>\nSim\u00e1k P\u00e1l, az MKB Bank Zrt. eln\u00f6k-vez\u00e9rigazgat\u00f3ja el\u0151ad\u00e1s\u00e1ban hangs\u00falyozta: a cs\u00f6kken\u0151 kamatk\u00f6rnyezetnek kedvez\u0151 hat\u00e1sa van a v\u00e1llalati hitelez\u00e9s felfut\u00e1s\u00e1ra, \u00e9s &#8222;\u00e1tmozg\u00e1s&#8221; van a bet\u00e9tekb\u0151l az \u00e1llampap\u00edrok, befektet\u00e9si alapok \u00e9s k\u00f6tv\u00e9nyek ir\u00e1ny\u00e1ba, ami a bankrendszernek \u00faj szolg\u00e1ltat\u00e1si lehet\u0151s\u00e9geket ny\u00fajt.<br \/>\nElmondta: az ut\u00f3bbi \u00e9vekben elk\u00f6nyvelt vesztes\u00e9geket a bankok k\u00f6lts\u00e9gcs\u00f6kkent\u00e9ssel kompenz\u00e1lt\u00e1k: k\u00f6r\u00fclbel\u00fcl 500 milli\u00f3 eur\u00f3val, 25 sz\u00e1zal\u00e9kkal cs\u00f6kkentett\u00e9k k\u00f6lts\u00e9geiket, ami csak a kies\u0151 bev\u00e9teleket p\u00f3tolta, de sem a megemelkedett c\u00e9ltartal\u00e9kol\u00e1si ig\u00e9nyeket, sem az egy\u00e9b terheket &#8211; p\u00e9ld\u00e1ul a bankad\u00f3t nem fedezte. A k\u00f6lts\u00e9galkalmazkod\u00e1s ugyanakkor azzal az el\u0151nnyel j\u00e1r, hogy er\u0151s\u00edti az innov\u00e1ci\u00f3t a bankokn\u00e1l &#8211; f\u0171zte hozz\u00e1 Sim\u00e1k P\u00e1l.<br \/>\nA Magyar Nemzeti Bank (MNB) n\u00f6veked\u00e9si hitelprogramj\u00e1r\u00f3l (nhp) sz\u00f3lva elmondta, hogy annak k\u00f6sz\u00f6nhet\u0151en hitelez\u00e9si aktvit\u00e1st l\u00e1tnak, b\u00e1r a tov\u00e1bbadott hitel alacsony kamata, valamint hogy nem minden \u00fcgyf\u00e9l felel meg a foly\u00f3s\u00edt\u00e1s felt\u00e9teleinek kiss\u00e9 korl\u00e1tozza az el\u0151ny\u00f6ket. Az eln\u00f6k-vez\u00e9rigazgat\u00f3 szerint az nhp m\u00e1sodik szakasz\u00e1ban visszafogottabb lehet a v\u00e1llalkoz\u00e1si aktivit\u00e1s a hosszabb rendelkez\u00e9sre \u00e1ll\u00f3 id\u0151 miatti kiv\u00e1r\u00e1s ok\u00e1n, de arra sz\u00e1m\u00edt, hogy jelent\u0151s r\u00e9szt hiteleznek ki a rendelkez\u00e9sre \u00e1ll\u00f3 forr\u00e1sb\u00f3l.<br \/>\nA j\u00f6v\u0151ben kih\u00edv\u00e1st jelent lakoss\u00e1gi devizahitelek probl\u00e9m\u00e1j\u00e1nak megold\u00e1sa, amelynek eredm\u00e9nyek\u00e9ppen rem\u00e9nyei szerint visszaszorul a nemteljes\u00edt\u0151 hitel\u00e1llom\u00e1ny. Megjegyezte: egyre t\u00f6bb olyan \u00fcgyfel\u00fck van, aki nem az\u00e9rt nem fizet, mert nem tud, hanem mert nem akar, \u00e9s &#8222;egy \u00f6rd\u00f6gi k\u00f6rbe kezd\u00fcnk belefutni&#8221;, romlik a bank a portf\u00f3li\u00f3ja. Hozz\u00e1f\u0171zte: b\u00edzik abban, hogy december 16-\u00e1n a K\u00faria d\u00f6nt\u00e9se ut\u00e1n viszonylag gyorsan lez\u00e1rul a k\u00e9rd\u00e9s, \u00e9s mindenki kisz\u00e1m\u00edthat\u00f3an tud tervezni.<br \/>\nSim\u00e1k P\u00e1l szerint a magyar bankrendszer sok kih\u00edv\u00e1ssal n\u00e9z szembe, \u00e9s v\u00e1rhat\u00f3an jelent\u0151s struktur\u00e1lis \u00e1talak\u00edt\u00e1sok lesznek a bankrendszerben, a j\u00f3 strat\u00e9gi\u00e1t v\u00e1laszt\u00f3 bankok azonban sikeresek tudnak maradni k\u00f6z\u00e9pt\u00e1von.(MTI)<\/p>\n","protected":false},"excerpt":{"rendered":"<p>A magyar ad\u00f3ss\u00e1gon bel\u00fcl fokozatosan le kell \u00e9p\u00edteni a devizaad\u00f3ss\u00e1got, mivel annak k\u00f6zel 50 sz\u00e1zal\u00e9kos r\u00e9szar\u00e1nya nemzetk\u00f6zi szinten magasnak mondhat\u00f3, emellett kock\u00e1zatos is &#8211; mondta Borb\u00e9ly L\u00e1szl\u00f3 Andr\u00e1s, az \u00c1llamad\u00f3ss\u00e1g Kezel\u0151 K\u00f6zpont (\u00c1KK) \u00e1ltal\u00e1nos vez\u00e9rigazgat\u00f3-helyettese szerd\u00e1n a Magyar K\u00f6zgazdas\u00e1gi T\u00e1rsas\u00e1g \u00e9s a TAS-11 Kft. &#8222;V\u00e1ls\u00e1gfogyatkoz\u00e1s&#8221; c\u00edm\u0171 konferenci\u00e1j\u00e1n.<\/p>\n","protected":false},"author":1,"featured_media":0,"comment_status":"open","ping_status":"closed","sticky":false,"template":"","format":"standard","meta":[],"categories":[19],"tags":[],"_links":{"self":[{"href":"https:\/\/gazdasagportal.hu\/index.php\/wp-json\/wp\/v2\/posts\/23201"}],"collection":[{"href":"https:\/\/gazdasagportal.hu\/index.php\/wp-json\/wp\/v2\/posts"}],"about":[{"href":"https:\/\/gazdasagportal.hu\/index.php\/wp-json\/wp\/v2\/types\/post"}],"author":[{"embeddable":true,"href":"https:\/\/gazdasagportal.hu\/index.php\/wp-json\/wp\/v2\/users\/1"}],"replies":[{"embeddable":true,"href":"https:\/\/gazdasagportal.hu\/index.php\/wp-json\/wp\/v2\/comments?post=23201"}],"version-history":[{"count":1,"href":"https:\/\/gazdasagportal.hu\/index.php\/wp-json\/wp\/v2\/posts\/23201\/revisions"}],"predecessor-version":[{"id":23202,"href":"https:\/\/gazdasagportal.hu\/index.php\/wp-json\/wp\/v2\/posts\/23201\/revisions\/23202"}],"wp:attachment":[{"href":"https:\/\/gazdasagportal.hu\/index.php\/wp-json\/wp\/v2\/media?parent=23201"}],"wp:term":[{"taxonomy":"category","embeddable":true,"href":"https:\/\/gazdasagportal.hu\/index.php\/wp-json\/wp\/v2\/categories?post=23201"},{"taxonomy":"post_tag","embeddable":true,"href":"https:\/\/gazdasagportal.hu\/index.php\/wp-json\/wp\/v2\/tags?post=23201"}],"curies":[{"name":"wp","href":"https:\/\/api.w.org\/{rel}","templated":true}]}}