{"id":23199,"date":"2013-12-11T14:01:18","date_gmt":"2013-12-11T13:01:18","guid":{"rendered":"http:\/\/stockportal.hu\/?p=23199"},"modified":"2013-12-11T14:12:30","modified_gmt":"2013-12-11T13:12:30","slug":"iden-nyolcmilliardos-vesztesege-volt-a-vizikozmu-cegeknek","status":"publish","type":"post","link":"https:\/\/gazdasagportal.hu\/index.php\/iden-nyolcmilliardos-vesztesege-volt-a-vizikozmu-cegeknek\/","title":{"rendered":"Id\u00e9n nyolcmilli\u00e1rdos vesztes\u00e9ge volt a v\u00edzik\u00f6zm\u0171-c\u00e9geknek"},"content":{"rendered":"<p><strong>Nyolcmilli\u00e1rd forintos vesztes\u00e9get k\u00f6nyvelhettek el az \u00e1llami tulajdon\u00fa v\u00edzik\u00f6zm\u0171-c\u00e9gek id\u00e9n \u2013 mondta szerdai budapesti sajt\u00f3t\u00e1j\u00e9koztat\u00f3j\u00e1n J\u00e1vor Benedek, az\u00a0\u00a0Egy\u00fctt-PM t\u00e1rseln\u00f6ke.<!--more--><\/strong><\/p>\n<p>K\u00f6z\u00f6lte: N\u00e9meth L\u00e1szl\u00f3n\u00e9 nemzeti fejleszt\u00e9si miniszterhez fordult, hogy a rezsics\u00f6kkent\u00e9s hogyan hatott ezekre a v\u00e1llalkoz\u00e1sokra, \u00e9s az adatot az \u00edr\u00e1sbeli k\u00e9rd\u00e9sre adott v\u00e1laszb\u00f3l id\u00e9zte.<br \/>\nA f\u00fcggetlen k\u00e9pvisel\u0151 szavai szerint a nyolcmilli\u00e1rd forintos vesztes\u00e9get majd a magyar \u00e1llamnak kell visszap\u00f3tolnia az &#8222;egy\u00e9bk\u00e9nt is kritikus helyzetben l\u00e9v\u0151&#8221; k\u00f6lts\u00e9gvet\u00e9s terh\u00e9re.<br \/>\nK\u00e9rd\u00e9sre kifejtette: arra vonatkoz\u00f3an nincsenek pontos adatok, hogy a teljes nyolcmilli\u00e1rd forintos vesztes\u00e9get a rezsics\u00f6kkent\u00e9s okozza-e, de abban biztos, hogy a c\u00e9gek \u00e1rbev\u00e9tel\u00e9re hat\u00e1st gyakoroltak ezek az int\u00e9zked\u00e9sek.<br \/>\nAz \u00e9rintett v\u00e1llalatok a kor\u00e1bbi \u00e9vekben null szald\u00f3 k\u00f6r\u00fcli eredm\u00e9nyt produk\u00e1ltak, vagy szer\u00e9ny nyeres\u00e9get vagy szer\u00e9ny vesztes\u00e9get tudtak felmutatni &#8211; mondta. Hozz\u00e1tette: &#8222;ha ezek a c\u00e9gek 2013-ban, amikor bel\u00e9p a rezsics\u00f6kkent\u00e9s, nyolcmilli\u00e1rd forint vesztes\u00e9get k\u00f6nyvelnek el, akkor \u00f3hatatlan arra gondolni, hogy ennek k\u00f6zvetlen hat\u00e1sa van&#8221; az eredm\u00e9nyess\u00e9g\u00fckre.<br \/>\nEgy a Demokratikus Koal\u00edci\u00f3val (DK) val\u00f3 esetleges egy\u00fcttm\u0171k\u00f6d\u00e9sre vonatkoz\u00f3 k\u00e9rd\u00e9st \u00fagy komment\u00e1lt, hogy az Egy\u00fctt-PM a 2014-es v\u00e1laszt\u00e1s megnyer\u00e9s\u00e9t t\u0171zte ki c\u00e9lul \u00e9s olyan egy\u00fcttm\u0171k\u00f6d\u00e9seket keres, amelyek lehet\u0151v\u00e9 teszik az ellenz\u00e9ki gy\u0151zelmet; ez\u00e9rt hoztak l\u00e9tre v\u00e1laszt\u00e1si sz\u00f6vets\u00e9get az MSZP-vel.<br \/>\nK\u00f6z\u00f6s c\u00e9l a korm\u00e1nyv\u00e1lt\u00e1s el\u00e9r\u00e9se, de azok az &#8222;ultim\u00e1tumok&#8221;, amelyekkel a Demokratikus Koal\u00edci\u00f3 az elm\u00falt h\u00f3napokban \u00e9lt, nem a v\u00e1laszt\u00e1si gy\u0151zelmet, hanem az ellenz\u00e9ken bel\u00fcli konfliktusok gener\u00e1l\u00e1s\u00e1t seg\u00edtik &#8211; \u00e9rt\u00e9kelte J\u00e1vor Benedek. Hozz\u00e1f\u0171zte: ha Gyurcs\u00e1ny Ferenc \u00e9s a DK hozz\u00e1 akar j\u00e1rulni az ellenz\u00e9k gy\u0151zelm\u00e9hez, tal\u00e1lj\u00e1k meg azokat az eszk\u00f6z\u00f6ket, amelyekkel seg\u00edteni tudj\u00e1k a korm\u00e1nyv\u00e1lt\u00e1st.(MTI)<\/p>\n","protected":false},"excerpt":{"rendered":"<p>Nyolcmilli\u00e1rd forintos vesztes\u00e9get k\u00f6nyvelhettek el az \u00e1llami tulajdon\u00fa v\u00edzik\u00f6zm\u0171-c\u00e9gek id\u00e9n \u2013 mondta szerdai budapesti sajt\u00f3t\u00e1j\u00e9koztat\u00f3j\u00e1n J\u00e1vor Benedek, az\u00a0\u00a0Egy\u00fctt-PM t\u00e1rseln\u00f6ke.<\/p>\n","protected":false},"author":1,"featured_media":0,"comment_status":"open","ping_status":"closed","sticky":false,"template":"","format":"standard","meta":[],"categories":[18],"tags":[],"_links":{"self":[{"href":"https:\/\/gazdasagportal.hu\/index.php\/wp-json\/wp\/v2\/posts\/23199"}],"collection":[{"href":"https:\/\/gazdasagportal.hu\/index.php\/wp-json\/wp\/v2\/posts"}],"about":[{"href":"https:\/\/gazdasagportal.hu\/index.php\/wp-json\/wp\/v2\/types\/post"}],"author":[{"embeddable":true,"href":"https:\/\/gazdasagportal.hu\/index.php\/wp-json\/wp\/v2\/users\/1"}],"replies":[{"embeddable":true,"href":"https:\/\/gazdasagportal.hu\/index.php\/wp-json\/wp\/v2\/comments?post=23199"}],"version-history":[{"count":1,"href":"https:\/\/gazdasagportal.hu\/index.php\/wp-json\/wp\/v2\/posts\/23199\/revisions"}],"predecessor-version":[{"id":23200,"href":"https:\/\/gazdasagportal.hu\/index.php\/wp-json\/wp\/v2\/posts\/23199\/revisions\/23200"}],"wp:attachment":[{"href":"https:\/\/gazdasagportal.hu\/index.php\/wp-json\/wp\/v2\/media?parent=23199"}],"wp:term":[{"taxonomy":"category","embeddable":true,"href":"https:\/\/gazdasagportal.hu\/index.php\/wp-json\/wp\/v2\/categories?post=23199"},{"taxonomy":"post_tag","embeddable":true,"href":"https:\/\/gazdasagportal.hu\/index.php\/wp-json\/wp\/v2\/tags?post=23199"}],"curies":[{"name":"wp","href":"https:\/\/api.w.org\/{rel}","templated":true}]}}