{"id":23195,"date":"2013-12-11T12:47:00","date_gmt":"2013-12-11T11:47:00","guid":{"rendered":"http:\/\/stockportal.hu\/?p=23195"},"modified":"2013-12-11T12:47:00","modified_gmt":"2013-12-11T11:47:00","slug":"ukrajnai-tuntetesek-a-kormanyfo-tagadja-hogy-eroszakkal-oszlatnak-szet-a-kijevi-tuntetest","status":"publish","type":"post","link":"https:\/\/gazdasagportal.hu\/index.php\/ukrajnai-tuntetesek-a-kormanyfo-tagadja-hogy-eroszakkal-oszlatnak-szet-a-kijevi-tuntetest\/","title":{"rendered":"Ukrajnai t\u00fcntet\u00e9sek &#8211; A korm\u00e1nyf\u0151 tagadja, hogy er\u0151szakkal oszlatn\u00e1k sz\u00e9t a kijevi t\u00fcntet\u00e9st"},"content":{"rendered":"<p><strong>Sz\u00f3 sincs arr\u00f3l, hogy a rendv\u00e9delmi szervek er\u0151szakkal oszlatn\u00e1k sz\u00e9t a Kijev belv\u00e1ros\u00e1ban zajl\u00f3 t\u00fcntet\u00e9st &#8211; jelentette ki Mikola Azarov ukr\u00e1n minisztereln\u00f6k a szerdai korm\u00e1ny\u00fcl\u00e9sen.<!--more--><\/strong><\/p>\n<p>A politikus szavai szerint &#8222;az utakat akarj\u00e1k j\u00e1rhat\u00f3v\u00e1 tenni, hogy a f\u0151v\u00e1rosban visszat\u00e9rjen az \u00e9let a h\u00e9tk\u00f6znapi ker\u00e9kv\u00e1g\u00e1sba&#8221;. C\u00e1folta, hogy a bel\u00fcgyi egys\u00e9gek k\u00f6nnyg\u00e1zt \u00e9s egy\u00e9b k\u00e9nyszer\u00edt\u0151 eszk\u00f6z\u00f6ket vetettek volna be az eur\u00f3pai integr\u00e1ci\u00f3\u00e9rt \u00e9s hatalomv\u00e1lt\u00e1s\u00e9rt t\u00fcntet\u0151kkel szemben.<br \/>\nEk\u00f6zben az ellenz\u00e9ki Haza (Batykivscsina) p\u00e1rt egyik k\u00e9pvisel\u0151je a Facebook k\u00f6z\u00f6ss\u00e9gi port\u00e1lon k\u00f6zz\u00e9tette, hogy a szerdai rohamrend\u0151ri ostrom alatt \u0151rizetbe vett aktivist\u00e1k k\u00f6z\u00fcl kilencet szabadon engedtek, a b\u00edr\u00f3s\u00e1gi t\u00e1rgyal\u00e1suk v\u00e1rhat\u00f3an cs\u00fct\u00f6rt\u00f6k\u00f6n lesz. A honatya azt \u00edrta, hogy a rend\u0151rs\u00e9gen b\u00e1ntalmazt\u00e1k az \u0151rizetbe vett t\u00fcntet\u0151ket. Egyik\u00fcket kor\u00e1bban el kellett engedni\u00fck, mint a t\u00f6bbieket, mert mik\u00f6zben a rend\u0151r\u00f6k vert\u00e9k, elvesztette eszm\u00e9let\u00e9t.<br \/>\nAz ellenz\u00e9ki er\u0151k egyik vezet\u0151je, Oleh Tyahnibok, a nacionalista Szabads\u00e1g (Szvoboda) p\u00e1rt eln\u00f6ke a sajt\u00f3nak nyilatkozva kijelentette: az ellenz\u00e9k nem z\u00e1rja ki, hogy a bel\u00fcgyi egys\u00e9gek \u00fajabb t\u00e1mad\u00e1st int\u00e9znek a demonstr\u00e1l\u00f3k ellen. Megjegyezte, hogy a legut\u00f3bbi \u00fctk\u00f6zetet a demonstr\u00e1l\u00f3k nyert\u00e9k. &#8222;Idiotizmusnak&#8221; nevezte a rend\u0151ri akci\u00f3t, \u00e9s kiemelte, hogy a demonstr\u00e1ci\u00f3nak mindazon\u00e1ltal siker\u00fclt meg\u0151riznie b\u00e9k\u00e9s jelleg\u00e9t.(MTI)<\/p>\n","protected":false},"excerpt":{"rendered":"<p>Sz\u00f3 sincs arr\u00f3l, hogy a rendv\u00e9delmi szervek er\u0151szakkal oszlatn\u00e1k sz\u00e9t a Kijev belv\u00e1ros\u00e1ban zajl\u00f3 t\u00fcntet\u00e9st &#8211; jelentette ki Mikola Azarov ukr\u00e1n minisztereln\u00f6k a szerdai korm\u00e1ny\u00fcl\u00e9sen.<\/p>\n","protected":false},"author":1,"featured_media":0,"comment_status":"open","ping_status":"closed","sticky":false,"template":"","format":"standard","meta":[],"categories":[12],"tags":[],"_links":{"self":[{"href":"https:\/\/gazdasagportal.hu\/index.php\/wp-json\/wp\/v2\/posts\/23195"}],"collection":[{"href":"https:\/\/gazdasagportal.hu\/index.php\/wp-json\/wp\/v2\/posts"}],"about":[{"href":"https:\/\/gazdasagportal.hu\/index.php\/wp-json\/wp\/v2\/types\/post"}],"author":[{"embeddable":true,"href":"https:\/\/gazdasagportal.hu\/index.php\/wp-json\/wp\/v2\/users\/1"}],"replies":[{"embeddable":true,"href":"https:\/\/gazdasagportal.hu\/index.php\/wp-json\/wp\/v2\/comments?post=23195"}],"version-history":[{"count":1,"href":"https:\/\/gazdasagportal.hu\/index.php\/wp-json\/wp\/v2\/posts\/23195\/revisions"}],"predecessor-version":[{"id":23196,"href":"https:\/\/gazdasagportal.hu\/index.php\/wp-json\/wp\/v2\/posts\/23195\/revisions\/23196"}],"wp:attachment":[{"href":"https:\/\/gazdasagportal.hu\/index.php\/wp-json\/wp\/v2\/media?parent=23195"}],"wp:term":[{"taxonomy":"category","embeddable":true,"href":"https:\/\/gazdasagportal.hu\/index.php\/wp-json\/wp\/v2\/categories?post=23195"},{"taxonomy":"post_tag","embeddable":true,"href":"https:\/\/gazdasagportal.hu\/index.php\/wp-json\/wp\/v2\/tags?post=23195"}],"curies":[{"name":"wp","href":"https:\/\/api.w.org\/{rel}","templated":true}]}}