{"id":23191,"date":"2013-12-11T11:54:53","date_gmt":"2013-12-11T10:54:53","guid":{"rendered":"http:\/\/stockportal.hu\/?p=23191"},"modified":"2013-12-11T11:54:53","modified_gmt":"2013-12-11T10:54:53","slug":"jobbik-europai-bereket-a-magyar-multik-dolgozoinak","status":"publish","type":"post","link":"https:\/\/gazdasagportal.hu\/index.php\/jobbik-europai-bereket-a-magyar-multik-dolgozoinak\/","title":{"rendered":"Jobbik: eur\u00f3pai b\u00e9reket a magyar multik dolgoz\u00f3inak!"},"content":{"rendered":"<p><strong>A Jobbik azt kezdem\u00e9nyezi szerd\u00e1n beny\u00fajtott hat\u00e1rozati javaslat\u00e1ban, hogy a Magyarorsz\u00e1gon tev\u00e9kenyked\u0151 multinacion\u00e1lis v\u00e1llalatok a nemzetk\u00f6zi \u00e1tlagfizet\u00e9st adj\u00e1k meg a magyarorsz\u00e1gi dolgoz\u00f3iknak &#8211; mondta el szerdai sajt\u00f3t\u00e1j\u00e9koztat\u00f3j\u00e1n a beny\u00fajt\u00f3 Bertha Szilvia.<!--more--><\/strong><\/p>\n<p>Hangs\u00falyozta: a Magyarorsz\u00e1gon gazdas\u00e1gi tev\u00e9kenys\u00e9get folytat\u00f3 multi- vagy transznacion\u00e1lis v\u00e1llalatok \u00e1ltal haz\u00e1nkban foglalkoztatottak b\u00e9rsz\u00ednvonala messze elmarad az Eur\u00f3pai Uni\u00f3 \u00e1tlag\u00e1t\u00f3l, a magyarorsz\u00e1gi \u00e1rsz\u00ednvonal ugyanakkor k\u00f6zel \u00e1ll az eur\u00f3pai \u00e1tlaghoz.<br \/>\n\u00c9ppen ez\u00e9rt a Jobbik azt kezdem\u00e9nyezi, hogy a Magyarorsz\u00e1gon telephellyel vagy le\u00e1nyv\u00e1llalattal rendelkez\u0151 multi- vagy transznacion\u00e1lis kereskedelmi, szolg\u00e1ltat\u00f3 gazd\u00e1lkod\u00f3 szervezet a munkav\u00e1llal\u00f3inak a munkak\u00f6r\u00f6nk\u00e9nti legalacsonyabb munkab\u00e9r meghat\u00e1roz\u00e1s\u00e1n\u00e1l k\u00f6telez\u0151en vegye figyelembe az adott munkak\u00f6rben Magyarorsz\u00e1gon k\u00edv\u00fcl alkalmazott munkav\u00e1llal\u00f3inak v\u00e1s\u00e1rl\u00f3er\u0151-parit\u00e1son, forintban kifejezett \u00e1tlagos b\u00e9rsz\u00ednvonal\u00e1t.<br \/>\nBertha Szilvia szerint a k\u00fclf\u00f6ldi c\u00e9gek nem az olcs\u00f3 magyar munkaer\u0151, hanem a magyar piaci t\u00e9rnyer\u00e9s miatt \u00e9rkeztek az orsz\u00e1gba, ez\u00e9rt elv\u00e1rhat\u00f3 t\u0151l\u00fck, hogy cser\u00e9be &#8222;fizess\u00e9k meg tisztess\u00e9gesen a magyar munkaer\u0151t&#8221;.(MTI)<\/p>\n","protected":false},"excerpt":{"rendered":"<p>A Jobbik azt kezdem\u00e9nyezi szerd\u00e1n beny\u00fajtott hat\u00e1rozati javaslat\u00e1ban, hogy a Magyarorsz\u00e1gon tev\u00e9kenyked\u0151 multinacion\u00e1lis v\u00e1llalatok a nemzetk\u00f6zi \u00e1tlagfizet\u00e9st adj\u00e1k meg a magyarorsz\u00e1gi dolgoz\u00f3iknak &#8211; mondta el szerdai sajt\u00f3t\u00e1j\u00e9koztat\u00f3j\u00e1n a beny\u00fajt\u00f3 Bertha Szilvia.<\/p>\n","protected":false},"author":1,"featured_media":20299,"comment_status":"open","ping_status":"closed","sticky":false,"template":"","format":"standard","meta":[],"categories":[18],"tags":[],"_links":{"self":[{"href":"https:\/\/gazdasagportal.hu\/index.php\/wp-json\/wp\/v2\/posts\/23191"}],"collection":[{"href":"https:\/\/gazdasagportal.hu\/index.php\/wp-json\/wp\/v2\/posts"}],"about":[{"href":"https:\/\/gazdasagportal.hu\/index.php\/wp-json\/wp\/v2\/types\/post"}],"author":[{"embeddable":true,"href":"https:\/\/gazdasagportal.hu\/index.php\/wp-json\/wp\/v2\/users\/1"}],"replies":[{"embeddable":true,"href":"https:\/\/gazdasagportal.hu\/index.php\/wp-json\/wp\/v2\/comments?post=23191"}],"version-history":[{"count":1,"href":"https:\/\/gazdasagportal.hu\/index.php\/wp-json\/wp\/v2\/posts\/23191\/revisions"}],"predecessor-version":[{"id":23192,"href":"https:\/\/gazdasagportal.hu\/index.php\/wp-json\/wp\/v2\/posts\/23191\/revisions\/23192"}],"wp:featuredmedia":[{"embeddable":true,"href":"https:\/\/gazdasagportal.hu\/index.php\/wp-json\/wp\/v2\/media\/20299"}],"wp:attachment":[{"href":"https:\/\/gazdasagportal.hu\/index.php\/wp-json\/wp\/v2\/media?parent=23191"}],"wp:term":[{"taxonomy":"category","embeddable":true,"href":"https:\/\/gazdasagportal.hu\/index.php\/wp-json\/wp\/v2\/categories?post=23191"},{"taxonomy":"post_tag","embeddable":true,"href":"https:\/\/gazdasagportal.hu\/index.php\/wp-json\/wp\/v2\/tags?post=23191"}],"curies":[{"name":"wp","href":"https:\/\/api.w.org\/{rel}","templated":true}]}}