{"id":23062,"date":"2013-12-10T08:01:01","date_gmt":"2013-12-10T07:01:01","guid":{"rendered":"http:\/\/stockportal.hu\/?p=23062"},"modified":"2013-12-09T22:37:58","modified_gmt":"2013-12-09T21:37:58","slug":"hirteleviziot-vasarolt-az-axel-springer","status":"publish","type":"post","link":"https:\/\/gazdasagportal.hu\/index.php\/hirteleviziot-vasarolt-az-axel-springer\/","title":{"rendered":"H\u00edrtelev\u00edzi\u00f3t v\u00e1s\u00e1rolt az Axel Springer"},"content":{"rendered":"<p><strong>Az Axel Springer n\u00e9met lapkiad\u00f3 v\u00e1llalat megv\u00e1s\u00e1rolta az N24 n\u00e9met h\u00edrtelev\u00edzi\u00f3t.<!--more--><\/strong><\/p>\n<p>Az Axel Springer \u00e9s az N24 h\u00e9tf\u0151i bejelent\u00e9se szerint a h\u00edrtelev\u00edzi\u00f3 az Axel Springer konszernen bel\u00fcl a Die Welt c\u00edm\u0171 lap nyomtatott \u00e9s online kiad\u00e1sait \u00f6sszefog\u00f3 WELT-csoportba tagoz\u00f3dik be, \u00e9s valamennyi n\u00e9met Axel Springer-kiadv\u00e1ny f\u0151 mozg\u00f3k\u00e9ptartalom-ell\u00e1t\u00f3ja lesz.<br \/>\nA v\u00e9tel\u00e1rat nem k\u00f6z\u00f6lt\u00e9k. Az \u00fcgylet v\u00e9gleges\u00edt\u00e9s\u00e9hez m\u00e9dia- \u00e9s versenyhat\u00f3s\u00e1gi enged\u00e9ly is sz\u00fcks\u00e9ges.<br \/>\nA berlini k\u00f6zpont\u00fa N24 nagyj\u00e1b\u00f3l h\u00e1romsz\u00e1z embert foglalkoztat, a nyeres\u00e9ges c\u00e9g az azonos nev\u0171 h\u00edrtelev\u00edzi\u00f3 m\u0171k\u00f6dtet\u00e9se mellett h\u00edrad\u00f3m\u0171sorokkal l\u00e1tja el a Sat1, a ProSieben \u00e9s a Kabel1 kereskedelmi telev\u00edzi\u00f3t. Ezt a tev\u00e9kenys\u00e9get az \u00e9rv\u00e9nyes szerz\u0151d\u00e9sek alapj\u00e1n 2019-ig m\u00e9g biztosan folytatja.<br \/>\nAz Axel Springer strat\u00e9giai c\u00e9lja, hogy klasszikus lapkiad\u00f3b\u00f3l a digit\u00e1lis m\u00e9dia vezet\u0151 n\u00e9met szerepl\u0151j\u00e9v\u00e9 v\u00e1ljon. Ezt szolg\u00e1lja az N24 felv\u00e1s\u00e1rl\u00e1sa, amivel m\u00e1r 2005-ben is megpr\u00f3b\u00e1lkoztak, de a fel\u00fcgyeleti hat\u00f3s\u00e1gok nem enged\u00e9lyezt\u00e9k az \u00fcgyletet. \u00d6t \u00e9vvel k\u00e9s\u0151bb a h\u00edrtelev\u00edzi\u00f3t vezet\u0151 menedzserek egy csoportja kiv\u00e1s\u00e1rolta a c\u00e9get a tulajdonost\u00f3l, a ProSiebenSat.1 konszernt\u0151l, \u00e9s az\u00f3ta \u00f6n\u00e1ll\u00f3an m\u0171k\u00f6d\u00f6tt a v\u00e1llalkoz\u00e1s.<br \/>\nAz Axel Springer az online tartalomszolg\u00e1ltat\u00e1sra \u00f6sszpontos\u00edt\u00f3 strat\u00e9gia r\u00e9szek\u00e9nt j\u00faliusban eladta hazai region\u00e1lis napilapjait, n\u0151i magazinjait \u00e9s m\u0171sor\u00fajs\u00e1gjait, \u00e9s \u00e9rt\u00e9kes\u00edtette sz\u00e1mos franciaorsz\u00e1gi kiadv\u00e1ny\u00e1t is. A Welt.de h\u00edrport\u00e1lt viszont az \u00e9v elej\u00e9n fizet\u0151ss\u00e9 tette. A c\u00e9g szerint az \u00fczleti modell bev\u00e1lt, f\u00e9l \u00e9v alatt csaknem 50 ezer el\u0151fizet\u0151 olvas\u00f3t szereztek.<br \/>\nA Die Welt \u00fczleti eredm\u00e9nyeir\u0151l a kiad\u00f3 soha nem k\u00f6z\u00f6l adatokat. Szak\u00e9rt\u0151k szerint a n\u00e9met nyelvter\u00fclet vezet\u0151 politikai napilapjai k\u00f6z\u00f6tt sz\u00e1mon tartott \u00fajs\u00e1g vesztes\u00e9ges, \u00e9s az Axel Springer eddigi legsikeresebb kiadv\u00e1nya, a Bild c\u00edm\u0171 bulv\u00e1rlap &#8211; a legnagyobb p\u00e9ld\u00e1nysz\u00e1m\u00fa n\u00e9met lap &#8211; r\u00e9v\u00e9n szerzett profitb\u00f3l tartj\u00e1k fenn.<br \/>\nA kiad\u00f3 magyarorsz\u00e1gi portf\u00f3li\u00f3j\u00e1ba tartozik t\u00f6bb megyei napilap \u00e9s a Vil\u00e1ggazdas\u00e1g c\u00edm\u0171 \u00fajs\u00e1g, sz\u00e1mos n\u0151i, gasztron\u00f3miai \u00e9s lakberendez\u00e9si magazin, valamint rejtv\u00e9ny- \u00e9s m\u0171sor\u00fajs\u00e1g.(MTI)<\/p>\n","protected":false},"excerpt":{"rendered":"<p>Az Axel Springer n\u00e9met lapkiad\u00f3 v\u00e1llalat megv\u00e1s\u00e1rolta az N24 n\u00e9met h\u00edrtelev\u00edzi\u00f3t.<\/p>\n","protected":false},"author":1,"featured_media":0,"comment_status":"open","ping_status":"closed","sticky":false,"template":"","format":"standard","meta":[],"categories":[12],"tags":[],"_links":{"self":[{"href":"https:\/\/gazdasagportal.hu\/index.php\/wp-json\/wp\/v2\/posts\/23062"}],"collection":[{"href":"https:\/\/gazdasagportal.hu\/index.php\/wp-json\/wp\/v2\/posts"}],"about":[{"href":"https:\/\/gazdasagportal.hu\/index.php\/wp-json\/wp\/v2\/types\/post"}],"author":[{"embeddable":true,"href":"https:\/\/gazdasagportal.hu\/index.php\/wp-json\/wp\/v2\/users\/1"}],"replies":[{"embeddable":true,"href":"https:\/\/gazdasagportal.hu\/index.php\/wp-json\/wp\/v2\/comments?post=23062"}],"version-history":[{"count":2,"href":"https:\/\/gazdasagportal.hu\/index.php\/wp-json\/wp\/v2\/posts\/23062\/revisions"}],"predecessor-version":[{"id":23135,"href":"https:\/\/gazdasagportal.hu\/index.php\/wp-json\/wp\/v2\/posts\/23062\/revisions\/23135"}],"wp:attachment":[{"href":"https:\/\/gazdasagportal.hu\/index.php\/wp-json\/wp\/v2\/media?parent=23062"}],"wp:term":[{"taxonomy":"category","embeddable":true,"href":"https:\/\/gazdasagportal.hu\/index.php\/wp-json\/wp\/v2\/categories?post=23062"},{"taxonomy":"post_tag","embeddable":true,"href":"https:\/\/gazdasagportal.hu\/index.php\/wp-json\/wp\/v2\/tags?post=23062"}],"curies":[{"name":"wp","href":"https:\/\/api.w.org\/{rel}","templated":true}]}}