{"id":2282,"date":"2013-02-07T10:11:18","date_gmt":"2013-02-07T09:11:18","guid":{"rendered":"http:\/\/stockportal.hu\/?p=2282"},"modified":"2013-02-07T10:57:19","modified_gmt":"2013-02-07T09:57:19","slug":"matolcsy-2012-ben-mintegy-15-szazalekkal-esett-a-gdp","status":"publish","type":"post","link":"https:\/\/gazdasagportal.hu\/index.php\/matolcsy-2012-ben-mintegy-15-szazalekkal-esett-a-gdp\/","title":{"rendered":"Matolcsy: 2012-ben mintegy 1,5 sz\u00e1zal\u00e9kkal esett a GDP"},"content":{"rendered":"<p><strong>Az asz\u00e1ly, az elmaradt uni\u00f3s beruh\u00e1z\u00e1sok, a fogyaszt\u00e1scs\u00f6kken\u00e9s \u00e9s a bankok forr\u00e1skivon\u00e1sa miatt 1,5 sz\u00e1zal\u00e9k k\u00f6r\u00fcli gazdas\u00e1gi visszaes\u00e9st hozott az elm\u00falt \u00e9v &#8211; \u00edrta Matolcsy Gy\u00f6rgy nemzetgazdas\u00e1gi miniszter a Heti V\u00e1laszban rendszeresen megjelen\u0151 t\u00e1rc\u00e1j\u00e1ban, cs\u00fct\u00f6rt\u00f6k\u00f6n.<!--more--><\/strong><\/p>\n<p>A miniszter szerint n\u00e9gy ok miatt fordult \u00fajb\u00f3l recesszi\u00f3ba tavaly a magyar gazdas\u00e1g. \u00dagy fogalmazott: &#8222;k\u00f6zel 1 sz\u00e1zal\u00e9knyi GDP ment el az asz\u00e1ly miatt, k\u00f6zel 500 milli\u00e1rd forint tervezett uni\u00f3s forr\u00e1s nem ker\u00fclt beruh\u00e1z\u00e1sra, a 3 sz\u00e1zal\u00e9k k\u00f6r\u00fcli fogyaszt\u00e1scs\u00f6kken\u00e9s sz\u0171k\u00fcl\u0151 bels\u0151 piacot hozott, \u00e9s t\u00f6bb ezermilli\u00e1rd forint hitelforr\u00e1st vont ki a z\u00f6m\u00e9ben k\u00fclf\u00f6ldi tulajdon\u00fa bankrendszer a magyar gazdas\u00e1gb\u00f3l&#8221;.<br \/>\nMatolcsy Gy\u00f6rgy azonban hangs\u00falyozta: ha e n\u00e9gy t\u00e9nyez\u0151 megfordul 2013-ban, akkor bek\u00f6vetkezik a v\u00e1rt n\u00f6veked\u00e9si fordulat Magyarorsz\u00e1gon. Kifejtette: a n\u00f6veked\u00e9si fordulat beruh\u00e1z\u00e1si \u00e9s fogyaszt\u00e1si fordulatb\u00f3l \u00e1llhat \u00f6ssze. Mint \u00edrta: &#8222;a h\u00e1rom n\u00e9met aut\u00f3gy\u00e1r \u00e9s a besz\u00e1ll\u00edt\u00f3k termel\u00e9si felfut\u00e1sa, 1500 milli\u00e1rd forint uni\u00f3s p\u00e9nz gazdas\u00e1gba t\u00f6rt\u00e9n\u0151 befektet\u00e9se, a rezsik\u00f6lts\u00e9gek cs\u00f6kken\u00e9se r\u00e9v\u00e9n b\u0151v\u00fcl\u0151 szabadon elk\u00f6lthet\u0151 csal\u00e1di j\u00f6vedelem elhalasztott fogyaszt\u00e1sra k\u00f6lt\u00e9se, valamint az \u00e9l\u00e9nk\u00fcl\u0151 hitelez\u00e9s hozhatnak fordulatot&#8221;.<br \/>\nLesz\u00f6gezte: &#8222;szerencse is kell hozz\u00e1, hogy ne legyen \u00fajb\u00f3l asz\u00e1ly \u00e9s j\u00f3l teljes\u00edtsen a n\u00e9met gazdas\u00e1g&#8221;.<br \/>\n\u00cdr\u00e1s\u00e1ban a miniszter \u00fagy foglalta \u00f6ssze, hogy &#8222;az orsz\u00e1g eddigi meg\u00faj\u00edt\u00e1sa, a munkahelyv\u00e9delmi akci\u00f3terv, a szabad v\u00e1llalkoz\u00e1si z\u00f3n\u00e1k, a teljess\u00e9 v\u00e1l\u00f3 egykulcsos ad\u00f3 t\u00f6bbletj\u00f6vedelme, a cs\u00f6kken\u0151 rezsi, az emelked\u0151 re\u00e1lminim\u00e1lb\u00e9r \u00e9s nyugd\u00edj egy\u00fctt teszi lehet\u0151v\u00e9, hogy 2013 a gyarapod\u00e1s \u00e9ve legyen Magyarorsz\u00e1g sz\u00e1m\u00e1ra&#8221;.<br \/>\nA K\u00f6zponti Statisztikai Hivatal (KSH) febru\u00e1r 14-\u00e9n k\u00f6zli az el\u0151z\u0151 \u00e9vi GDP-v\u00e1ltoz\u00e1sra vonatkoz\u00f3 el\u0151zetes becsl\u00e9s\u00e9t. (MTI)<\/p>\n<p><i>2013.02.07. 10:55 <\/i><b><a href=\"http:\/\/stockportal.hu\/index.php\/elemzok-15-22-szazalekkal-eshetett-vissza-2012-vegen-a-gdp-az-ipari-termelesi-adatok-alapjan\/\" target=\"_blank\" rel=\"noopener\">Elemz\u0151k: 1,5-2,2 sz\u00e1zal\u00e9kkal eshetett vissza 2012 v\u00e9g\u00e9n a GDP az ipari termel\u00e9si adatok alapj\u00e1n<\/a><\/b><\/p><div id=\"gazda-320407444\" class=\"gazda-tartalomban gazda-entity-placement\"><script async src=\"https:\/\/pagead2.googlesyndication.com\/pagead\/js\/adsbygoogle.js\"><\/script>\r\n<ins class=\"adsbygoogle\"\r\n     style=\"display:block\"\r\n     data-ad-format=\"fluid\"\r\n     data-ad-layout-key=\"-6t+ed+2i-1n-4w\"\r\n     data-ad-client=\"ca-pub-1959107119989764\"\r\n     data-ad-slot=\"4008251320\"><\/ins>\r\n<script>\r\n     (adsbygoogle = window.adsbygoogle || []).push({});\r\n<\/script><\/div>\n<p>&nbsp;<\/p>\n<p>&nbsp;<\/p>\n<p>&nbsp;<\/p>\n<p>&nbsp;<\/p>\n<p>&nbsp;<\/p>\n<p>&nbsp;<\/p>\n","protected":false},"excerpt":{"rendered":"<p>Az asz\u00e1ly, az elmaradt uni\u00f3s beruh\u00e1z\u00e1sok, a fogyaszt\u00e1scs\u00f6kken\u00e9s \u00e9s a bankok forr\u00e1skivon\u00e1sa miatt 1,5 sz\u00e1zal\u00e9k k\u00f6r\u00fcli gazdas\u00e1gi visszaes\u00e9st hozott az elm\u00falt \u00e9v &#8211; \u00edrta Matolcsy Gy\u00f6rgy nemzetgazdas\u00e1gi miniszter a Heti V\u00e1laszban rendszeresen megjelen\u0151 t\u00e1rc\u00e1j\u00e1ban, cs\u00fct\u00f6rt\u00f6k\u00f6n.<\/p>\n","protected":false},"author":1,"featured_media":1438,"comment_status":"closed","ping_status":"closed","sticky":false,"template":"","format":"standard","meta":[],"categories":[1,19,7],"tags":[],"_links":{"self":[{"href":"https:\/\/gazdasagportal.hu\/index.php\/wp-json\/wp\/v2\/posts\/2282"}],"collection":[{"href":"https:\/\/gazdasagportal.hu\/index.php\/wp-json\/wp\/v2\/posts"}],"about":[{"href":"https:\/\/gazdasagportal.hu\/index.php\/wp-json\/wp\/v2\/types\/post"}],"author":[{"embeddable":true,"href":"https:\/\/gazdasagportal.hu\/index.php\/wp-json\/wp\/v2\/users\/1"}],"replies":[{"embeddable":true,"href":"https:\/\/gazdasagportal.hu\/index.php\/wp-json\/wp\/v2\/comments?post=2282"}],"version-history":[{"count":3,"href":"https:\/\/gazdasagportal.hu\/index.php\/wp-json\/wp\/v2\/posts\/2282\/revisions"}],"predecessor-version":[{"id":2284,"href":"https:\/\/gazdasagportal.hu\/index.php\/wp-json\/wp\/v2\/posts\/2282\/revisions\/2284"}],"wp:featuredmedia":[{"embeddable":true,"href":"https:\/\/gazdasagportal.hu\/index.php\/wp-json\/wp\/v2\/media\/1438"}],"wp:attachment":[{"href":"https:\/\/gazdasagportal.hu\/index.php\/wp-json\/wp\/v2\/media?parent=2282"}],"wp:term":[{"taxonomy":"category","embeddable":true,"href":"https:\/\/gazdasagportal.hu\/index.php\/wp-json\/wp\/v2\/categories?post=2282"},{"taxonomy":"post_tag","embeddable":true,"href":"https:\/\/gazdasagportal.hu\/index.php\/wp-json\/wp\/v2\/tags?post=2282"}],"curies":[{"name":"wp","href":"https:\/\/api.w.org\/{rel}","templated":true}]}}