{"id":22699,"date":"2013-12-04T16:47:09","date_gmt":"2013-12-04T15:47:09","guid":{"rendered":"http:\/\/stockportal.hu\/?p=22699"},"modified":"2013-12-04T15:27:58","modified_gmt":"2013-12-04T14:27:58","slug":"kamatdontes-mnb-ismet-pleschinger-gyula-szavazott-kisebb-kamatcsokkentesre","status":"publish","type":"post","link":"https:\/\/gazdasagportal.hu\/index.php\/kamatdontes-mnb-ismet-pleschinger-gyula-szavazott-kisebb-kamatcsokkentesre\/","title":{"rendered":"Kamatd\u00f6nt\u00e9s &#8211; MNB: ism\u00e9t Pleschinger Gyula szavazott kisebb kamatcs\u00f6kkent\u00e9sre"},"content":{"rendered":"<p><strong>A Magyar Nemzeti Bank (MNB) Monet\u00e1ris Tan\u00e1cs\u00e1nak egy tagja, Pleschinger Gyula szavazott kisebb, 10 b\u00e1zispontos kamatv\u00e1g\u00e1sra a test\u00fclet november 26-i \u00fcl\u00e9s\u00e9n, amelyen 20 b\u00e1zisponttal 3,2 sz\u00e1zal\u00e9kra cs\u00f6kkentett\u00e9k a jegybanki alapkamatot &#8211; der\u00fcl ki az \u00fcl\u00e9s r\u00f6vid\u00edtett jegyz\u0151k\u00f6nyv\u00e9b\u0151l, amelyet szerd\u00e1n tett k\u00f6zz\u00e9 honlapj\u00e1n a jegybank.<!--more--><\/strong><\/p>\n<p>A nyolc jelenl\u00e9v\u0151 tan\u00e1cstag k\u00f6z\u00fcl 20 b\u00e1zispontos cs\u00f6kkent\u00e9sre voksolt Balog \u00c1d\u00e1m, B\u00e1rtfai-Mager Andrea, Cinkotai J\u00e1nos Gerhardt Ferenc, Kandr\u00e1cs Csaba, Kocziszky Gy\u00f6rgy \u00e9s Windisch L\u00e1szl\u00f3, m\u00edg Pleschinger Gyula 10 b\u00e1zispontos laz\u00edt\u00e1sra szavazott. Matolcsy Gy\u00f6rgy jegybankeln\u00f6k nem vett r\u00e9szt a test\u00fclet \u00fcl\u00e9s\u00e9n. Pleschinger Gyula negyedszer szavazott egyed\u00fcl 10 b\u00e1zispontos cs\u00f6kkent\u00e9sre, amikor a tan\u00e1cs 20 b\u00e1zisponttal cs\u00f6kkentette az alapkamatot.<br \/>\nA monet\u00e1ris tan\u00e1cs tavaly augusztusban kezdett enyh\u00edt\u00e9si ciklusa sor\u00e1n 7,0 sz\u00e1zal\u00e9kr\u00f3l 25 b\u00e1zis pontonk\u00e9nt cs\u00f6kkentette az alapkamatot 12 h\u00f3nap alatt 4,0 sz\u00e1zal\u00e9kra, augusztust\u00f3l pedig n\u00e9gy kisebb, 20 b\u00e1zispontos l\u00e9p\u00e9ssel 3,2 sz\u00e1zal\u00e9kra.<br \/>\nA legut\u00f3bbi d\u00f6nt\u00e9st k\u00f6vet\u0151en kiadott jegyz\u0151k\u00f6nyvben a tan\u00e1cs jelezte, hogy az infl\u00e1ci\u00f3s \u00e9s re\u00e1lgazdas\u00e1gi kil\u00e1t\u00e1sok alapj\u00e1n, az orsz\u00e1g kock\u00e1zati meg\u00edt\u00e9l\u00e9s\u00e9nek figyelembev\u00e9tel\u00e9vel sor ker\u00fclhet m\u00e9g \u00f3vatos kamatcs\u00f6kkent\u00e9sre.<br \/>\nA 3 sz\u00e1zal\u00e9kos k\u00f6z\u00e9pt\u00e1v\u00fa infl\u00e1ci\u00f3s c\u00e9l tov\u00e1bbi monet\u00e1ris laz\u00edt\u00e1s ir\u00e1ny\u00e1ba mutat, mert a magyar gazdas\u00e1got sz\u00e1mottev\u0151 kihaszn\u00e1latlan kapacit\u00e1s jellemzi \u00e9s az infl\u00e1ci\u00f3s nyom\u00e1s tart\u00f3san m\u00e9rs\u00e9kelt maradhat. A glob\u00e1lis p\u00e9nz\u00fcgyi k\u00f6rnyezetben viszont az orsz\u00e1g kock\u00e1zati meg\u00edt\u00e9l\u00e9s\u00e9nek \u00e9rdemi \u00e9s tart\u00f3s elmozdul\u00e1sa befoly\u00e1ssal lehet a monet\u00e1ris politika mozg\u00e1ster\u00e9re. A nemzetk\u00f6zi p\u00e9nz\u00fcgyi k\u00f6rnyezet \u00f6sszess\u00e9g\u00e9ben t\u00e1mogat\u00f3 maradt, azonban a glob\u00e1lis p\u00e9nzpiaci hangulat v\u00e1ltoz\u00e9konys\u00e1ga tov\u00e1bbra is kock\u00e1zatot jelent, ami az \u00f3vatos monet\u00e1ris politika fenntart\u00e1s\u00e1t indokolja.<br \/>\nA monet\u00e1ris tan\u00e1cs meg\u00edt\u00e9l\u00e9se szerint id\u00e9n folytat\u00f3dik, j\u00f6v\u0151re pedig meg\u00e9l\u00e9nk\u00fclhet az orsz\u00e1g gazdas\u00e1gi n\u00f6veked\u00e9se. A kibocs\u00e1t\u00e1s tov\u00e1bbra is elmarad potenci\u00e1lis szintj\u00e9t\u0151l, mik\u00f6zben a magas, de cs\u00f6kken\u0151 tendenci\u00e1j\u00fa munkan\u00e9lk\u00fclis\u00e9g meghaladja a struktur\u00e1lis t\u00e9nyez\u0151k \u00e1ltal meghat\u00e1rozott hossz\u00fa t\u00e1v\u00fa szintj\u00e9t. A tan\u00e1cs a fokozatosan \u00e9l\u00e9nk\u00fcl\u0151 k\u00fcls\u0151 konjunkt\u00fara mellett a gyenge bels\u0151 keresleti k\u00f6rnyezet fennmarad\u00e1s\u00e1ra sz\u00e1m\u00edt.<br \/>\nA monet\u00e1ris tan\u00e1cs tagjai egyet\u00e9rtettek abban, hogy az infl\u00e1ci\u00f3s \u00e9s re\u00e1lgazdas\u00e1gi folyamatok egyar\u00e1nt konzisztensek a monet\u00e1ris kond\u00edci\u00f3k tov\u00e1bbi laz\u00edt\u00e1s\u00e1val. A kamatcs\u00f6kkent\u00e9s m\u00e9rt\u00e9k\u00e9t illet\u0151en azonban nem volt egys\u00e9ges a d\u00f6nt\u00e9shoz\u00f3k meg\u00edt\u00e9l\u00e9se.<br \/>\nA jegyz\u0151k\u00f6nyvb\u0151l kider\u00fcl, hogy az \u00fcl\u00e9sen egy tag arra h\u00edvta fel a figyelmet, hogy Magyarorsz\u00e1g kock\u00e1zati meg\u00edt\u00e9l\u00e9s\u00e9t alapvet\u0151en k\u00fcls\u0151 k\u00f6r\u00fclm\u00e9nyek befoly\u00e1solj\u00e1k, melyek v\u00e9lem\u00e9nye szerint meglehet\u0151sen t\u00f6r\u00e9kenyek, ez\u00e9rt sz\u00fcks\u00e9ges figyelni a hozamg\u00f6rbe meredeks\u00e9g\u00e9t, illetve a k\u00fclf\u00f6ldiek kez\u00e9ben l\u00e9v\u0151 forint-k\u00f6tv\u00e9ny\u00e1llom\u00e1ny alakul\u00e1s\u00e1t, amelyek figyelembe v\u00e9tele jelenleg a kor\u00e1bbin\u00e1l is \u00f3vatosabb m\u00e9rt\u00e9k\u0171 alapkamat cs\u00f6kkent\u00e9st tehet indokoltt\u00e1. A t\u00f6bbi tan\u00e1cstag azonban az infl\u00e1ci\u00f3s \u00e9s re\u00e1lgazdas\u00e1gi folyamatokra, valamint a t\u00e1mogat\u00f3 nemzetk\u00f6zi k\u00f6rnyezetre tekintettel nem l\u00e1tta indokoltnak az am\u00fagy is \u00f3vatos monet\u00e1ris laz\u00edt\u00e1s \u00fctem\u00e9nek tov\u00e1bbi lass\u00edt\u00e1s\u00e1t. A 20 b\u00e1zispontos cs\u00f6kkent\u00e9sre szavaz\u00f3 d\u00f6nt\u00e9shoz\u00f3k egyet\u00e9rtettek abban, hogy a glob\u00e1lis p\u00e9nz\u00fcgyi piaci kil\u00e1t\u00e1sok alakul\u00e1s\u00e1t nem lehet nagy biztons\u00e1ggal el\u0151re jelezni, ugyanakkor hangs\u00falyozt\u00e1k, hogy egy\u00e9rtelm\u0171 jelek hi\u00e1ny\u00e1ban nem c\u00e9lszer\u0171 megel\u0151z\u0151 jelleggel reag\u00e1lni az ilyen t\u00edpus\u00fa kock\u00e1zatra, k\u00fcl\u00f6n\u00f6sen akkor, amikor a re\u00e1lgazdas\u00e1g helyzete \u00e9s az infl\u00e1ci\u00f3s kil\u00e1t\u00e1sok tov\u00e1bbi laz\u00edt\u00e1st indokolnak.(MTI)<\/p>\n","protected":false},"excerpt":{"rendered":"<p>A Magyar Nemzeti Bank (MNB) Monet\u00e1ris Tan\u00e1cs\u00e1nak egy tagja, Pleschinger Gyula szavazott kisebb, 10 b\u00e1zispontos kamatv\u00e1g\u00e1sra a test\u00fclet november 26-i \u00fcl\u00e9s\u00e9n, amelyen 20 b\u00e1zisponttal 3,2 sz\u00e1zal\u00e9kra cs\u00f6kkentett\u00e9k a jegybanki alapkamatot &#8211; der\u00fcl ki az \u00fcl\u00e9s r\u00f6vid\u00edtett jegyz\u0151k\u00f6nyv\u00e9b\u0151l, amelyet szerd\u00e1n tett k\u00f6zz\u00e9 honlapj\u00e1n a jegybank.<\/p>\n","protected":false},"author":1,"featured_media":0,"comment_status":"open","ping_status":"closed","sticky":false,"template":"","format":"standard","meta":[],"categories":[19],"tags":[],"_links":{"self":[{"href":"https:\/\/gazdasagportal.hu\/index.php\/wp-json\/wp\/v2\/posts\/22699"}],"collection":[{"href":"https:\/\/gazdasagportal.hu\/index.php\/wp-json\/wp\/v2\/posts"}],"about":[{"href":"https:\/\/gazdasagportal.hu\/index.php\/wp-json\/wp\/v2\/types\/post"}],"author":[{"embeddable":true,"href":"https:\/\/gazdasagportal.hu\/index.php\/wp-json\/wp\/v2\/users\/1"}],"replies":[{"embeddable":true,"href":"https:\/\/gazdasagportal.hu\/index.php\/wp-json\/wp\/v2\/comments?post=22699"}],"version-history":[{"count":1,"href":"https:\/\/gazdasagportal.hu\/index.php\/wp-json\/wp\/v2\/posts\/22699\/revisions"}],"predecessor-version":[{"id":22700,"href":"https:\/\/gazdasagportal.hu\/index.php\/wp-json\/wp\/v2\/posts\/22699\/revisions\/22700"}],"wp:attachment":[{"href":"https:\/\/gazdasagportal.hu\/index.php\/wp-json\/wp\/v2\/media?parent=22699"}],"wp:term":[{"taxonomy":"category","embeddable":true,"href":"https:\/\/gazdasagportal.hu\/index.php\/wp-json\/wp\/v2\/categories?post=22699"},{"taxonomy":"post_tag","embeddable":true,"href":"https:\/\/gazdasagportal.hu\/index.php\/wp-json\/wp\/v2\/tags?post=22699"}],"curies":[{"name":"wp","href":"https:\/\/api.w.org\/{rel}","templated":true}]}}