{"id":22695,"date":"2013-12-04T16:22:02","date_gmt":"2013-12-04T15:22:02","guid":{"rendered":"http:\/\/stockportal.hu\/?p=22695"},"modified":"2013-12-04T15:22:45","modified_gmt":"2013-12-04T14:22:45","slug":"semjen-erd-35-milliard-forintos-adossagat-is-atvallalja-az-allam","status":"publish","type":"post","link":"https:\/\/gazdasagportal.hu\/index.php\/semjen-erd-35-milliard-forintos-adossagat-is-atvallalja-az-allam\/","title":{"rendered":"Semj\u00e9n: \u00c9rd 3,5 milli\u00e1rd forintos ad\u00f3ss\u00e1g\u00e1t is \u00e1tv\u00e1llalja az \u00e1llam"},"content":{"rendered":"<p><strong>Teljes\u00edtette a gazdas\u00e1g\u00e9l\u00e9nk\u00edt\u00e9ssel, illetve munkahelyteremt\u00e9ssel kapcsolatos tervez\u00e9si feladatokat \u00c9rd, \u00edgy a megyei jog\u00fa v\u00e1rost\u00f3l a tavalyi 8,4 milli\u00e1rd ut\u00e1n a fennmarad\u00f3 3,5 milli\u00e1rd forintnyi ad\u00f3ss\u00e1got is \u00e1tv\u00e1llalja az \u00e1llam &#8211; jelentette be Semj\u00e9n Zsolt a Pest megyei telep\u00fcl\u00e9sen tartott szerdai sajt\u00f3t\u00e1j\u00e9koztat\u00f3j\u00e1n.<!--more--><\/strong><\/p>\n<p>A minisztereln\u00f6k-helyettes \u00fagy fogalmazott, \u00c9rdnek tavaly siker\u00fclt &#8222;kipr\u00e9selnie&#8221; az ad\u00f3ss\u00e1g\u00e1tv\u00e1llal\u00e1s maxim\u00e1lis, 70 sz\u00e1zal\u00e9kos m\u00e9rt\u00e9k\u00e9t, most pedig az \u00f6nkorm\u00e1nyzat ad\u00f3ss\u00e1g\u00e1nak fennmarad\u00f3 r\u00e9sz\u00e9t, \u00f6sszesen t\u00f6bb mint 3 milli\u00e1rd 468 milli\u00f3 forint kifizet\u00e9s\u00e9t v\u00e1llalja mag\u00e1ra az \u00e1llam.<br \/>\nSemj\u00e9n Zsolt hangs\u00falyozta, \u00c9rddel az\u00e9rt tudtak az els\u0151k k\u00f6z\u00f6tt megegyezni, mert a v\u00e1rosvezet\u00e9s olyan gazdas\u00e1gi tervet, &#8222;j\u00f6v\u0151k\u00e9pet&#8221; k\u00e9sz\u00edtett, amely f\u0151k\u00e9nt a v\u00e1llalkoz\u00e1sok helyzetbe hoz\u00e1s\u00e1t, ezen kereszt\u00fcl sz\u00e1mos \u00faj munkahely megteremt\u00e9s\u00e9t c\u00e9lozza. Ez a terv meggy\u0151zte a korm\u00e1nyt arr\u00f3l, \u00e9rdemes mentes\u00edteni \u00c9rdet a teljes ad\u00f3ss\u00e1g al\u00f3l, hogy azt\u00e1n a hitelek t\u00f6rleszt\u0151r\u00e9szleteit\u0151l megszabadulva tiszta lappal vir\u00e1goztathass\u00e1k fel a telep\u00fcl\u00e9st.<br \/>\nA kereszt\u00e9nydemokrata politikus elmondta, hogy a magyar \u00f6nkorm\u00e1nyzatok ad\u00f3ss\u00e1ga a szocialista korm\u00e1nyok idej\u00e9n az\u00e9rt &#8222;szabadult el&#8221;, mert egy sor olyan feladatot tettek a nyakukba, melyhez nem biztos\u00edtott\u00e1k a sz\u00fcks\u00e9ges anyagi forr\u00e1sokat. A telep\u00fcl\u00e9sek \u00edgy k\u00e9nytelenek voltak \u00fajabb \u00e9s \u00fajabb hitelt felvenni, mik\u00f6zben sz\u00e1mos preszt\u00edzsberuh\u00e1z\u00e1sba is belekezdtek csak az\u00e9rt, hogy ne vesszen el az e c\u00e9lra megszerzett uni\u00f3s p\u00e9nz &#8211; magyar\u00e1zta Semj\u00e9n Zsolt.<br \/>\nAz ad\u00f3ss\u00e1g\u00e1llom\u00e1ny &#8222;megugr\u00e1s\u00e1t&#8221; azzal \u00e9rz\u00e9keltette, hogy m\u00edg 2002-ben gyakorlatilag nem volt eff\u00e9le teher az \u00f6nkorm\u00e1nyzatokon, addig 2002 \u00e9s 2010 k\u00f6z\u00f6tt \u00f6sszesen 1500 milli\u00e1rd forint ad\u00f3ss\u00e1got halmoztak fel, \u00e9s ezt m\u00e1r nem lehetett &#8222;kezelni&#8221;.<br \/>\nAz \u00e1llam h\u00e1rom l\u00e9p\u00e9sben &#8211; az iskol\u00e1k, k\u00f3rh\u00e1zak \u00e9s egy\u00e9b int\u00e9zm\u00e9nyek \u00e1tv\u00e9tel\u00e9vel, a j\u00e1r\u00e1sok l\u00e9trehoz\u00e1s\u00e1val, majd az \u00f6nkorm\u00e1nyzatok ad\u00f3ss\u00e1g\u00e1nak k\u00e9t l\u00e9pcs\u0151ben t\u00f6rt\u00e9n\u0151 kifizet\u00e9s\u00e9vel &#8211; konszolid\u00e1lta, konszolid\u00e1lja ezt a helyzetet &#8211; magyar\u00e1zta a minisztereln\u00f6k-helyettes.<br \/>\nK\u00f6zl\u00e9se szerint 2011-ben els\u0151k\u00e9nt a megy\u00e9k mintegy 200 milli\u00e1rd forintnyi ad\u00f3ss\u00e1g\u00e1t v\u00e1llalt\u00e1k \u00e1t, majd az \u00f6tezer lelkesn\u00e9l kisebb, \u00f6sszesen 1710 telep\u00fcl\u00e9s \u00f6nkorm\u00e1nyzatait mentes\u00edtett\u00e9k ad\u00f3ss\u00e1gaik al\u00f3l. Az enn\u00e9l nagyobb k\u00f6zs\u00e9gek, v\u00e1rosok ilyen jelleg\u0171 anyagi terheinek 40-70 sz\u00e1zal\u00e9k\u00e1t tavaly bizonyos felt\u00e9telek megl\u00e9t\u00e9t\u0151l f\u00fcgg\u0151en vette \u00e1t az \u00e1llam &#8211; f\u0171zte hozz\u00e1 Semj\u00e9n Zsolt.<br \/>\nT. M\u00e9sz\u00e1ros Andr\u00e1s (Fidesz), \u00c9rd polg\u00e1rmestere a sajt\u00f3t\u00e1j\u00e9koztat\u00f3n azt mondta, hogy a 65 ezer lelkes v\u00e1rosnak elvileg 25 ezer munkahellyel kellene rendelkeznie, de egyel\u0151re csak 6-8 ezret tudnak felmutatni, ez\u00e9rt a &#8222;k\u00fcl\u00f6nbs\u00e9g&#8221; megteremt\u00e9s\u00e9t t\u0171zt\u00e9k ki c\u00e9lul.<br \/>\nAz elk\u00e9sz\u00edtett gazdas\u00e1gi strat\u00e9gia, illetve az a t\u00e9ny, hogy egyre t\u00f6bb nagy c\u00e9g telep\u00fcl \u00c9rdre, garancia a v\u00e1llal\u00e1s teljes\u00edt\u00e9s\u00e9re &#8211; fejtette ki a polg\u00e1rmester.<br \/>\nAradszki Andr\u00e1s (Fidesz-KDNP), a t\u00e9rs\u00e9g orsz\u00e1ggy\u0171l\u00e9si k\u00e9pvisel\u0151je szerint az \u00c9rd k\u00f6rny\u00e9ki telep\u00fcl\u00e9sek k\u00f6z\u00fcl T\u00f6r\u00f6kb\u00e1lint, T\u00e1rnok \u00e9s Di\u00f3sd sz\u00e1m\u00e1ra lenne a legs\u00fcrget\u0151bb az ad\u00f3ss\u00e1g miel\u0151bbi, teljes k\u00f6r\u0171 \u00e1tv\u00e1llal\u00e1sa.(MTI)<\/p>\n","protected":false},"excerpt":{"rendered":"<p>Teljes\u00edtette a gazdas\u00e1g\u00e9l\u00e9nk\u00edt\u00e9ssel, illetve munkahelyteremt\u00e9ssel kapcsolatos tervez\u00e9si feladatokat \u00c9rd, \u00edgy a megyei jog\u00fa v\u00e1rost\u00f3l a tavalyi 8,4 milli\u00e1rd ut\u00e1n a fennmarad\u00f3 3,5 milli\u00e1rd forintnyi ad\u00f3ss\u00e1got is \u00e1tv\u00e1llalja az \u00e1llam &#8211; jelentette be Semj\u00e9n Zsolt a Pest megyei telep\u00fcl\u00e9sen tartott szerdai sajt\u00f3t\u00e1j\u00e9koztat\u00f3j\u00e1n.<\/p>\n","protected":false},"author":1,"featured_media":0,"comment_status":"open","ping_status":"closed","sticky":false,"template":"","format":"standard","meta":[],"categories":[19],"tags":[],"_links":{"self":[{"href":"https:\/\/gazdasagportal.hu\/index.php\/wp-json\/wp\/v2\/posts\/22695"}],"collection":[{"href":"https:\/\/gazdasagportal.hu\/index.php\/wp-json\/wp\/v2\/posts"}],"about":[{"href":"https:\/\/gazdasagportal.hu\/index.php\/wp-json\/wp\/v2\/types\/post"}],"author":[{"embeddable":true,"href":"https:\/\/gazdasagportal.hu\/index.php\/wp-json\/wp\/v2\/users\/1"}],"replies":[{"embeddable":true,"href":"https:\/\/gazdasagportal.hu\/index.php\/wp-json\/wp\/v2\/comments?post=22695"}],"version-history":[{"count":1,"href":"https:\/\/gazdasagportal.hu\/index.php\/wp-json\/wp\/v2\/posts\/22695\/revisions"}],"predecessor-version":[{"id":22696,"href":"https:\/\/gazdasagportal.hu\/index.php\/wp-json\/wp\/v2\/posts\/22695\/revisions\/22696"}],"wp:attachment":[{"href":"https:\/\/gazdasagportal.hu\/index.php\/wp-json\/wp\/v2\/media?parent=22695"}],"wp:term":[{"taxonomy":"category","embeddable":true,"href":"https:\/\/gazdasagportal.hu\/index.php\/wp-json\/wp\/v2\/categories?post=22695"},{"taxonomy":"post_tag","embeddable":true,"href":"https:\/\/gazdasagportal.hu\/index.php\/wp-json\/wp\/v2\/tags?post=22695"}],"curies":[{"name":"wp","href":"https:\/\/api.w.org\/{rel}","templated":true}]}}