{"id":22677,"date":"2013-12-04T13:09:17","date_gmt":"2013-12-04T12:09:17","guid":{"rendered":"http:\/\/stockportal.hu\/?p=22677"},"modified":"2013-12-04T13:09:17","modified_gmt":"2013-12-04T12:09:17","slug":"dunaferr-acelalapitvany-fel-evig-teljes-beruket-megkaphatjak-az-elbocsatott-dolgozok","status":"publish","type":"post","link":"https:\/\/gazdasagportal.hu\/index.php\/dunaferr-acelalapitvany-fel-evig-teljes-beruket-megkaphatjak-az-elbocsatott-dolgozok\/","title":{"rendered":"Dunaferr Ac\u00e9lalap\u00edtv\u00e1ny: f\u00e9l \u00e9vig teljes b\u00e9r\u00fcket megkaphatj\u00e1k az elbocs\u00e1tott dolgoz\u00f3k"},"content":{"rendered":"<p><strong>Az Orsz\u00e1gos Foglalkoztat\u00e1si K\u00f6zhaszn\u00fa Nonprofit Kft. kieg\u00e9sz\u00edt\u0151 forr\u00e1s\u00e1nak k\u00f6sz\u00f6nhet\u0151en a Dunaferr Foglalkoztat\u00e1s\u00e9rt Ac\u00e9lalap\u00edtv\u00e1ny legfeljebb 400 elbocs\u00e1tott munkav\u00e1llal\u00f3nak teljes b\u00e9rt tud biztos\u00edtani hat h\u00f3napon kereszt\u00fcl &#8211; t\u00e1j\u00e9koztatta az alap\u00edtv\u00e1ny szerd\u00e1n az MTI-t.<!--more--><\/strong><\/p>\n<p>K\u00f6zlem\u00e9ny\u00fck szerint a munkahely\u00fcket elveszt\u0151 \u00e9s az alap\u00edtv\u00e1nyhoz \u00e1tker\u00fcl\u0151 munkav\u00e1llal\u00f3k &#8211; a kor\u00e1bbi gyakorlattal ellent\u00e9tben &#8211; az els\u0151 6 h\u00f3napban nem b\u00e9r\u00fck 80 sz\u00e1zal\u00e9k\u00e1t, hanem teljes b\u00e9r\u00fcket fogj\u00e1k k\u00e9zhez kapni. A m\u00e1sodik hat h\u00f3napban a b\u00e9r 80 sz\u00e1zal\u00e9k\u00e1ra jogosultak. Amennyiben a m\u00e1sodik f\u00e9l\u00e9vben a t\u00e1mogatott munk\u00e1t v\u00e9gez, szint\u00e9n meg fogja kapni a kieg\u00e9sz\u00edt\u00e9ssel egy\u00fctt b\u00e9r\u00e9nek 100 sz\u00e1zal\u00e9k\u00e1t.<br \/>\nHozz\u00e1tett\u00e9k: a kieg\u00e9sz\u00edt\u0151 forr\u00e1st, amelynek k\u00f6sz\u00f6nhet\u0151en megval\u00f3sulhatnak a munkav\u00e1llal\u00f3k sz\u00e1m\u00e1ra pozit\u00edv v\u00e1ltoz\u00e1sok, legfeljebb 400 t\u00e1mogatott r\u00e9sz\u00e9re tudja biztos\u00edtani az Orsz\u00e1gos Foglalkoztat\u00e1si K\u00f6zhaszn\u00fa Nonprofit Kft.(MTI)<\/p>\n","protected":false},"excerpt":{"rendered":"<p>Az Orsz\u00e1gos Foglalkoztat\u00e1si K\u00f6zhaszn\u00fa Nonprofit Kft. kieg\u00e9sz\u00edt\u0151 forr\u00e1s\u00e1nak k\u00f6sz\u00f6nhet\u0151en a Dunaferr Foglalkoztat\u00e1s\u00e9rt Ac\u00e9lalap\u00edtv\u00e1ny legfeljebb 400 elbocs\u00e1tott munkav\u00e1llal\u00f3nak teljes b\u00e9rt tud biztos\u00edtani hat h\u00f3napon kereszt\u00fcl &#8211; t\u00e1j\u00e9koztatta az alap\u00edtv\u00e1ny szerd\u00e1n az MTI-t.<\/p>\n","protected":false},"author":1,"featured_media":0,"comment_status":"open","ping_status":"closed","sticky":false,"template":"","format":"standard","meta":[],"categories":[19],"tags":[],"_links":{"self":[{"href":"https:\/\/gazdasagportal.hu\/index.php\/wp-json\/wp\/v2\/posts\/22677"}],"collection":[{"href":"https:\/\/gazdasagportal.hu\/index.php\/wp-json\/wp\/v2\/posts"}],"about":[{"href":"https:\/\/gazdasagportal.hu\/index.php\/wp-json\/wp\/v2\/types\/post"}],"author":[{"embeddable":true,"href":"https:\/\/gazdasagportal.hu\/index.php\/wp-json\/wp\/v2\/users\/1"}],"replies":[{"embeddable":true,"href":"https:\/\/gazdasagportal.hu\/index.php\/wp-json\/wp\/v2\/comments?post=22677"}],"version-history":[{"count":1,"href":"https:\/\/gazdasagportal.hu\/index.php\/wp-json\/wp\/v2\/posts\/22677\/revisions"}],"predecessor-version":[{"id":22678,"href":"https:\/\/gazdasagportal.hu\/index.php\/wp-json\/wp\/v2\/posts\/22677\/revisions\/22678"}],"wp:attachment":[{"href":"https:\/\/gazdasagportal.hu\/index.php\/wp-json\/wp\/v2\/media?parent=22677"}],"wp:term":[{"taxonomy":"category","embeddable":true,"href":"https:\/\/gazdasagportal.hu\/index.php\/wp-json\/wp\/v2\/categories?post=22677"},{"taxonomy":"post_tag","embeddable":true,"href":"https:\/\/gazdasagportal.hu\/index.php\/wp-json\/wp\/v2\/tags?post=22677"}],"curies":[{"name":"wp","href":"https:\/\/api.w.org\/{rel}","templated":true}]}}