{"id":22665,"date":"2013-12-04T10:05:55","date_gmt":"2013-12-04T09:05:55","guid":{"rendered":"http:\/\/stockportal.hu\/?p=22665"},"modified":"2013-12-04T09:56:49","modified_gmt":"2013-12-04T08:56:49","slug":"ksh-oktoberben-25-szazalekkal-nott-a-kiskereskedelmi-forgalom-volumene","status":"publish","type":"post","link":"https:\/\/gazdasagportal.hu\/index.php\/ksh-oktoberben-25-szazalekkal-nott-a-kiskereskedelmi-forgalom-volumene\/","title":{"rendered":"KSH: okt\u00f3berben 2,5 sz\u00e1zal\u00e9kkal n\u0151tt a kiskereskedelmi forgalom volumene"},"content":{"rendered":"<p><strong>Id\u00e9n okt\u00f3berben az els\u0151 gyorsbecsl\u00e9s szerint 2,5 sz\u00e1zal\u00e9kkal n\u0151tt a kiskereskedelmi forgalom napt\u00e1rhat\u00e1st\u00f3l megtiszt\u00edtott volumene az el\u0151z\u0151 \u00e9v azonos id\u0151szak\u00e1hoz k\u00e9pest &#8211; k\u00f6z\u00f6lte a K\u00f6zponti Statisztikai Hivatal (KSH) szerd\u00e1n az MTI-vel.<!--more--><\/strong><\/p>\n<p>Az \u00e9lelmiszer- \u00e9s \u00e9lelmiszer jelleg\u0171 vegyes kiskereskedelemben 1,2 sz\u00e1zal\u00e9kkal emelkedett az \u00e9rt\u00e9kes\u00edt\u00e9s volumene okt\u00f3berben a szeptemberi 0,4 sz\u00e1zal\u00e9kos visszaes\u00e9s ut\u00e1n.<br \/>\nA nem \u00e9lelmiszer-kiskereskedelem 3,3 sz\u00e1zal\u00e9kkal b\u0151v\u00fclt az el\u0151z\u0151 \u00e9v azonos id\u0151szak\u00e1hoz k\u00e9pest a szeptemberi 0,1 sz\u00e1zal\u00e9kos n\u00f6veked\u00e9s ut\u00e1n. A t\u00f6bb mint 3 sz\u00e1zal\u00e9kos emelked\u00e9s hossz\u00fa id\u0151 \u00f3ta a legmagasabb \u00e9rt\u00e9k, enn\u00e9l nagyobb b\u0151v\u00fcl\u00e9s a nem-\u00e9lelmiszer term\u00e9kekn\u00e9l legut\u00f3bb 2011 december\u00e9ben volt.<br \/>\nAz \u00fczemanyag-kiskereskedelemben 3,7 sz\u00e1zal\u00e9kkal emelkedett az \u00e9rt\u00e9kes\u00edt\u00e9s volumene az \u00e9v tizedik h\u00f3napj\u00e1ban; az \u00e9rt\u00e9kes\u00edt\u00e9s b\u0151v\u00fcl\u00e9se augusztus \u00f3ta gyorsul: az utols\u00f3 ny\u00e1ri h\u00f3napban 1,6, szeptemberben 3,1 sz\u00e1zal\u00e9kkal n\u0151tt.<br \/>\nA KSH az okt\u00f3beri kiskereskedelmi forgalomra vonatkoz\u00f3 m\u00e1sodik el\u0151zetes becsl\u00e9s\u00e9t december 20-\u00e1n teszi k\u00f6zz\u00e9.(MTI)<\/p>\n","protected":false},"excerpt":{"rendered":"<p>Id\u00e9n okt\u00f3berben az els\u0151 gyorsbecsl\u00e9s szerint 2,5 sz\u00e1zal\u00e9kkal n\u0151tt a kiskereskedelmi forgalom napt\u00e1rhat\u00e1st\u00f3l megtiszt\u00edtott volumene az el\u0151z\u0151 \u00e9v azonos id\u0151szak\u00e1hoz k\u00e9pest &#8211; k\u00f6z\u00f6lte a K\u00f6zponti Statisztikai Hivatal (KSH) szerd\u00e1n az MTI-vel.<\/p>\n","protected":false},"author":1,"featured_media":0,"comment_status":"open","ping_status":"closed","sticky":false,"template":"","format":"standard","meta":[],"categories":[19],"tags":[],"_links":{"self":[{"href":"https:\/\/gazdasagportal.hu\/index.php\/wp-json\/wp\/v2\/posts\/22665"}],"collection":[{"href":"https:\/\/gazdasagportal.hu\/index.php\/wp-json\/wp\/v2\/posts"}],"about":[{"href":"https:\/\/gazdasagportal.hu\/index.php\/wp-json\/wp\/v2\/types\/post"}],"author":[{"embeddable":true,"href":"https:\/\/gazdasagportal.hu\/index.php\/wp-json\/wp\/v2\/users\/1"}],"replies":[{"embeddable":true,"href":"https:\/\/gazdasagportal.hu\/index.php\/wp-json\/wp\/v2\/comments?post=22665"}],"version-history":[{"count":1,"href":"https:\/\/gazdasagportal.hu\/index.php\/wp-json\/wp\/v2\/posts\/22665\/revisions"}],"predecessor-version":[{"id":22666,"href":"https:\/\/gazdasagportal.hu\/index.php\/wp-json\/wp\/v2\/posts\/22665\/revisions\/22666"}],"wp:attachment":[{"href":"https:\/\/gazdasagportal.hu\/index.php\/wp-json\/wp\/v2\/media?parent=22665"}],"wp:term":[{"taxonomy":"category","embeddable":true,"href":"https:\/\/gazdasagportal.hu\/index.php\/wp-json\/wp\/v2\/categories?post=22665"},{"taxonomy":"post_tag","embeddable":true,"href":"https:\/\/gazdasagportal.hu\/index.php\/wp-json\/wp\/v2\/tags?post=22665"}],"curies":[{"name":"wp","href":"https:\/\/api.w.org\/{rel}","templated":true}]}}