{"id":22663,"date":"2013-12-04T09:45:10","date_gmt":"2013-12-04T08:45:10","guid":{"rendered":"http:\/\/stockportal.hu\/?p=22663"},"modified":"2013-12-04T09:45:10","modified_gmt":"2013-12-04T08:45:10","slug":"visszater-a-newsweek-bajban-a-new-york-magazine","status":"publish","type":"post","link":"https:\/\/gazdasagportal.hu\/index.php\/visszater-a-newsweek-bajban-a-new-york-magazine\/","title":{"rendered":"Visszat\u00e9r a Newsweek, bajban a New York Magazine"},"content":{"rendered":"<p><strong>A j\u00f6v\u0151 \u00e9v elej\u00e9n a tervek szerint \u00fajra meg fog jelenni nyomtat\u00e1sban a patin\u00e1s Newsweek amerikai h\u00edrmagazin, mik\u00f6zben a New York Magazine cs\u00f6kkenteni fogja p\u00e9ld\u00e1nysz\u00e1m\u00e1t &#8211; jelentette a The New York Times amerikai napilap.<!--more--><\/strong><\/p>\n<p>A Newsweek kiad\u00f3ja tavaly \u0151sszel jelentette be, hogy 2013-t\u00f3l megsz\u0171nteti a lap nyomtatott v\u00e1ltozat\u00e1t, \u00e9s kiz\u00e1r\u00f3lag digit\u00e1lis form\u00e1ban jelenik meg a 80 \u00e9ves m\u00falttal rendelkez\u0151 magazin. A l\u00e9p\u00e9st\u0151l 40 milli\u00f3s doll\u00e1ros megtakar\u00edt\u00e1st rem\u00e9ltek a tulajdonosok, de a Newsweek helyzet\u00e9t az az\u00f3ta eltelt b\u0151 egy \u00e9vben \u00edgy sem siker\u00fclt rendezni. Kor\u00e1bban a The Daily Beast c\u00edm\u0171 k\u00f6z\u00e9leti h\u00edroldallal pr\u00f3b\u00e1lt\u00e1k \u00f6sszevonni, sikertelen\u00fcl.<br \/>\nA Newsweeket augusztusban vette meg egy kisebb m\u00e9diac\u00e9g, \u00e9s az \u00faj f\u0151szerkeszt\u0151, Jim Impoco j\u00f6v\u0151 janu\u00e1rra vagy febru\u00e1rra tervezi megjelentetni a k\u00f6vetkez\u0151 nyomtatott lapsz\u00e1mot. A 64 oldalas magazint &#8222;pr\u00e9mium term\u00e9knek&#8221; sz\u00e1nj\u00e1k, \u00e9s az eddigiekn\u00e9l nagyobb el\u0151fizet\u00e9si d\u00edjjal, de kevesebb rekl\u00e1mmal fog megjelenni &#8211; mondta a The New York Timesnak Impoco.<br \/>\nA 2003-ban m\u00e9g n\u00e9gymilli\u00f3, 2012 els\u0151 f\u00e9l\u00e9v\u00e9ben m\u00e1r csak m\u00e1sf\u00e9l milli\u00f3 p\u00e9ld\u00e1nysz\u00e1m\u00fa Newsweek a nyomtatott v\u00e1ltozat\u00e1nak megsz\u00fcntet\u00e9sekor a m\u00e1sodik legn\u00e9pszer\u0171bb heti h\u00edrmagazin volt az Egyes\u00fclt \u00c1llamokban a Time ut\u00e1n.<br \/>\nEzzel p\u00e1rhuzamosan a The New York Times arr\u00f3l is \u00edrt, hogy az &#8222;\u00faj \u00fajs\u00e1g\u00edr\u00e1s&#8221; egyik fellegv\u00e1r\u00e1nak tartott New York Magazine j\u00f6v\u0151 m\u00e1rciust\u00f3l a jelenlegi heti egy kiad\u00e1s helyett csak k\u00e9thetente fog megjelenni. A l\u00e9p\u00e9s oka, hogy a hirdet\u0151k elp\u00e1rtoltak az elismert lapt\u00f3l a gazdas\u00e1gi v\u00e1ls\u00e1g 2008-as kit\u00f6r\u00e9se \u00f3ta. A lapsz\u00e1mok cs\u00f6kkent\u00e9s\u00e9vel megsp\u00f3roland\u00f3 3,5 milli\u00f3 doll\u00e1rt a digit\u00e1lis kiad\u00e1s jav\u00edt\u00e1s\u00e1ra fogj\u00e1k ford\u00edtani a tulajdonosok.<br \/>\nA magazin has\u00e1bjain kor\u00e1bban olyan &#8211; ma m\u00e1r h\u00edres &#8211; szerz\u0151k v\u00e1ltak ismertt\u00e9, mint Tom Wolfe vagy Nora Ephron. (MTI)<br \/>\n<a title=\"Hely megnyit\u00e1sa\" href=\"http:\/\/www.nytimes.com\/2013\/12\/04\/business\/media\/newsweek-plans-return-to-print.html\" target=\"_blank\" rel=\"noopener\">http:\/\/www.nytimes.com\/2013\/12\/04\/business\/media\/newsweek-plans-return-to-print.html<\/a><br \/>\n<a title=\"Hely megnyit\u00e1sa\" href=\"http:\/\/www.nytimes.com\/2013\/12\/02\/business\/media\/long-on-cutting-edge-of-print-new-york-magazine-cuts-back.html\" target=\"_blank\" rel=\"noopener\">http:\/\/www.nytimes.com\/2013\/12\/02\/business\/media\/long-on-cutting-edge-of-print-new-york-magazine-cuts-back.html<\/a><\/p>\n","protected":false},"excerpt":{"rendered":"<p>A j\u00f6v\u0151 \u00e9v elej\u00e9n a tervek szerint \u00fajra meg fog jelenni nyomtat\u00e1sban a patin\u00e1s Newsweek amerikai h\u00edrmagazin, mik\u00f6zben a New York Magazine cs\u00f6kkenteni fogja p\u00e9ld\u00e1nysz\u00e1m\u00e1t &#8211; jelentette a The New York Times amerikai napilap.<\/p>\n","protected":false},"author":1,"featured_media":0,"comment_status":"open","ping_status":"closed","sticky":false,"template":"","format":"standard","meta":[],"categories":[13],"tags":[],"_links":{"self":[{"href":"https:\/\/gazdasagportal.hu\/index.php\/wp-json\/wp\/v2\/posts\/22663"}],"collection":[{"href":"https:\/\/gazdasagportal.hu\/index.php\/wp-json\/wp\/v2\/posts"}],"about":[{"href":"https:\/\/gazdasagportal.hu\/index.php\/wp-json\/wp\/v2\/types\/post"}],"author":[{"embeddable":true,"href":"https:\/\/gazdasagportal.hu\/index.php\/wp-json\/wp\/v2\/users\/1"}],"replies":[{"embeddable":true,"href":"https:\/\/gazdasagportal.hu\/index.php\/wp-json\/wp\/v2\/comments?post=22663"}],"version-history":[{"count":1,"href":"https:\/\/gazdasagportal.hu\/index.php\/wp-json\/wp\/v2\/posts\/22663\/revisions"}],"predecessor-version":[{"id":22664,"href":"https:\/\/gazdasagportal.hu\/index.php\/wp-json\/wp\/v2\/posts\/22663\/revisions\/22664"}],"wp:attachment":[{"href":"https:\/\/gazdasagportal.hu\/index.php\/wp-json\/wp\/v2\/media?parent=22663"}],"wp:term":[{"taxonomy":"category","embeddable":true,"href":"https:\/\/gazdasagportal.hu\/index.php\/wp-json\/wp\/v2\/categories?post=22663"},{"taxonomy":"post_tag","embeddable":true,"href":"https:\/\/gazdasagportal.hu\/index.php\/wp-json\/wp\/v2\/tags?post=22663"}],"curies":[{"name":"wp","href":"https:\/\/api.w.org\/{rel}","templated":true}]}}