{"id":22637,"date":"2013-12-03T21:33:43","date_gmt":"2013-12-03T20:33:43","guid":{"rendered":"http:\/\/stockportal.hu\/?p=22637"},"modified":"2013-12-03T20:54:34","modified_gmt":"2013-12-03T19:54:34","slug":"zaroszavazasra-bocsathato-az-idei-koltsegvetes-modositasa","status":"publish","type":"post","link":"https:\/\/gazdasagportal.hu\/index.php\/zaroszavazasra-bocsathato-az-idei-koltsegvetes-modositasa\/","title":{"rendered":"Z\u00e1r\u00f3szavaz\u00e1sra bocs\u00e1that\u00f3 az idei k\u00f6lts\u00e9gvet\u00e9s m\u00f3dos\u00edt\u00e1sa"},"content":{"rendered":"<p><strong>Megadta el\u0151zetes hozz\u00e1j\u00e1rul\u00e1s\u00e1t az idei k\u00f6zponti k\u00f6lts\u00e9gvet\u00e9s m\u00f3dos\u00edt\u00e1s\u00e1r\u00f3l sz\u00f3l\u00f3 t\u00f6rv\u00e9nyjavaslat z\u00e1r\u00f3szavaz\u00e1sra bocs\u00e1t\u00e1s\u00e1hoz a K\u00f6lts\u00e9gvet\u00e9si Tan\u00e1cs (KT), ugyanakkor a hi\u00e1nyc\u00e9l teljes\u00edthet\u0151s\u00e9ge szempontj\u00e1b\u00f3l bizonytalans\u00e1gra is felh\u00edvta a figyelmet. A test\u00fclet keddi d\u00f6nt\u00e9s\u00e9r\u0151l sz\u00f3l\u00f3 hat\u00e1rozat az Orsz\u00e1ggy\u0171l\u00e9s honlapj\u00e1n jelent meg.<!--more--><\/strong><\/p>\n<p>Az idei k\u00f6zponti k\u00f6lts\u00e9gvet\u00e9sr\u0151l sz\u00f3l\u00f3 t\u00f6rv\u00e9ny m\u00f3dos\u00edt\u00e1s\u00e1t tartalmaz\u00f3 sz\u00e1m\u00fa eredeti t\u00f6rv\u00e9nyjavaslat a p\u00e9nzforgalmi hi\u00e1ny \u00e9s az \u00e1llamad\u00f3ss\u00e1g n\u00f6veked\u00e9s\u00e9t eredm\u00e9nyez\u0151, 39 milli\u00e1rd forint \u00e9rt\u00e9k\u0171 t\u00f6bbletkiad\u00e1st ind\u00edtv\u00e1nyoz. Erre nagyobbr\u00e9szt az Orsz\u00e1ggy\u0171l\u00e9snek a sz\u00f6vetkezeti hitelint\u00e9zeti integr\u00e1ci\u00f3 kereteit megteremt\u0151 d\u00f6nt\u00e9sei v\u00e9grehajt\u00e1s\u00e1hoz, valamint az \u00e1llami vagyon b\u0151v\u00edt\u00e9s\u00e9re ir\u00e1nyul\u00f3 korm\u00e1nyzati elk\u00e9pzel\u00e9sek megval\u00f3s\u00edt\u00e1s\u00e1hoz sz\u00fcks\u00e9ges k\u00f6lts\u00e9gvet\u00e9si fedezet megteremt\u00e9se \u00e9rdek\u00e9ben van sz\u00fcks\u00e9g &#8211; \u00e1ll az indokl\u00e1sban.<br \/>\nA KT t\u00f6rv\u00e9nyjavaslat-tervezettel kapcsolatos v\u00e9lem\u00e9nye r\u00f6gz\u00edtette, hogy a tan\u00e1cs hat\u00e1sk\u00f6r\u00e9ben elv\u00e9gzett sz\u00e1m\u00edt\u00e1sok alapj\u00e1n a t\u00f6rv\u00e9nyjavaslat elfogad\u00e1sa eset\u00e9n az alapt\u00f6rv\u00e9ny szerinti \u00e1llamad\u00f3ss\u00e1g-szab\u00e1ly teljes\u00fcl.<br \/>\nUgyanakkor a t\u00f6rv\u00e9nyjavaslathoz elfogadott m\u00f3dos\u00edt\u00f3 javaslatokb\u00f3l kett\u0151 elj\u00e1r\u00e1si szab\u00e1lyokat \u00e9rint, m\u00edg egy a kiad\u00e1si f\u0151\u00f6sszeget, egyidej\u0171leg a p\u00e9nzforgalmi hi\u00e1nyt \u00e9s az \u00e1llamad\u00f3ss\u00e1got n\u00f6veli. Az ut\u00f3bbi szerint az Eur\u00f3pai Uni\u00f3 T\u00f6rv\u00e9nysz\u00e9k\u00e9nek \u00edt\u00e9lete \u00e9rtelm\u00e9ben a Mol sz\u00e1m\u00e1ra vissza kell fizetni a kor\u00e1bban jogellenesen befizettetett 35,3 milli\u00e1rd forintot. A GDP ar\u00e1ny\u00e1ban sz\u00e1m\u00edtott \u00e1llamad\u00f3ss\u00e1g az \u00e9v v\u00e9g\u00e9re v\u00e1rhat\u00f3an \u00edgy is cs\u00f6kken, vagyis az \u00e1llamad\u00f3ss\u00e1g-szab\u00e1ly teljes\u00fcl\u00e9se nem ker\u00fcl vesz\u00e9lybe &#8211; sz\u00f6gezi le az indokl\u00e1s.<br \/>\nA Nemzetgazdas\u00e1gi Miniszt\u00e9rium a k\u00f6lts\u00e9gvet\u00e9si t\u00f6rv\u00e9ny m\u00f3dos\u00edt\u00e1s\u00e1hoz kapcsol\u00f3d\u00f3an r\u00e9szletes sz\u00e1m\u00edt\u00e1sokat, dokumentumokat bocs\u00e1tott a KT rendelkez\u00e9s\u00e9re. A tan\u00e1cs \u00e1ll\u00e1spontja kialak\u00edt\u00e1sa sor\u00e1n figyelembe vette a makrogazdas\u00e1g, az \u00e1llamh\u00e1ztart\u00e1s legut\u00f3bbi folyamatait, a rendelkez\u00e9s\u00e9re \u00e1ll\u00f3 progn\u00f3zisokat. Ezek alapj\u00e1n adja meg hozz\u00e1j\u00e1rul\u00e1s\u00e1t a t\u00f6rv\u00e9nyjavaslat z\u00e1r\u00f3szavaz\u00e1sra bocs\u00e1t\u00e1s\u00e1hoz &#8211; k\u00f6z\u00f6lt\u00e9k.<br \/>\nA KT jelzi azt is: a k\u00f6zponti k\u00f6lts\u00e9gvet\u00e9s kiad\u00e1si f\u0151\u00f6sszeg\u00e9t \u00e9s egyenleg\u00e9t \u00e9rint\u0151 m\u00f3dos\u00edt\u00e1sok mintegy 75 milli\u00e1rd forinttal emelik a 2013. \u00e9vi k\u00f6zponti k\u00f6lts\u00e9gvet\u00e9s p\u00e9nzforgalmi hi\u00e1ny\u00e1t. A tan\u00e1cs el\u0151zetes hozz\u00e1j\u00e1rul\u00e1sa megad\u00e1sakor a sz\u00f6vetkezeti hitelint\u00e9zeti integr\u00e1ci\u00f3 v\u00e9grehajt\u00e1s\u00e1t seg\u00edt\u0151 k\u00f6lts\u00e9gvet\u00e9si kiad\u00e1s (135 milli\u00e1rd forint) ESA m\u00f3dszertan szerinti elsz\u00e1mol\u00e1s\u00e1ra ir\u00e1nyad\u00f3 hivatalos \u00e1ll\u00e1spont m\u00e9g nem ismert.<br \/>\nEz bizonytalans\u00e1got jelent a 2013. \u00e9vi hi\u00e1nyc\u00e9l teljes\u00edthet\u0151s\u00e9ge szempontj\u00e1b\u00f3l, az \u00e9vk\u00f6zi t\u00f6rv\u00e9nyhoz\u00f3i \u00e9s korm\u00e1nyzati int\u00e9zked\u00e9sek ellen\u00e9re. Ez\u00e9rt a korm\u00e1nynak az \u00e9v h\u00e1tral\u00e9v\u0151 id\u0151szak\u00e1ban int\u00e9zked\u00e9sein\u00e9l erre tekintettel kell lennie, k\u00fcl\u00f6n\u00f6sen a k\u00f6zponti tartal\u00e9kok felhaszn\u00e1l\u00e1s\u00e1t illet\u0151en &#8211; emelte ki a KT.(MTI)<\/p>\n","protected":false},"excerpt":{"rendered":"<p>Megadta el\u0151zetes hozz\u00e1j\u00e1rul\u00e1s\u00e1t az idei k\u00f6zponti k\u00f6lts\u00e9gvet\u00e9s m\u00f3dos\u00edt\u00e1s\u00e1r\u00f3l sz\u00f3l\u00f3 t\u00f6rv\u00e9nyjavaslat z\u00e1r\u00f3szavaz\u00e1sra bocs\u00e1t\u00e1s\u00e1hoz a K\u00f6lts\u00e9gvet\u00e9si Tan\u00e1cs (KT), ugyanakkor a hi\u00e1nyc\u00e9l teljes\u00edthet\u0151s\u00e9ge szempontj\u00e1b\u00f3l bizonytalans\u00e1gra is felh\u00edvta a figyelmet. A test\u00fclet keddi d\u00f6nt\u00e9s\u00e9r\u0151l sz\u00f3l\u00f3 hat\u00e1rozat az Orsz\u00e1ggy\u0171l\u00e9s honlapj\u00e1n jelent meg.<\/p>\n","protected":false},"author":1,"featured_media":0,"comment_status":"open","ping_status":"closed","sticky":false,"template":"","format":"standard","meta":[],"categories":[19],"tags":[],"_links":{"self":[{"href":"https:\/\/gazdasagportal.hu\/index.php\/wp-json\/wp\/v2\/posts\/22637"}],"collection":[{"href":"https:\/\/gazdasagportal.hu\/index.php\/wp-json\/wp\/v2\/posts"}],"about":[{"href":"https:\/\/gazdasagportal.hu\/index.php\/wp-json\/wp\/v2\/types\/post"}],"author":[{"embeddable":true,"href":"https:\/\/gazdasagportal.hu\/index.php\/wp-json\/wp\/v2\/users\/1"}],"replies":[{"embeddable":true,"href":"https:\/\/gazdasagportal.hu\/index.php\/wp-json\/wp\/v2\/comments?post=22637"}],"version-history":[{"count":1,"href":"https:\/\/gazdasagportal.hu\/index.php\/wp-json\/wp\/v2\/posts\/22637\/revisions"}],"predecessor-version":[{"id":22638,"href":"https:\/\/gazdasagportal.hu\/index.php\/wp-json\/wp\/v2\/posts\/22637\/revisions\/22638"}],"wp:attachment":[{"href":"https:\/\/gazdasagportal.hu\/index.php\/wp-json\/wp\/v2\/media?parent=22637"}],"wp:term":[{"taxonomy":"category","embeddable":true,"href":"https:\/\/gazdasagportal.hu\/index.php\/wp-json\/wp\/v2\/categories?post=22637"},{"taxonomy":"post_tag","embeddable":true,"href":"https:\/\/gazdasagportal.hu\/index.php\/wp-json\/wp\/v2\/tags?post=22637"}],"curies":[{"name":"wp","href":"https:\/\/api.w.org\/{rel}","templated":true}]}}