{"id":22414,"date":"2013-11-30T07:50:16","date_gmt":"2013-11-30T06:50:16","guid":{"rendered":"http:\/\/stockportal.hu\/?p=22414"},"modified":"2013-11-30T07:51:32","modified_gmt":"2013-11-30T06:51:32","slug":"javitotta-izrael-kilatasat-a-fitch-nem-szamit-haborura-irannal","status":"publish","type":"post","link":"https:\/\/gazdasagportal.hu\/index.php\/javitotta-izrael-kilatasat-a-fitch-nem-szamit-haborura-irannal\/","title":{"rendered":"Jav\u00edtotta Izrael kil\u00e1t\u00e1s\u00e1t a Fitch, nem sz\u00e1m\u00edt h\u00e1bor\u00fara Ir\u00e1nnal"},"content":{"rendered":"<p><strong>Az eddigi stabilr\u00f3l felmin\u0151s\u00edt\u00e9s lehet\u0151s\u00e9g\u00e9re utal\u00f3 pozit\u00edvra jav\u00edtotta Izrael m\u00e1r most is els\u0151rend\u0171 szuver\u00e9n devizaad\u00f3s-oszt\u00e1lyzat\u00e1nak kil\u00e1t\u00e1s\u00e1t p\u00e9nteken a Fitch Ratings.<!--more--><\/strong><\/p>\n<p>A nemzetk\u00f6zi hitelmin\u0151s\u00edt\u0151 a l\u00e9p\u00e9shez f\u0171z\u00f6tt elemz\u00e9s\u00e9ben kiemelte, hogy nem sz\u00e1mol k\u00f6zvetlen fegyveres konfliktussal Izrael \u00e9s Ir\u00e1n k\u00f6z\u00f6tt.<br \/>\nA Fitch p\u00e9ntek este Londonban k\u00f6z\u00f6lte, hogy a kil\u00e1t\u00e1sjav\u00edt\u00e1ssal egy id\u0151ben meger\u0151s\u00edtette Izrael deviz\u00e1ban \u00e9s hazai valut\u00e1ban kibocs\u00e1tott hossz\u00fa futamidej\u0171 \u00e1llamad\u00f3ss\u00e1g\u00e1nak &#8222;A\/A plusz&#8221; szint\u0171 besorol\u00e1s\u00e1t.<br \/>\nA pozit\u00edv kil\u00e1t\u00e1s a devizaad\u00f3ss\u00e1gra vonatkozik, a hazai fizet\u0151eszk\u00f6zben fenn\u00e1ll\u00f3 szuver\u00e9n k\u00f6telezetts\u00e9gek kil\u00e1t\u00e1sa tov\u00e1bbra is stabil.<br \/>\nA Fitch Ratings el\u0151rejelz\u00e9se szerint az izraeli \u00e1llamh\u00e1ztart\u00e1si hi\u00e1ny az id\u00e9n j\u00f3val a kit\u0171z\u00f6tt c\u00e9l alatt lesz. Az idei els\u0151 t\u00edz h\u00f3nap adatai alapj\u00e1n a hitelmin\u0151s\u00edt\u0151 3,4 sz\u00e1zal\u00e9kos deficitet v\u00e1r a k\u00f6lts\u00e9gvet\u00e9sben szerepl\u0151 4,3 sz\u00e1zal\u00e9kos c\u00e9l helyett. A v\u00e1rtn\u00e1l jobb teljes\u00edtm\u00e9nyt a konszolid\u00e1ci\u00f3s int\u00e9zked\u00e9sek, az el\u0151ir\u00e1nyzatokt\u00f3l elmarad\u00f3 kiad\u00e1sok \u00e9s egyszeri t\u00e9nyez\u0151k okozz\u00e1k &#8211; \u00e1ll a Fitch p\u00e9nteki londoni elemz\u00e9s\u00e9ben.<br \/>\nA javul\u00f3 k\u00f6lts\u00e9gvet\u00e9si teljes\u00edtm\u00e9ny r\u00e9v\u00e9n lefel\u00e9 tart a GDP-ar\u00e1nyos k\u00f6zad\u00f3ss\u00e1g-r\u00e1ta is. A hitelmin\u0151s\u00edt\u0151 progn\u00f3zisa szerint 2015-re 65,4 sz\u00e1zal\u00e9k lesz az ad\u00f3ss\u00e1gr\u00e1ta, \u00e9s folyamatosan k\u00f6zel\u00edt a korm\u00e1ny \u00e1ltal hossz\u00fa t\u00e1vra kit\u0171z\u00f6tt 60 sz\u00e1zal\u00e9kos c\u00e9lhoz.<br \/>\nAz \u00fajonnan felfedezett f\u00f6ldg\u00e1zmez\u0151k kitermel\u00e9se m\u00e1ris cs\u00f6kkenti az energiahordoz\u00f3-importot, \u00e9s az idei els\u0151 t\u00edz h\u00f3napban a GDP-\u00e9rt\u00e9khez m\u00e9rve 0,8 sz\u00e1zal\u00e9kkal cs\u00f6kkentette az izraeli k\u00fclkereskedelmi hi\u00e1nyt, az \u00e9v eg\u00e9sz\u00e9ben pedig v\u00e1rhat\u00f3an ugyanennyit ad hozz\u00e1 a GDP-\u00e9rt\u00e9khez &#8211; j\u00f3solj\u00e1k p\u00e9nteki elemz\u00e9s\u00fckben a Fitch londoni szak\u00e9rt\u0151i.<br \/>\nA c\u00e9g szerint az ir\u00e1ni nukle\u00e1ris programr\u00f3l Genfben el\u00e9rt meg\u00e1llapod\u00e1s nyom\u00e1n enyh\u00fclt a katonai konfliktus r\u00f6vid t\u00e1v\u00fa kock\u00e1zata, b\u00e1r ha Ir\u00e1n b\u00e1rmilyen m\u00f3don megs\u00e9rti az egyezs\u00e9get, az tov\u00e1bbra is katonai v\u00e1laszcsap\u00e1shoz vezethet.<br \/>\nA sz\u00edriai harcoknak eddig minim\u00e1lis k\u00f6zvetlen \u00e1tsz\u0171r\u0151d\u0151 hat\u00e1sai voltak Izraelre, j\u00f3llehet a konfliktus tov\u00e1bbi menete \u00e9s a szomsz\u00e9dos orsz\u00e1gokra gyakorolt hat\u00e1sa v\u00e1ltozatlanul bizonytalan &#8211; \u00e1ll a Fitch Ratings elemz\u00e9s\u00e9ben.<br \/>\nA c\u00e9g k\u00f6z\u00f6lte, hogy minden t\u00e9nyez\u0151t egybevetve nem sz\u00e1m\u00edt katonai konfliktus kirobban\u00e1s\u00e1ra Izrael \u00e9s Ir\u00e1n k\u00f6z\u00f6tt. A Fitch v\u00e1rakoz\u00e1sa szerint a sz\u00edriai polg\u00e1rh\u00e1bor\u00fa sem fogja s\u00falyos m\u00e9rt\u00e9kben destabiliz\u00e1lni a r\u00e9gi\u00f3t, \u00e9s nem fog \u00e1tcsapni k\u00f6zvetlen\u00fcl Izraelre.<br \/>\nAz izraeli \u00e1llamad\u00f3s-oszt\u00e1lyzat kialak\u00edt\u00e1s\u00e1hoz a c\u00e9g mindezzel egy\u00fctt is jelent\u0151s m\u00e9ret\u00e9k\u0171 politikai kock\u00e1zatot vett figyelembe &#8211; \u00e1ll az elemz\u00e9sben.(MTI)<\/p>\n","protected":false},"excerpt":{"rendered":"<p>Az eddigi stabilr\u00f3l felmin\u0151s\u00edt\u00e9s lehet\u0151s\u00e9g\u00e9re utal\u00f3 pozit\u00edvra jav\u00edtotta Izrael m\u00e1r most is els\u0151rend\u0171 szuver\u00e9n devizaad\u00f3s-oszt\u00e1lyzat\u00e1nak kil\u00e1t\u00e1s\u00e1t p\u00e9nteken a Fitch Ratings.<\/p>\n","protected":false},"author":1,"featured_media":1254,"comment_status":"open","ping_status":"closed","sticky":false,"template":"","format":"standard","meta":[],"categories":[16],"tags":[],"_links":{"self":[{"href":"https:\/\/gazdasagportal.hu\/index.php\/wp-json\/wp\/v2\/posts\/22414"}],"collection":[{"href":"https:\/\/gazdasagportal.hu\/index.php\/wp-json\/wp\/v2\/posts"}],"about":[{"href":"https:\/\/gazdasagportal.hu\/index.php\/wp-json\/wp\/v2\/types\/post"}],"author":[{"embeddable":true,"href":"https:\/\/gazdasagportal.hu\/index.php\/wp-json\/wp\/v2\/users\/1"}],"replies":[{"embeddable":true,"href":"https:\/\/gazdasagportal.hu\/index.php\/wp-json\/wp\/v2\/comments?post=22414"}],"version-history":[{"count":1,"href":"https:\/\/gazdasagportal.hu\/index.php\/wp-json\/wp\/v2\/posts\/22414\/revisions"}],"predecessor-version":[{"id":22415,"href":"https:\/\/gazdasagportal.hu\/index.php\/wp-json\/wp\/v2\/posts\/22414\/revisions\/22415"}],"wp:featuredmedia":[{"embeddable":true,"href":"https:\/\/gazdasagportal.hu\/index.php\/wp-json\/wp\/v2\/media\/1254"}],"wp:attachment":[{"href":"https:\/\/gazdasagportal.hu\/index.php\/wp-json\/wp\/v2\/media?parent=22414"}],"wp:term":[{"taxonomy":"category","embeddable":true,"href":"https:\/\/gazdasagportal.hu\/index.php\/wp-json\/wp\/v2\/categories?post=22414"},{"taxonomy":"post_tag","embeddable":true,"href":"https:\/\/gazdasagportal.hu\/index.php\/wp-json\/wp\/v2\/tags?post=22414"}],"curies":[{"name":"wp","href":"https:\/\/api.w.org\/{rel}","templated":true}]}}