{"id":22410,"date":"2013-11-30T08:32:07","date_gmt":"2013-11-30T07:32:07","guid":{"rendered":"http:\/\/stockportal.hu\/?p=22410"},"modified":"2013-11-30T07:23:23","modified_gmt":"2013-11-30T06:23:23","slug":"ukrajna-eu-tomegverekedes-tort-ki-a-kijevi-foteren","status":"publish","type":"post","link":"https:\/\/gazdasagportal.hu\/index.php\/ukrajna-eu-tomegverekedes-tort-ki-a-kijevi-foteren\/","title":{"rendered":"Ukrajna-EU &#8211; T\u00f6megvereked\u00e9s t\u00f6rt ki a kijevi f\u0151t\u00e9ren"},"content":{"rendered":"<p><strong>T\u00f6megvereked\u00e9s t\u00f6rt ki p\u00e9ntek \u00e9jjel az EU-p\u00e1rti t\u00fcntet\u00e9sen r\u00e9szt vev\u0151k \u00e9s a rohamrend\u0151r\u00f6k k\u00f6z\u00f6tt Kijev f\u0151ter\u00e9n.<!--more--><\/strong><\/p>\n<p>A vereked\u00e9sben t\u00f6bb sz\u00e1zan vettek r\u00e9szt, k\u00f6zt\u00fck mintegy k\u00e9tsz\u00e1z rohamrend\u0151r, valamint sportos megjelen\u00e9s\u0171, v\u00e9lhet\u0151en provok\u00e1torok \u00e9s EU-p\u00e1rti aktivist\u00e1k. Ut\u00f3bbiak \u00e1ll\u00edtj\u00e1k, hogy a sportos kin\u00e9zet\u0171 f\u00e9rfiak kezdem\u00e9nyezt\u00e9k a vereked\u00e9st. Felt\u00e9telez\u00e9sek szerint a val\u00f3sz\u00edn\u0171leg k\u00fczd\u0151sportokkal foglalkoz\u00f3kat felb\u00e9relt\u00e9k, hogy er\u0151szakot sz\u00edtsanak az EU-p\u00e1rtiak demonstr\u00e1ci\u00f3j\u00e1n. P\u00e9nteken a belv\u00e1rosban nagy sz\u00e1mban l\u00e1ttak hozz\u00e1juk hasonl\u00f3kat csoportokban gy\u00fclekezni.<br \/>\nA Julija Timosenko beb\u00f6rt\u00f6nz\u00f6tt volt korm\u00e1nyf\u0151 m\u00f6g\u00f6tt \u00e1ll\u00f3 Haza p\u00e1rt Twitter-oldal\u00e1n k\u00f6zz\u00e9tett inform\u00e1ci\u00f3 szerint a rohamrend\u0151r\u00f6k k\u00f6nnyg\u00e1zzal \u00e9s gumibotokkal t\u00e1madtak.<br \/>\nA demonstr\u00e1l\u00f3k t\u00f6meg\u00e9vel menek\u00fcltek el a t\u00e9rr\u0151l. Helysz\u00edni jelent\u00e9sek szerint a Reuters fot\u00f3riportere, Gleb Garanics fejs\u00e9r\u00fcl\u00e9st szenvedett, a F\u00fcggetlens\u00e9g ter\u00e9n demonstr\u00e1l\u00f3k ny\u00fajtottak neki els\u0151seg\u00e9lyt. A brit h\u00edr\u00fcgyn\u00f6ks\u00e9g munkat\u00e1rs\u00e1n k\u00edv\u00fcl a nap folyam\u00e1n egy ukr\u00e1n t\u00e9v\u00e9 riportere szenvedett komolyabb s\u00e9r\u00fcl\u00e9st az arc\u00e1n, amikor \u0151t \u00e9s operat\u0151r\u00e9t a korm\u00e1ny \u00e9s a parlament \u00e9p\u00fclet\u00e9vel szembeni parkban gy\u00fclekez\u0151 sportos alkat\u00fa f\u00e9rfiak megt\u00e1madt\u00e1k.<br \/>\nKora este, a demonstr\u00e1ci\u00f3 tet\u0151pontj\u00e1n becsl\u00e9sek szerint 20-30 ezren voltak a t\u00e9ren. \u00c9jjelre m\u00e1r alig n\u00e9h\u00e1ny sz\u00e1zan maradtak.(MTI)<\/p>\n","protected":false},"excerpt":{"rendered":"<p>T\u00f6megvereked\u00e9s t\u00f6rt ki p\u00e9ntek \u00e9jjel az EU-p\u00e1rti t\u00fcntet\u00e9sen r\u00e9szt vev\u0151k \u00e9s a rohamrend\u0151r\u00f6k k\u00f6z\u00f6tt Kijev f\u0151ter\u00e9n.<\/p>\n","protected":false},"author":1,"featured_media":0,"comment_status":"open","ping_status":"closed","sticky":false,"template":"","format":"standard","meta":[],"categories":[12],"tags":[],"_links":{"self":[{"href":"https:\/\/gazdasagportal.hu\/index.php\/wp-json\/wp\/v2\/posts\/22410"}],"collection":[{"href":"https:\/\/gazdasagportal.hu\/index.php\/wp-json\/wp\/v2\/posts"}],"about":[{"href":"https:\/\/gazdasagportal.hu\/index.php\/wp-json\/wp\/v2\/types\/post"}],"author":[{"embeddable":true,"href":"https:\/\/gazdasagportal.hu\/index.php\/wp-json\/wp\/v2\/users\/1"}],"replies":[{"embeddable":true,"href":"https:\/\/gazdasagportal.hu\/index.php\/wp-json\/wp\/v2\/comments?post=22410"}],"version-history":[{"count":1,"href":"https:\/\/gazdasagportal.hu\/index.php\/wp-json\/wp\/v2\/posts\/22410\/revisions"}],"predecessor-version":[{"id":22411,"href":"https:\/\/gazdasagportal.hu\/index.php\/wp-json\/wp\/v2\/posts\/22410\/revisions\/22411"}],"wp:attachment":[{"href":"https:\/\/gazdasagportal.hu\/index.php\/wp-json\/wp\/v2\/media?parent=22410"}],"wp:term":[{"taxonomy":"category","embeddable":true,"href":"https:\/\/gazdasagportal.hu\/index.php\/wp-json\/wp\/v2\/categories?post=22410"},{"taxonomy":"post_tag","embeddable":true,"href":"https:\/\/gazdasagportal.hu\/index.php\/wp-json\/wp\/v2\/tags?post=22410"}],"curies":[{"name":"wp","href":"https:\/\/api.w.org\/{rel}","templated":true}]}}