{"id":22406,"date":"2013-11-30T07:17:51","date_gmt":"2013-11-30T06:17:51","guid":{"rendered":"http:\/\/stockportal.hu\/?p=22406"},"modified":"2013-11-30T07:17:51","modified_gmt":"2013-11-30T06:17:51","slug":"felminositette-gorogorszagot-a-moodys","status":"publish","type":"post","link":"https:\/\/gazdasagportal.hu\/index.php\/felminositette-gorogorszagot-a-moodys\/","title":{"rendered":"Felmin\u0151s\u00edtette G\u00f6r\u00f6gorsz\u00e1got a Moody&#8217;s"},"content":{"rendered":"<p><strong>Felmin\u0151s\u00edtette G\u00f6r\u00f6gorsz\u00e1got a Moody&#8217;s Investors Service, els\u0151sorban a k\u00f6lts\u00e9gvet\u00e9s kiegyens\u00falyoz\u00e1s\u00e1ban el\u00e9rt eredm\u00e9nyekkel indokolva a l\u00e9p\u00e9st.<!--more--><\/strong><\/p>\n<div id=\"attachment_1367\" style=\"width: 310px\" class=\"wp-caption alignnone\"><a href=\"http:\/\/stockportal.hu\/wp-content\/uploads\/2013\/01\/moodys.jpg\" target=\"_blank\" rel=\"noopener\"><img aria-describedby=\"caption-attachment-1367\" decoding=\"async\" loading=\"lazy\" class=\"size-medium wp-image-1367\" alt=\"Moody's Corporation\" src=\"http:\/\/stockportal.hu\/wp-content\/uploads\/2013\/01\/moodys-300x187.jpg\" width=\"300\" height=\"187\" srcset=\"https:\/\/gazdasagportal.hu\/wp-content\/uploads\/2013\/01\/moodys-300x187.jpg 300w, https:\/\/gazdasagportal.hu\/wp-content\/uploads\/2013\/01\/moodys.jpg 480w\" sizes=\"(max-width: 300px) 100vw, 300px\" \/><\/a><p id=\"caption-attachment-1367\" class=\"wp-caption-text\">Moody&#8217;s Corporation<\/p><\/div>\n<p>A vil\u00e1g legnagyobb hitelmin\u0151s\u00edt\u0151 csoportja p\u00e9ntek \u00e9jjel, az eur\u00f3pai \u00e9s az amerikai piaci z\u00e1r\u00e1sok ut\u00e1n Londonban k\u00f6z\u00f6lte, hogy a g\u00f6r\u00f6g \u00e1llamk\u00f6tv\u00e9ny-besorol\u00e1st az eddigi &#8222;C&#8221;-r\u0151l k\u00e9t fokozattal &#8222;Caa3&#8221;-ra jav\u00edtotta, \u00e9s az \u00faj oszt\u00e1lyzatra stabil kil\u00e1t\u00e1st adott.<br \/>\nA &#8222;C&#8221; a Moody&#8217;s oszt\u00e1lyzati m\u00f3dszertan\u00e1ban a legrosszabb ad\u00f3sbesorol\u00e1s, gyakorlatilag cs\u0151dhelyzetet jelez, de az enn\u00e9l k\u00e9t osztattal magasabb &#8222;Caa3&#8221; is m\u00e9g t\u00edzfokozatnyira van a m\u00e1r befektet\u00e9si aj\u00e1nl\u00e1s\u00fa &#8222;Baa&#8221; s\u00e1v alj\u00e1t\u00f3l, \u00e9s tov\u00e1bbra is rendk\u00edv\u00fcli kock\u00e1zatokra figyelmezteti a befektet\u0151ket.<br \/>\nA felmin\u0151s\u00edt\u00e9shez f\u0171z\u00f6tt elemz\u00e9s\u00e9ben a Moody&#8217;s ugyanakkor kiemelte, hogy a gyenge n\u00f6veked\u00e9si k\u00f6rnyezet \u00e9s a politikai bizonytalans\u00e1gok ellen\u00e9re a g\u00f6r\u00f6g korm\u00e1ny jelent\u0151s \u00e1llamh\u00e1ztart\u00e1si konszolid\u00e1ci\u00f3t \u00e9rt el a struktur\u00e1lis kiigaz\u00edt\u00e1si program keret\u00e9ben. Ennek alapj\u00e1n a Moody&#8217;s azzal sz\u00e1mol, hogy a korm\u00e1ny teljes\u00edti, s\u0151t esetleg t\u00falteljes\u00edti az idei \u00e9vre kit\u0171z\u00f6tt, els\u0151dleges egyens\u00falyi k\u00f6lts\u00e9gvet\u00e9si m\u00e9rleget c\u00e9lz\u00f3 tervet, \u00e9s j\u00f6v\u0151re ak\u00e1r t\u00f6bbletet is el\u00e9rhet az els\u0151dleges m\u00e9rlegben, ahogy az a kiigaz\u00edt\u00e1si programban szerepel.<br \/>\nA 2014-re meg\u00e1llap\u00edtott c\u00e9l 1,5 sz\u00e1zal\u00e9kos GDP-ar\u00e1nyos els\u0151dleges &#8211; vagyis kamatfizet\u00e9si k\u00f6telezetts\u00e9gek n\u00e9lk\u00fcl sz\u00e1molt &#8211; \u00e1llamh\u00e1ztart\u00e1si t\u00f6bblet el\u00e9r\u00e9se.<br \/>\nA Moody&#8217;s a felmin\u0151s\u00edt\u00e9s m\u00e1sik f\u0151 t\u00e9nyez\u0151jek\u00e9nt azt emelte ki, hogy a jelek szerint a g\u00f6r\u00f6g gazdas\u00e1g csaknem hat \u00e9ve tart\u00f3 recesszi\u00f3ja m\u00e1r el\u00e9rhette m\u00e9lypontj\u00e1t, \u00e9s a ciklikus t\u00e9nyez\u0151k, valamint a struktur\u00e1lis reformok kombin\u00e1ci\u00f3ja r\u00e9v\u00e9n javulnak a k\u00f6z\u00e9pt\u00e1v\u00fa n\u00f6veked\u00e9si kil\u00e1t\u00e1sok. A hitelmin\u0151s\u00edt\u0151 2014-re m\u00e1r csak m\u00e9rs\u00e9kelt, 0,5 sz\u00e1zal\u00e9kos GDP-visszaes\u00e9st v\u00e1r a g\u00f6r\u00f6g gazdas\u00e1gban, 2015-ben pedig 1 sz\u00e1zal\u00e9kos n\u00f6veked\u00e9sre sz\u00e1m\u00edt.<br \/>\nA Moody&#8217;s szerint ugyanakkor \u00f3vatoss\u00e1gra int\u0151 t\u00e9nyez\u0151, hogy a g\u00f6r\u00f6g ad\u00f3ss\u00e1gt\u00f6meg m\u00e9g mindig el\u00e9ri a GDP-\u00e9rt\u00e9k 175 sz\u00e1zal\u00e9k\u00e1t, ami nyom\u00e1st gyakorol a fizet\u0151k\u00e9pess\u00e9gre. J\u00f3llehet a hitelmin\u0151s\u00edt\u0151 v\u00e1rakoz\u00e1sa szerint az ad\u00f3ss\u00e1gr\u00e1ta j\u00f6v\u0151re tet\u0151zik, \u00e9s 2015-t\u0151l cs\u00f6kken\u00e9snek indul, e cs\u00f6kken\u00e9s azonban fokozatos lesz, tov\u00e1bbra is el\u0151fordulhatnak nomin\u00e1lis ad\u00f3ss\u00e1gn\u00f6veked\u00e9si sokkok, emellett a gazdas\u00e1gpolitik\u00e1t is v\u00e9grehajt\u00e1si kock\u00e1zatok terhelik.<br \/>\nA Moody&#8217;s szerint mindent egybevetve m\u00e9gis cs\u00f6kkent valamelyest annak a kock\u00e1zata, hogy G\u00f6r\u00f6gorsz\u00e1g elhagyja az eur\u00f3\u00f6vezetet \u00e9s eur\u00f3ad\u00f3ss\u00e1g\u00e1t \u00faj valut\u00e1ra denomin\u00e1lja \u00e1t.<br \/>\nA hitelmin\u0151s\u00edt\u0151 minap Londonban ismertetett \u00faj glob\u00e1lis el\u0151rejelz\u00e9s\u00e9ben az eur\u00f3\u00f6vezet eg\u00e9sz\u00e9nek kil\u00e1t\u00e1sair\u00f3l mindazon\u00e1ltal azt \u00e1llap\u00edtotta meg, hogy tov\u00e1bbra is \u00e9rdemi kock\u00e1zat egyes eur\u00f3gazdas\u00e1gokban olyan p\u00e1rtok korm\u00e1nyra ker\u00fcl\u00e9se, amelyek ellenzik a tov\u00e1bbi kiigaz\u00edt\u00e1si l\u00e9p\u00e9seket, s\u0151t esetleg az eur\u00f3\u00f6vezet elhagy\u00e1s\u00e1t t\u0171zik programjukra.<br \/>\nA Moody&#8217;s meg\u00edt\u00e9l\u00e9se szerint m\u00e9g mindig hozz\u00e1vet\u0151leg egy a h\u00e1romhoz a k\u00f6z\u00e9pt\u00e1v\u00fa kock\u00e1zata annak, hogy valamelyik tagorsz\u00e1g t\u00e1vozni k\u00e9nyszer\u00fcl az eur\u00f3\u00f6vezetb\u0151l.<br \/>\nMindezek alapj\u00e1n jelent\u0151s az es\u00e9lye az eur\u00f3\u00f6vezeti szuver\u00e9n ad\u00f3ss\u00e1gv\u00e1ls\u00e1g \u00fajb\u00f3li eszkal\u00e1ci\u00f3j\u00e1nak, \u00e9s v\u00e1ltozatlanul ez a vil\u00e1ggazdas\u00e1got fenyeget\u0151 egyik legnagyobb kock\u00e1zat &#8211; \u00e1llt a hitelmin\u0151s\u00edt\u0151 minapi londoni elemz\u00e9s\u00e9ben.<br \/>\nA City egyik legnagyobb p\u00e9nz\u00fcgyi-gazdas\u00e1gi elemz\u0151h\u00e1za, a Capital Economics azt a v\u00e9lem\u00e9ny\u00e9t emelte ki az eur\u00f3\u00f6vezetr\u0151l \u00f6ssze\u00e1ll\u00edtott \u00faj helyzet\u00e9rt\u00e9kel\u00e9s\u00e9ben, hogy j\u00f3llehet cs\u00f6kkennek a valutauni\u00f3 k\u00f6zponti \u00e9s periferi\u00e1lis gazdas\u00e1gai k\u00f6z\u00f6tti egyens\u00falytalans\u00e1gok, e konvergencia azonban nem ad okot nagy megk\u00f6nnyebb\u00fcl\u00e9sre, mivel ink\u00e1bb a k\u00f6zponti eur\u00f3gazdas\u00e1gok kil\u00e1t\u00e1sainak gyeng\u00fcl\u00e9s\u00e9t, semmint a perif\u00e9ria l\u00e1tv\u00e1nyos fellend\u00fcl\u00e9s\u00e9t t\u00fckr\u00f6zi.<br \/>\nEnnek illusztr\u00e1l\u00e1s\u00e1ra a Capital Economics londoni elemz\u0151i kimutatt\u00e1k, hogy az eur\u00f3\u00f6vezeti k\u00f6zpont gazdas\u00e1gainak egy\u00fcttes teljes\u00edtm\u00e9nye ma m\u00e1r meghaladja a glob\u00e1lis p\u00e9nz\u00fcgyi v\u00e1ls\u00e1g el\u0151tti kibocs\u00e1t\u00e1si szinteket, az eur\u00f3perif\u00e9ria GDP-\u00e9rt\u00e9ke azonban m\u00e9g mindig csaknem 10 sz\u00e1zal\u00e9kkal elmarad a 2008-ban m\u00e9rt szintt\u0151l.(MTI)<\/p>\n","protected":false},"excerpt":{"rendered":"<p>Felmin\u0151s\u00edtette G\u00f6r\u00f6gorsz\u00e1got a Moody&#8217;s Investors Service, els\u0151sorban a k\u00f6lts\u00e9gvet\u00e9s kiegyens\u00falyoz\u00e1s\u00e1ban el\u00e9rt eredm\u00e9nyekkel indokolva a l\u00e9p\u00e9st.<\/p>\n","protected":false},"author":1,"featured_media":1367,"comment_status":"open","ping_status":"closed","sticky":false,"template":"","format":"standard","meta":[],"categories":[12],"tags":[],"_links":{"self":[{"href":"https:\/\/gazdasagportal.hu\/index.php\/wp-json\/wp\/v2\/posts\/22406"}],"collection":[{"href":"https:\/\/gazdasagportal.hu\/index.php\/wp-json\/wp\/v2\/posts"}],"about":[{"href":"https:\/\/gazdasagportal.hu\/index.php\/wp-json\/wp\/v2\/types\/post"}],"author":[{"embeddable":true,"href":"https:\/\/gazdasagportal.hu\/index.php\/wp-json\/wp\/v2\/users\/1"}],"replies":[{"embeddable":true,"href":"https:\/\/gazdasagportal.hu\/index.php\/wp-json\/wp\/v2\/comments?post=22406"}],"version-history":[{"count":1,"href":"https:\/\/gazdasagportal.hu\/index.php\/wp-json\/wp\/v2\/posts\/22406\/revisions"}],"predecessor-version":[{"id":22407,"href":"https:\/\/gazdasagportal.hu\/index.php\/wp-json\/wp\/v2\/posts\/22406\/revisions\/22407"}],"wp:featuredmedia":[{"embeddable":true,"href":"https:\/\/gazdasagportal.hu\/index.php\/wp-json\/wp\/v2\/media\/1367"}],"wp:attachment":[{"href":"https:\/\/gazdasagportal.hu\/index.php\/wp-json\/wp\/v2\/media?parent=22406"}],"wp:term":[{"taxonomy":"category","embeddable":true,"href":"https:\/\/gazdasagportal.hu\/index.php\/wp-json\/wp\/v2\/categories?post=22406"},{"taxonomy":"post_tag","embeddable":true,"href":"https:\/\/gazdasagportal.hu\/index.php\/wp-json\/wp\/v2\/tags?post=22406"}],"curies":[{"name":"wp","href":"https:\/\/api.w.org\/{rel}","templated":true}]}}