{"id":22365,"date":"2013-11-29T15:14:07","date_gmt":"2013-11-29T14:14:07","guid":{"rendered":"http:\/\/stockportal.hu\/?p=22365"},"modified":"2013-11-29T14:54:52","modified_gmt":"2013-11-29T13:54:52","slug":"vasarnapi-potlek-torvenymodositast-kezdemenyeznek-erdekvedok","status":"publish","type":"post","link":"https:\/\/gazdasagportal.hu\/index.php\/vasarnapi-potlek-torvenymodositast-kezdemenyeznek-erdekvedok\/","title":{"rendered":"Vas\u00e1rnapi p\u00f3tl\u00e9k &#8211; T\u00f6rv\u00e9nym\u00f3dos\u00edt\u00e1st kezdem\u00e9nyeznek \u00e9rdekv\u00e9d\u0151k"},"content":{"rendered":"<p><strong>A munka t\u00f6rv\u00e9nyk\u00f6nyve m\u00f3dos\u00edt\u00e1s\u00e1t kezdem\u00e9nyezik munkav\u00e1llal\u00f3i \u00e9rdekv\u00e9delmi szervezetek a vas\u00e1rnapi b\u00e9rp\u00f3tl\u00e9kra jogosult munkav\u00e1llal\u00f3k k\u00f6r\u00e9nek egy\u00e9rtelm\u0171s\u00edt\u00e9se \u00e9rdek\u00e9ben &#8211; jelentette be h\u00e1rom szervezet k\u00f6z\u00f6s sajt\u00f3t\u00e1j\u00e9koztat\u00f3n p\u00e9nteken Budapesten.<!--more--><\/strong><\/p>\n<p>Palkovics Imre, a Munk\u00e1stan\u00e1csok Orsz\u00e1gos Sz\u00f6vets\u00e9g\u00e9nek eln\u00f6ke kijelentette: az ut\u00f3bbi napokban napvil\u00e1got l\u00e1tott \u00e9rtes\u00fcl\u00e9sekkel szemben nem j\u00e1r mindenkinek a vas\u00e1rnapi b\u00e9rp\u00f3tl\u00e9k. A K\u00faria legut\u00f3bbi jogszab\u00e1ly-\u00e9rtelmez\u00e9se kapcs\u00e1n a szakszervezetek k\u00f6z\u00f6tt is vita alakult ki. A Munk\u00e1stan\u00e1csok \u00e1ll\u00e1spontja szerint az id\u00e9n augusztus elsej\u00e9t\u0151l megv\u00e1ltozott szab\u00e1lyoz\u00e1s \u00e9s az elh\u00edres\u00fclt K\u00faria-jog\u00e9rtelmez\u00e9s &#8211; miszerint nem felt\u00e9tlen\u00fcl j\u00e1r az 50 sz\u00e1zal\u00e9kos vas\u00e1rnapi p\u00f3tl\u00e9k a h\u00e9tv\u00e9g\u00e9n is \u00fczemel\u0151 bev\u00e1s\u00e1rl\u00f3k\u00f6zpontok keresked\u0151inek &#8211; egy\u00fcttes hat\u00e1sak\u00e9nt sz\u00e1zezrek eshetnek el a vas\u00e1rnapi munkav\u00e9gz\u00e9s ut\u00e1n j\u00e1r\u00f3 pluszp\u00e9nzt\u0151l.<br \/>\nA jelenlegi jogi k\u00f6rnyezetet egy\u00e9rtelm\u0171v\u00e9 kell tenni, ennek \u00e9rdek\u00e9ben a Kereskedelmi Dolgoz\u00f3k F\u00fcggetlen Szakszervezet\u00e9vel (KDFSZ) \u00e9s a Szabads\u00e1gv\u00e9d\u0151 Alap\u00edtv\u00e1nnyal k\u00f6z\u00f6sen t\u00f6rv\u00e9nym\u00f3dos\u00edt\u00f3 javaslatot k\u00e9sz\u00edtettek, amelyet eljuttattak a KDNP-hez &#8211; hangs\u00falyozta.<br \/>\nAggodalommal fogadt\u00e1k a K\u00faria d\u00f6nt\u00e9s\u00e9t, amely a r\u00e9gi \u00e9s az \u00faj t\u00f6rv\u00e9ny \u00f6nk\u00e9nyes egy\u00fcttes alkalmaz\u00e1s\u00e1n alapul &#8211; mondta Peth\u0151 Annam\u00e1ria, a Szabads\u00e1gv\u00e9d\u0151 Alap\u00edtv\u00e1ny (SZAVA) eln\u00f6ke. Hozz\u00e1tette: a vitathat\u00f3 jog\u00e9rtelmez\u00e9s joggyakorlatt\u00e1 szil\u00e1rdul\u00e1sa s\u00e9rten\u00e9 a kereskedelemben dolgoz\u00f3k jogait, \u00e9s h\u00e1tr\u00e1nyos megk\u00fcl\u00f6nb\u00f6ztet\u00e9st val\u00f3s\u00edtana meg a pl\u00e1z\u00e1kon k\u00edv\u00fcl m\u0171k\u00f6d\u0151 kisebb kereskedelmi egys\u00e9gek jav\u00e1ra. Arra k\u00e9rik az Orsz\u00e1ggy\u0171l\u00e9st, hogy egy\u00e9rtelm\u0171s\u00edtse a vonatkoz\u00f3 t\u00f6rv\u00e9nyek szab\u00e1lyait. Ismertet\u00e9se szerint sz\u00fcks\u00e9ges lenne egy \u00e1tmeneti rendelkez\u00e9s beiktat\u00e1sa, amely a r\u00e9gi t\u00f6rv\u00e9ny alapj\u00e1n elb\u00edr\u00e1land\u00f3 \u00fcgyekben kiz\u00e1rja a mostani eseti d\u00f6nt\u00e9s vitathat\u00f3 jog\u00e9rtelmez\u00e9s\u00e9nek megism\u00e9tl\u0151d\u00e9s\u00e9t. M\u00e1sr\u00e9szt az \u00faj t\u00f6rv\u00e9nyben pontos\u00edtani kell, hogy a kereskedelmi tev\u00e9kenys\u00e9get folytat\u00f3 munk\u00e1ltat\u00f3n\u00e1l v\u00e9gzett vas\u00e1rnapi munka ut\u00e1n minden esetben j\u00e1r a b\u00e9rp\u00f3tl\u00e9k.<br \/>\nNyitrai K\u00e1roly, a Munk\u00e1stan\u00e1csok \u00e9s a KDFSZ jogi szak\u00e9rt\u0151je szerint t\u00f6bb sz\u00e1zezer dolgoz\u00f3 vas\u00e1rnapi b\u00e9rp\u00f3tl\u00e9ka ker\u00fclhet vesz\u00e9lybe az\u00e9rt, mert a K\u00faria a felsorolt csoportok egyik\u00e9t &#8211; a rendeltet\u00e9s\u00e9n\u00e9l fogva vas\u00e1rnap is m\u0171k\u00f6d\u0151 \u00fczlet fogalm\u00e1t &#8211; \u00fajra\u00e9rtelmezte a bev\u00e1s\u00e1rl\u00f3k\u00f6zpontok tekintet\u00e9ben. Ez az \u00e9rtelmez\u00e9s k\u00e9s\u0151bb kiterjeszthet\u0151 lehet nagy multinacion\u00e1lis v\u00e1llalatok kereskedelmi egys\u00e9geire is. A megold\u00e1s az \u00fcgyv\u00e9d szerint az lenne, ha a vas\u00e1rnapi b\u00e9rp\u00f3tl\u00e9k szem\u00e9lyi hat\u00e1ly\u00e1t kiterjeszten\u00e9k, vagy a rendeltet\u00e9s szerint vas\u00e1rnap is m\u0171k\u00f6d\u0151 munk\u00e1ltat\u00f3k k\u00f6r\u00e9b\u0151l egy\u00e9rtelm\u0171en kiz\u00e1rn\u00e1k a kereskedelmi \u00e1gazatban dolgoz\u00f3kat.<br \/>\nBubenk\u00f3 Csaba, a KDFSZ eln\u00f6ke szerint a t\u00f6rv\u00e9ny augusztusi m\u00f3dos\u00edt\u00e1sa, \u00e9s a K\u00faria d\u00f6nt\u00e9se azt t\u00e1masztotta al\u00e1, hogy a helyzet nem egy\u00e9rtelm\u0171. Hangs\u00falyozta: a t\u00f6rv\u00e9nym\u00f3dos\u00edt\u00e1ssal szeretn\u00e9k el\u00e9rni, hogy f\u00e9lre\u00e9rtelmezhetetlen legyen az, hogy az 50 sz\u00e1zal\u00e9kos vas\u00e1rnapi m\u0171szakp\u00f3tl\u00e9k minden munkav\u00e1llal\u00f3nak j\u00e1r.(MTI)<\/p>\n","protected":false},"excerpt":{"rendered":"<p>A munka t\u00f6rv\u00e9nyk\u00f6nyve m\u00f3dos\u00edt\u00e1s\u00e1t kezdem\u00e9nyezik munkav\u00e1llal\u00f3i \u00e9rdekv\u00e9delmi szervezetek a vas\u00e1rnapi b\u00e9rp\u00f3tl\u00e9kra jogosult munkav\u00e1llal\u00f3k k\u00f6r\u00e9nek egy\u00e9rtelm\u0171s\u00edt\u00e9se \u00e9rdek\u00e9ben &#8211; jelentette be h\u00e1rom szervezet k\u00f6z\u00f6s sajt\u00f3t\u00e1j\u00e9koztat\u00f3n p\u00e9nteken Budapesten.<\/p>\n","protected":false},"author":1,"featured_media":0,"comment_status":"open","ping_status":"closed","sticky":false,"template":"","format":"standard","meta":[],"categories":[19],"tags":[],"_links":{"self":[{"href":"https:\/\/gazdasagportal.hu\/index.php\/wp-json\/wp\/v2\/posts\/22365"}],"collection":[{"href":"https:\/\/gazdasagportal.hu\/index.php\/wp-json\/wp\/v2\/posts"}],"about":[{"href":"https:\/\/gazdasagportal.hu\/index.php\/wp-json\/wp\/v2\/types\/post"}],"author":[{"embeddable":true,"href":"https:\/\/gazdasagportal.hu\/index.php\/wp-json\/wp\/v2\/users\/1"}],"replies":[{"embeddable":true,"href":"https:\/\/gazdasagportal.hu\/index.php\/wp-json\/wp\/v2\/comments?post=22365"}],"version-history":[{"count":1,"href":"https:\/\/gazdasagportal.hu\/index.php\/wp-json\/wp\/v2\/posts\/22365\/revisions"}],"predecessor-version":[{"id":22366,"href":"https:\/\/gazdasagportal.hu\/index.php\/wp-json\/wp\/v2\/posts\/22365\/revisions\/22366"}],"wp:attachment":[{"href":"https:\/\/gazdasagportal.hu\/index.php\/wp-json\/wp\/v2\/media?parent=22365"}],"wp:term":[{"taxonomy":"category","embeddable":true,"href":"https:\/\/gazdasagportal.hu\/index.php\/wp-json\/wp\/v2\/categories?post=22365"},{"taxonomy":"post_tag","embeddable":true,"href":"https:\/\/gazdasagportal.hu\/index.php\/wp-json\/wp\/v2\/tags?post=22365"}],"curies":[{"name":"wp","href":"https:\/\/api.w.org\/{rel}","templated":true}]}}