{"id":22363,"date":"2013-11-29T14:53:45","date_gmt":"2013-11-29T13:53:45","guid":{"rendered":"http:\/\/stockportal.hu\/?p=22363"},"modified":"2013-11-29T14:53:45","modified_gmt":"2013-11-29T13:53:45","slug":"beleptetorendszert-epitenek-ki-a-vatikanban","status":"publish","type":"post","link":"https:\/\/gazdasagportal.hu\/index.php\/beleptetorendszert-epitenek-ki-a-vatikanban\/","title":{"rendered":"Bel\u00e9ptet\u0151rendszert \u00e9p\u00edtenek ki a Vatik\u00e1nban"},"content":{"rendered":"<p><strong>A Vatik\u00e1n bel\u00e9ptet\u0151rendszert vezet be a munkahelyi &#8222;l\u00f3g\u00e1s&#8221; ellen. Csak a b\u00edborosok \u00e9s \u00e9rsekek k\u00e9peznek kiv\u00e9telt az \u00faj int\u00e9zked\u00e9s al\u00f3l &#8211; jelentette az Panorama olasz h\u00edrmagazin p\u00e9nteken.<!--more--><\/strong><\/p>\n<p>A lap szerint az a c\u00e9l, hogy jav\u00edts\u00e1k a k\u00faria munkaer\u0151-ell\u00e1t\u00e1s\u00e1t, \u00e9s t\u00f6bb pap szabaduljon fel a lelkip\u00e1sztori munk\u00e1kra. A Vatik\u00e1n \u00e9vekig pr\u00f3b\u00e1lta bevezetni az elektronikus nyilv\u00e1ntart\u00e1st a munkat\u00e1rsak jelenl\u00e9t\u00e9r\u0151l, de az \u00e9rdekelt felek mindig ellenezt\u00e9k ezt, \u00edgy eddig az ott dolgoz\u00f3knak nem kellett a munka kezdet\u00e9n \u00e9s v\u00e9g\u00e9n be- \u00e9s kijelentkezni\u00fck &#8211; \u00edrta a magazin.<br \/>\nEz\u00fattal a p\u00e1pa d\u00f6nt\u00e9s\u00e9t t\u00e1mogatta az Apostoli Sz\u00e9k Vagyonkezel\u0151s\u00e9ge (Apsa), az a test\u00fclet, amely a vatik\u00e1ni alkalmazottak b\u00e9r\u00e9t fizeti. A szem\u00e9lyzet janu\u00e1rt\u00f3l m\u00e1gnesk\u00e1rty\u00e1t fog haszn\u00e1lni a vatik\u00e1ni be- \u00e9s kil\u00e9p\u00e9sn\u00e9l, amellyel nyomon k\u00f6vethet\u0151 lesz a munk\u00e1ba \u00e9rkez\u00e9s \u00e9s a t\u00e1voz\u00e1s ideje is.<br \/>\nA rendszert janu\u00e1r elsej\u00e9t\u0151l vezetik be, ett\u0151l kezdve az \u00f6sszes vatik\u00e1ni dolgoz\u00f3nak be kell jelentkeznie munk\u00e1ba \u00e9rkez\u00e9skor, kiv\u00e9ve a b\u00edborosokat \u00e9s \u00e9rsekeket &#8211; der\u00fclt ki a Panorama c\u00edm\u0171 olasz h\u00edrmagazin jelent\u00e9s\u00e9b\u0151l.(MTI)<\/p>\n","protected":false},"excerpt":{"rendered":"<p>A Vatik\u00e1n bel\u00e9ptet\u0151rendszert vezet be a munkahelyi &#8222;l\u00f3g\u00e1s&#8221; ellen. Csak a b\u00edborosok \u00e9s \u00e9rsekek k\u00e9peznek kiv\u00e9telt az \u00faj int\u00e9zked\u00e9s al\u00f3l &#8211; jelentette az Panorama olasz h\u00edrmagazin p\u00e9nteken.<\/p>\n","protected":false},"author":1,"featured_media":0,"comment_status":"open","ping_status":"closed","sticky":false,"template":"","format":"standard","meta":[],"categories":[12],"tags":[],"_links":{"self":[{"href":"https:\/\/gazdasagportal.hu\/index.php\/wp-json\/wp\/v2\/posts\/22363"}],"collection":[{"href":"https:\/\/gazdasagportal.hu\/index.php\/wp-json\/wp\/v2\/posts"}],"about":[{"href":"https:\/\/gazdasagportal.hu\/index.php\/wp-json\/wp\/v2\/types\/post"}],"author":[{"embeddable":true,"href":"https:\/\/gazdasagportal.hu\/index.php\/wp-json\/wp\/v2\/users\/1"}],"replies":[{"embeddable":true,"href":"https:\/\/gazdasagportal.hu\/index.php\/wp-json\/wp\/v2\/comments?post=22363"}],"version-history":[{"count":1,"href":"https:\/\/gazdasagportal.hu\/index.php\/wp-json\/wp\/v2\/posts\/22363\/revisions"}],"predecessor-version":[{"id":22364,"href":"https:\/\/gazdasagportal.hu\/index.php\/wp-json\/wp\/v2\/posts\/22363\/revisions\/22364"}],"wp:attachment":[{"href":"https:\/\/gazdasagportal.hu\/index.php\/wp-json\/wp\/v2\/media?parent=22363"}],"wp:term":[{"taxonomy":"category","embeddable":true,"href":"https:\/\/gazdasagportal.hu\/index.php\/wp-json\/wp\/v2\/categories?post=22363"},{"taxonomy":"post_tag","embeddable":true,"href":"https:\/\/gazdasagportal.hu\/index.php\/wp-json\/wp\/v2\/tags?post=22363"}],"curies":[{"name":"wp","href":"https:\/\/api.w.org\/{rel}","templated":true}]}}