{"id":22351,"date":"2013-11-29T13:51:13","date_gmt":"2013-11-29T12:51:13","guid":{"rendered":"http:\/\/stockportal.hu\/?p=22351"},"modified":"2013-11-29T13:51:13","modified_gmt":"2013-11-29T12:51:13","slug":"orban-bovites-nelkul-az-europai-gazdasag-nem-lesz-versenykepes","status":"publish","type":"post","link":"https:\/\/gazdasagportal.hu\/index.php\/orban-bovites-nelkul-az-europai-gazdasag-nem-lesz-versenykepes\/","title":{"rendered":"Orb\u00e1n: b\u0151v\u00edt\u00e9s n\u00e9lk\u00fcl az eur\u00f3pai gazdas\u00e1g nem lesz versenyk\u00e9pes"},"content":{"rendered":"<p><strong>Orb\u00e1n Viktor szerint az Eur\u00f3pai Uni\u00f3 b\u0151v\u00edt\u00e9se n\u00e9lk\u00fcl az eur\u00f3pai gazdas\u00e1g nem lesz versenyk\u00e9pes. A minisztereln\u00f6k ez\u00e9rt a tov\u00e1bbi integr\u00e1ci\u00f3 \u00e9s a szabadkereskedelmi meg\u00e1llapod\u00e1sok h\u00edve.<!--more--><\/strong><\/p>\n<p>Orb\u00e1n Viktor minderr\u0151l p\u00e9nteken nyilatkozott magyar \u00fajs\u00e1g\u00edr\u00f3knak, miut\u00e1n r\u00e9szt vett a vilniusi keleti partners\u00e9gi cs\u00facstal\u00e1lkoz\u00f3n, ahol az Eur\u00f3pai Uni\u00f3 paraf\u00e1lta a t\u00e1rsul\u00e1si \u00e9s szabadkereskedelmi meg\u00e1llapod\u00e1st Gr\u00fazi\u00e1val \u00e9s Moldov\u00e1val, egyben meg\u00e1llapod\u00e1st \u00edrt al\u00e1 Azerbajdzs\u00e1nnal a v\u00edzumk\u00f6telezetts\u00e9g enyh\u00edt\u00e9s\u00e9r\u0151l.<br \/>\nA magyar korm\u00e1nyf\u0151 szerint a vil\u00e1gban zajl\u00f3, az eur\u00f3pai gazdas\u00e1goknak kih\u00edv\u00e1st jelent\u0151 v\u00e1ltoz\u00e1sok miatt \u00faj egy\u00fcttm\u0171k\u00f6d\u00e9si form\u00e1kra \u00e9s keretekre van sz\u00fcks\u00e9g. Ez\u00e9rt &#8211; mint fogalmazott &#8211; a keleti partners\u00e9gi program, vagyis olyan orsz\u00e1gok bevon\u00e1sa az eur\u00f3pai uni\u00f3s egy\u00fcttm\u0171k\u00f6d\u00e9si rendszerbe, amelyek nem tagjai a k\u00f6z\u00f6ss\u00e9gnek, &#8222;nemcsak nekik \u00e9rdek\u00fck, hanem nek\u00fcnk, eur\u00f3paiaknak is&#8221;.<br \/>\n&#8222;Vil\u00e1gosan meg kell mondani a v\u00e1laszt\u00f3inknak, hogy Nyugat-Eur\u00f3p\u00e1ban ugyan sokan ellenzik a tov\u00e1bbi b\u0151v\u00edt\u00e9st, de b\u0151v\u00edt\u00e9s n\u00e9lk\u00fcl az eur\u00f3pai gazdas\u00e1g nem lesz versenyk\u00e9pes&#8221; &#8211; hangs\u00falyozta a minisztereln\u00f6k, aki ennek megfelel\u0151en ki\u00e1llt a szabadkereskedelmi meg\u00e1llapod\u00e1sok \u00e9s a tov\u00e1bbi integr\u00e1ci\u00f3 mellett.<br \/>\nHozz\u00e1tette, hogy ez\u00e9rt nem \u00e9rdemes \u00fagy felfogni a keleti partners\u00e9gi egy\u00fcttm\u0171k\u00f6d\u00e9st, &#8222;mintha mi sz\u00edvess\u00e9get tenn\u00e9nk&#8221; a ma m\u00e9g az EU-n k\u00edv\u00fcl l\u00e9v\u0151 \u00e1llamoknak.<br \/>\nMindennek alapj\u00e1n nagy dolognak, t\u00f6rt\u00e9nelmi esem\u00e9nynek nevezte, hogy Gr\u00fazia \u00e9s Moldova &#8222;a csatlakoz\u00e1s \u00f6sv\u00e9ny\u00e9re l\u00e9pett&#8221; a soros EU-eln\u00f6ki posztot bet\u00f6lt\u0151 Litv\u00e1nia f\u0151v\u00e1ros\u00e1ban.<br \/>\nAzzal kapcsolatban, hogy Vilniusban elmaradt a t\u00e1rsul\u00e1si meg\u00e1llapod\u00e1s al\u00e1\u00edr\u00e1sa az EU \u00e9s Ukrajna k\u00f6z\u00f6tt, a korm\u00e1nyf\u0151 azt mondta, tudom\u00e1sul kell venni, hogy Ukrajna egy k\u00fcl\u00f6nb\u00f6z\u0151 orsz\u00e1g: egy eur\u00f3pai orsz\u00e1g, de m\u00e1s a politikai kult\u00far\u00e1ja, \u00e9s m\u00e1sk\u00e9ppen van szervezve a t\u00e1rsadalma \u00e9s a gazdas\u00e1ga is. &#8222;Ez\u00e9rt ha egy\u00fctt akarunk vel\u00fck m\u0171k\u00f6dni &#8211; ami most nem siker\u00fclt -, ahhoz t\u00f6bb id\u0151re, t\u00fcrelemre \u00e9s k\u00f6lcs\u00f6n\u00f6s alkalmazkod\u00e1sra lesz sz\u00fcks\u00e9g\u00fcnk. Teh\u00e1t ez nem egy lez\u00e1rt t\u00f6rt\u00e9net, itt m\u00e9g dolgoznunk kell majd&#8221; &#8211; mondta.<br \/>\nA felvet\u00e9sre, hogy Ukrajna az\u00e9rt is k\u00fcl\u00f6n\u00f6sen jelent\u0151s Magyarorsz\u00e1g sz\u00e1m\u00e1ra, mert K\u00e1rp\u00e1talj\u00e1n nagy sz\u00e1m\u00fa magyar kisebbs\u00e9g \u00e9l, Orb\u00e1n Viktor \u00edgy v\u00e1laszolt: az Ukrajn\u00e1ban \u00e9l\u0151 magyar kisebbs\u00e9gnek az lett volna j\u00f3, ha Ukrajna \u00e9s az EU Vilniusban meg\u00e1llapodik. Az, hogy ez nem t\u00f6rt\u00e9nt meg, rossz h\u00edr a k\u00e1rp\u00e1taljai magyaroknak, de nem jelenti azt, hogy v\u00e9glegesen lez\u00e1rult az egy\u00fcttm\u0171k\u00f6d\u00e9s lehet\u0151s\u00e9ge az uni\u00f3 \u00e9s Kijev k\u00f6z\u00f6tt, &#8222;csak id\u0151ben h\u00e1tr\u00e9bb tol\u00f3dott&#8221; &#8211; mondta.<br \/>\nA lengyel-sv\u00e9d kezdem\u00e9nyez\u00e9s\u0171 keleti partners\u00e9gi program az uni\u00f3 28 tagj\u00e1ra \u00e9s hat szovjet ut\u00f3d\u00e1llamra, Ukrajn\u00e1ra, Feh\u00e9roroszorsz\u00e1gra, Moldov\u00e1ra, valamint a h\u00e1rom Kauk\u00e1zuson t\u00fali k\u00f6zt\u00e1rsas\u00e1gra, Gr\u00fazi\u00e1ra, Azerbajdzs\u00e1nra \u00e9s \u00d6rm\u00e9nyorsz\u00e1gra terjed ki. (MTI)<\/p>\n","protected":false},"excerpt":{"rendered":"<p>Orb\u00e1n Viktor szerint az Eur\u00f3pai Uni\u00f3 b\u0151v\u00edt\u00e9se n\u00e9lk\u00fcl az eur\u00f3pai gazdas\u00e1g nem lesz versenyk\u00e9pes. A minisztereln\u00f6k ez\u00e9rt a tov\u00e1bbi integr\u00e1ci\u00f3 \u00e9s a szabadkereskedelmi meg\u00e1llapod\u00e1sok h\u00edve.<\/p>\n","protected":false},"author":1,"featured_media":20373,"comment_status":"open","ping_status":"closed","sticky":false,"template":"","format":"standard","meta":[],"categories":[12],"tags":[],"_links":{"self":[{"href":"https:\/\/gazdasagportal.hu\/index.php\/wp-json\/wp\/v2\/posts\/22351"}],"collection":[{"href":"https:\/\/gazdasagportal.hu\/index.php\/wp-json\/wp\/v2\/posts"}],"about":[{"href":"https:\/\/gazdasagportal.hu\/index.php\/wp-json\/wp\/v2\/types\/post"}],"author":[{"embeddable":true,"href":"https:\/\/gazdasagportal.hu\/index.php\/wp-json\/wp\/v2\/users\/1"}],"replies":[{"embeddable":true,"href":"https:\/\/gazdasagportal.hu\/index.php\/wp-json\/wp\/v2\/comments?post=22351"}],"version-history":[{"count":1,"href":"https:\/\/gazdasagportal.hu\/index.php\/wp-json\/wp\/v2\/posts\/22351\/revisions"}],"predecessor-version":[{"id":22352,"href":"https:\/\/gazdasagportal.hu\/index.php\/wp-json\/wp\/v2\/posts\/22351\/revisions\/22352"}],"wp:featuredmedia":[{"embeddable":true,"href":"https:\/\/gazdasagportal.hu\/index.php\/wp-json\/wp\/v2\/media\/20373"}],"wp:attachment":[{"href":"https:\/\/gazdasagportal.hu\/index.php\/wp-json\/wp\/v2\/media?parent=22351"}],"wp:term":[{"taxonomy":"category","embeddable":true,"href":"https:\/\/gazdasagportal.hu\/index.php\/wp-json\/wp\/v2\/categories?post=22351"},{"taxonomy":"post_tag","embeddable":true,"href":"https:\/\/gazdasagportal.hu\/index.php\/wp-json\/wp\/v2\/tags?post=22351"}],"curies":[{"name":"wp","href":"https:\/\/api.w.org\/{rel}","templated":true}]}}