{"id":2235,"date":"2013-02-06T19:40:05","date_gmt":"2013-02-06T18:40:05","guid":{"rendered":"http:\/\/stockportal.hu\/?p=2235"},"modified":"2013-02-06T19:40:05","modified_gmt":"2013-02-06T18:40:05","slug":"perrel-fenyegeti-argentina-a-falkland-szigetek-kornyeken-tevekenykedo-olajcegeket","status":"publish","type":"post","link":"https:\/\/gazdasagportal.hu\/index.php\/perrel-fenyegeti-argentina-a-falkland-szigetek-kornyeken-tevekenykedo-olajcegeket\/","title":{"rendered":"Perrel fenyegeti Argent\u00edna a Falkland-szigetek k\u00f6rny\u00e9k\u00e9n tev\u00e9kenyked\u0151 olajc\u00e9geket"},"content":{"rendered":"<p><strong>Jogi elj\u00e1r\u00e1ssal fenyegette meg szerd\u00e1n Londonban az argentin k\u00fcl\u00fcgyminiszter azokat az olaj- \u00e9s f\u00f6ldg\u00e1zipari v\u00e1llalatokat, amelyek a brit fennhat\u00f3s\u00e1g\u00fa, \u00e1m Argent\u00edna \u00e1ltal mag\u00e1nak k\u00f6vetelt Falkland-szigetek t\u00e9rs\u00e9g\u00e9ben folytatnak felt\u00e1r\u00f3 tev\u00e9kenys\u00e9get.<!--more--><\/strong><\/p>\n<p>Hector Timerman &#8211; aki lemondta szerd\u00e1ra tervezett megbesz\u00e9l\u00e9s\u00e9t William Hague brit k\u00fcl\u00fcgyminiszterrel, mivel Hague ragaszkodott a szigetcsoporton lak\u00f3k k\u00e9pvisel\u0151inek jelenl\u00e9t\u00e9hez &#8211; Argent\u00edna londoni nagyk\u00f6vets\u00e9g\u00e9n tartott sajt\u00f3t\u00e1j\u00e9koztat\u00f3j\u00e1n kijelentette: a Falkland-szigetek t\u00e9rs\u00e9g\u00e9ben nyersolaj- \u00e9s f\u00f6ldg\u00e1zkitermel\u00e9sbe fog\u00f3 c\u00e9gek &#8222;az argentin n\u00e9pt\u0151l lopn\u00e1nak el term\u00e9szeti er\u0151forr\u00e1sokat&#8221;.<br \/>\nTimerman felsz\u00f3l\u00edtotta Nagy-Britanni\u00e1t, hogy az ENSZ bevon\u00e1s\u00e1val kezdjen t\u00e1rgyal\u00e1sokat Argent\u00edn\u00e1val a d\u00e9l-atlanti szigetcsoporttal kapcsolatos visz\u00e1ly rendez\u00e9s\u00e9r\u0151l.<br \/>\nA miniszter kijelentette: az\u00e9rt nem volt hajland\u00f3 tal\u00e1lkozni Hague-gel, mert a tal\u00e1lkoz\u00f3n jelen lettek volna a Falkland-szigetek lakoss\u00e1g\u00e1nak k\u00e9pvisel\u0151i is, m\u00e1rpedig a szigetcsoport lak\u00f3it az ENSZ sem ismeri el t\u00e1rgyal\u00f3partnerk\u00e9nt.<br \/>\nWilliam Hague mindazon\u00e1ltal az argentin k\u00fcl\u00fcgyminiszter t\u00e1voll\u00e9t\u00e9ben is fogadta londoni hivatal\u00e1ban a Falkland-szigetek lakoss\u00e1g\u00e1nak k\u00fcld\u00f6tts\u00e9g\u00e9t, \u00e9s a megbesz\u00e9l\u00e9s ut\u00e1n kijelentette: helyiek joga \u00e9s feladata d\u00f6nteni saj\u00e1t sorsukr\u00f3l, \u00e9s ezt a m\u00e1rciusban esed\u00e9kes n\u00e9pszavaz\u00e1son meg is fogj\u00e1k tenni.<br \/>\nTimerman brit \u00fajs\u00e1goknak adott, szerd\u00e1n megjelent nyilatkozat\u00e1ban ugyanakkor elvetette a referendumot, mondv\u00e1n: ennek k\u00f6r\u00fclbel\u00fcl annyi \u00e9rtelme lesz, mint ha &#8222;a Ciszjord\u00e1ni\u00e1ban \u00e9l\u0151 izraeli telepeseket arr\u00f3l k\u00e9rdezn\u00e9k, hogy izraeliek vagy palesztinok akarnak-e lenni&#8221;. Az argentin k\u00fcl\u00fcgyminiszter &#8222;furcs\u00e1nak&#8221; nevezte, hogy London egyr\u00e9szt panaszt emel Izraeln\u00e9l a telepek b\u0151v\u00edt\u00e9se miatt, viszont nem hajland\u00f3 t\u00e1rgyalni a szigetek sors\u00e1r\u00f3l.<br \/>\nTimerman a t\u00f6bb brit lapban is k\u00f6z\u00f6lt interj\u00faban kiz\u00e1rta ugyan a katonai akci\u00f3t haz\u00e1ja r\u00e9sz\u00e9r\u0151l, de annak a v\u00e9lem\u00e9ny\u00e9nek adott hangot, hogy a szigetcsoport h\u00fasz \u00e9ven bel\u00fcl mindenk\u00e9ppen Argent\u00edna fennhat\u00f3s\u00e1ga al\u00e1 ker\u00fcl.<br \/>\nArgent\u00edna els\u0151sorban azzal az \u00e9rvvel k\u00f6veteli mag\u00e1nak a szigeteket, hogy a t\u00e9rs\u00e9g feletti szuverenit\u00e1st automatikusan &#8222;\u00f6r\u00f6k\u00f6lte&#8221; a spanyol gyarmati id\u0151szak ut\u00e1n, London azonban ezt az ig\u00e9nyt soha nem ismerte el.<br \/>\nAz akkor 1800 &#8211; ma hozz\u00e1vet\u0151leg 2800 &#8211; lakos\u00fa szigeteket az argentin hadsereg 1982-ben rajta\u00fct\u00e9sszer\u0171en megsz\u00e1llta, a h\u00e1rom nappal k\u00e9s\u0151bb \u00fatnak ind\u00edtott brit exped\u00edci\u00f3s hader\u0151 azonban veres\u00e9get m\u00e9rt az argentin er\u0151kre. A 74 napos h\u00e1bor\u00faban 255 brit \u00e9s becsl\u00e9sek szerint 655 argentin katona esett el, emellett h\u00e1rom szigetlak\u00f3 is meghalt.<br \/>\nArgent\u00edna az\u00f3ta sem mondott le az olajban \u00e9s egy\u00e9b term\u00e9szeti kincsekben rendk\u00edv\u00fcl gazdag szigetekre t\u00e1masztott ter\u00fcleti ig\u00e9ny\u00e9r\u0151l. (MTI)<\/p>\n","protected":false},"excerpt":{"rendered":"<p>Jogi elj\u00e1r\u00e1ssal fenyegette meg szerd\u00e1n Londonban az argentin k\u00fcl\u00fcgyminiszter azokat az olaj- \u00e9s f\u00f6ldg\u00e1zipari v\u00e1llalatokat, amelyek a brit fennhat\u00f3s\u00e1g\u00fa, \u00e1m Argent\u00edna \u00e1ltal mag\u00e1nak k\u00f6vetelt Falkland-szigetek t\u00e9rs\u00e9g\u00e9ben folytatnak felt\u00e1r\u00f3 tev\u00e9kenys\u00e9get.<\/p>\n","protected":false},"author":1,"featured_media":0,"comment_status":"closed","ping_status":"closed","sticky":false,"template":"","format":"standard","meta":[],"categories":[13],"tags":[],"_links":{"self":[{"href":"https:\/\/gazdasagportal.hu\/index.php\/wp-json\/wp\/v2\/posts\/2235"}],"collection":[{"href":"https:\/\/gazdasagportal.hu\/index.php\/wp-json\/wp\/v2\/posts"}],"about":[{"href":"https:\/\/gazdasagportal.hu\/index.php\/wp-json\/wp\/v2\/types\/post"}],"author":[{"embeddable":true,"href":"https:\/\/gazdasagportal.hu\/index.php\/wp-json\/wp\/v2\/users\/1"}],"replies":[{"embeddable":true,"href":"https:\/\/gazdasagportal.hu\/index.php\/wp-json\/wp\/v2\/comments?post=2235"}],"version-history":[{"count":2,"href":"https:\/\/gazdasagportal.hu\/index.php\/wp-json\/wp\/v2\/posts\/2235\/revisions"}],"predecessor-version":[{"id":2237,"href":"https:\/\/gazdasagportal.hu\/index.php\/wp-json\/wp\/v2\/posts\/2235\/revisions\/2237"}],"wp:attachment":[{"href":"https:\/\/gazdasagportal.hu\/index.php\/wp-json\/wp\/v2\/media?parent=2235"}],"wp:term":[{"taxonomy":"category","embeddable":true,"href":"https:\/\/gazdasagportal.hu\/index.php\/wp-json\/wp\/v2\/categories?post=2235"},{"taxonomy":"post_tag","embeddable":true,"href":"https:\/\/gazdasagportal.hu\/index.php\/wp-json\/wp\/v2\/tags?post=2235"}],"curies":[{"name":"wp","href":"https:\/\/api.w.org\/{rel}","templated":true}]}}