{"id":2228,"date":"2013-02-06T17:18:45","date_gmt":"2013-02-06T16:18:45","guid":{"rendered":"http:\/\/stockportal.hu\/?p=2228"},"modified":"2013-02-06T17:18:45","modified_gmt":"2013-02-06T16:18:45","slug":"eu-budzse-az-europai-parlament-rugalmas-koltsegvetest-szorgalmaz","status":"publish","type":"post","link":"https:\/\/gazdasagportal.hu\/index.php\/eu-budzse-az-europai-parlament-rugalmas-koltsegvetest-szorgalmaz\/","title":{"rendered":"EU-b\u00fcdzs\u00e9 &#8211; Az Eur\u00f3pai Parlament rugalmas k\u00f6lts\u00e9gvet\u00e9st szorgalmaz"},"content":{"rendered":"<p><strong>A gazdas\u00e1gi v\u00e1ls\u00e1g nem ok arra, hogy a tag\u00e1llamok eg\u00e9szen 2020-ig megszor\u00edt\u00f3 k\u00f6lts\u00e9gvet\u00e9si keretbe k\u00e9nyszer\u00edts\u00e9k az Eur\u00f3pai Uni\u00f3t &#8211; fogalmaz az az \u00e1ll\u00e1sfoglal\u00e1s, amelyet az Eur\u00f3pai Parlament (EP) fogadott el a t\u00f6bb\u00e9ves k\u00f6lts\u00e9gvet\u00e9sr\u0151l d\u00f6nteni hivatott uni\u00f3s cs\u00facsot megel\u0151z\u0151 vit\u00e1t k\u00f6vet\u0151en szerd\u00e1n.<!--more--><\/strong><\/p>\n<p>A k\u00e9pvisel\u0151k arra sz\u00f3l\u00edtott\u00e1k fel az EU \u00e1llam- \u00e9s korm\u00e1nyf\u0151it, hogy olyan t\u00f6bb\u00e9ves p\u00e9nz\u00fcgyi keretr\u0151l (multiannual financial framework, MFF) \u00e1llapodjanak meg a 2014 \u00e9s 2020 k\u00f6z\u00f6tti id\u0151szakra, amely a meg\u00edg\u00e9rt programok megval\u00f3s\u00edt\u00e1s\u00e1hoz elegend\u0151 p\u00e9nzt, a v\u00e1ratlan helyzetek kezel\u00e9s\u00e9hez pedig rugalmas szerkezetet biztos\u00edt. Az \u00e1llam- \u00e9s korm\u00e1nyf\u0151k \u00e1ltal kialkudott MFF-hez az EP-nek is hozz\u00e1 kell j\u00e1rulnia. Az EP k\u00e9pvisel\u0151i a vit\u00e1ban az\u00e9rt b\u00edr\u00e1lt\u00e1k a tag\u00e1llamokat, mert szerint\u00fck a k\u00f6vetkezm\u00e9nyek figyelembe v\u00e9tele n\u00e9lk\u00fcl v\u00e1gt\u00e1k meg az Eur\u00f3pai Bizotts\u00e1g eredeti javaslat\u00e1ban szerepl\u0151 \u00f6sszegeket.<br \/>\nAz EP-k\u00e9pvisel\u0151k szerint nem kellene megszor\u00edt\u00f3 keretet elfogadni arra az id\u0151szakra is, amikor m\u00e1r t\u00fal lesz\u00fcnk a v\u00e1ls\u00e1gon.<br \/>\n&#8222;Nem fogadunk el h\u00e9t\u00e9ves megszor\u00edt\u00f3 k\u00f6lts\u00e9gvet\u00e9st, mert akkor azt is al\u00e1\u00edrn\u00e1nk, hogy a v\u00e1ls\u00e1gnak sose lesz v\u00e9ge. Ennyire az\u00e9rt nem vagyunk bor\u00fal\u00e1t\u00f3k&#8221; &#8211; v\u00e9lekedett az Eur\u00f3pai N\u00e9pp\u00e1rt frakci\u00f3j\u00e1nak vezet\u0151je, Joseph Daul.<br \/>\nT\u00f6bb EP-k\u00e9pvisel\u0151 arra az \u00e1ll\u00e1spontra helyezkedett, hogy sz\u00fcks\u00e9ge lenne bizonyos \u00f6sszegek fejezetek \u00e9s \u00e9vek k\u00f6z\u00f6tti \u00e1tcsoportos\u00edt\u00e1s\u00e1nak lehet\u0151s\u00e9g\u00e9re, valamint arra is, a h\u00e9t\u00e9ves peri\u00f3dus k\u00f6zepe t\u00e1j\u00e1n fel\u00fclvizsg\u00e1lhat\u00f3 legyen az MFF.<br \/>\n&#8222;Vezess\u00fck be a f\u00e9lid\u0151s fel\u00fclvizsg\u00e1latot, amelynek sor\u00e1n a peri\u00f3dus derek\u00e1n ism\u00e9t j\u00f3v\u00e1 kellene hagynunk, hogy tov\u00e1bbi n\u00e9gy \u00e9vig az adott k\u00f6lts\u00e9gvet\u00e9si keretben m\u0171k\u00f6dj\u00f6n az uni\u00f3&#8221; &#8211; fogalmazott t\u00f6bbek k\u00f6z\u00f6tt Guy Verhofstadt liber\u00e1lis frakci\u00f3vezet\u0151.<br \/>\nT\u00f6bb k\u00e9pvisel\u0151 aggaszt\u00f3nak tal\u00e1lta, hogy jelent\u0151s szakad\u00e9k t\u00e1tong az EU p\u00e9nz\u00fcgyi \u00edg\u00e9retei \u00e9s a sz\u00e1mla kiegyenl\u00edt\u00e9s\u00e9re biztos\u00edtott \u00f6sszegek k\u00f6z\u00f6tt.<br \/>\n&#8222;Nem \u00edrok al\u00e1 ilyen d\u00f6nt\u00e9st, mert szembemegy a jogszab\u00e1lyokkal, amelyek a k\u00f6lts\u00e9gvet\u00e9s egyens\u00faly\u00e1t \u00edrj\u00e1k el\u0151&#8221; &#8211; hangoztatta Martin Schulz, az EP n\u00e9met, szoci\u00e1ldemokrata eln\u00f6ke.<br \/>\nA k\u00e9pvisel\u0151k abb\u00e9li v\u00e9lem\u00e9ny\u00fcket is kinyilv\u00e1n\u00edtott\u00e1k, hogy szerint\u00fck a tag\u00e1llamoknak be kellene fejezni\u00fck &#8222;a versenyfut\u00e1st a k\u00fcl\u00f6nb\u00f6z\u0151 visszat\u00e9r\u00edt\u00e9sek\u00e9rt&#8221;. Az EP ehelyett azt szeretn\u00e9, hogy a nemzeti k\u00f6lts\u00e9gvet\u00e9sre nehezed\u0151 tehernek tekintett tag\u00e1llami hozz\u00e1j\u00e1rul\u00e1sok helyett az EU saj\u00e1t bev\u00e9teli forr\u00e1sokra t\u00e1maszkodjon.<br \/>\n&#8222;Saj\u00e1t bev\u00e9teli forr\u00e1sok kellenek, mert ideje v\u00e9get vetni az egyik orsz\u00e1got a m\u00e1sik orsz\u00e1ggal, egyik visszat\u00e9r\u00edt\u00e9st a m\u00e1sik visszat\u00e9r\u00edt\u00e9ssel versenyeztet\u0151, gy\u00e1szos gyakorlatnak&#8221; &#8211; hangs\u00falyozta Hannes Swoboda, a szocialista frakci\u00f3 osztr\u00e1k eln\u00f6ke.<br \/>\nAz Eur\u00f3pai Uni\u00f3 tan\u00e1cs\u00e1nak soros eln\u00f6ks\u00e9g\u00e9nek k\u00e9pviselet\u00e9ben Lucinda Creighton \u00edr Eur\u00f3pa-\u00fcgyi miniszter r\u00e1mutatott: az \u00e1llam- \u00e9s korm\u00e1nyf\u0151k meg\u00e1llapod\u00e1s\u00e1val az MFF \u00fcgye m\u00e9g nem z\u00e1rul le, ezt k\u00f6vet\u0151en kezd\u0151dik ugyanis az egyeztet\u00e9s az EP-vel, \u00e9s kifejezte, hogy meggy\u0151z\u0151d\u00e9se, hogy az EP k\u00f6vetel\u00e9seit az uni\u00f3s cs\u00facs figyelembe veszi majd. (MTI)<\/p>\n","protected":false},"excerpt":{"rendered":"<p>A gazdas\u00e1gi v\u00e1ls\u00e1g nem ok arra, hogy a tag\u00e1llamok eg\u00e9szen 2020-ig megszor\u00edt\u00f3 k\u00f6lts\u00e9gvet\u00e9si keretbe k\u00e9nyszer\u00edts\u00e9k az Eur\u00f3pai Uni\u00f3t &#8211; fogalmaz az az \u00e1ll\u00e1sfoglal\u00e1s, amelyet az Eur\u00f3pai Parlament (EP) fogadott el a t\u00f6bb\u00e9ves k\u00f6lts\u00e9gvet\u00e9sr\u0151l d\u00f6nteni hivatott uni\u00f3s cs\u00facsot megel\u0151z\u0151 vit\u00e1t k\u00f6vet\u0151en szerd\u00e1n.<\/p>\n","protected":false},"author":1,"featured_media":0,"comment_status":"closed","ping_status":"closed","sticky":false,"template":"","format":"standard","meta":[],"categories":[12],"tags":[],"_links":{"self":[{"href":"https:\/\/gazdasagportal.hu\/index.php\/wp-json\/wp\/v2\/posts\/2228"}],"collection":[{"href":"https:\/\/gazdasagportal.hu\/index.php\/wp-json\/wp\/v2\/posts"}],"about":[{"href":"https:\/\/gazdasagportal.hu\/index.php\/wp-json\/wp\/v2\/types\/post"}],"author":[{"embeddable":true,"href":"https:\/\/gazdasagportal.hu\/index.php\/wp-json\/wp\/v2\/users\/1"}],"replies":[{"embeddable":true,"href":"https:\/\/gazdasagportal.hu\/index.php\/wp-json\/wp\/v2\/comments?post=2228"}],"version-history":[{"count":2,"href":"https:\/\/gazdasagportal.hu\/index.php\/wp-json\/wp\/v2\/posts\/2228\/revisions"}],"predecessor-version":[{"id":2230,"href":"https:\/\/gazdasagportal.hu\/index.php\/wp-json\/wp\/v2\/posts\/2228\/revisions\/2230"}],"wp:attachment":[{"href":"https:\/\/gazdasagportal.hu\/index.php\/wp-json\/wp\/v2\/media?parent=2228"}],"wp:term":[{"taxonomy":"category","embeddable":true,"href":"https:\/\/gazdasagportal.hu\/index.php\/wp-json\/wp\/v2\/categories?post=2228"},{"taxonomy":"post_tag","embeddable":true,"href":"https:\/\/gazdasagportal.hu\/index.php\/wp-json\/wp\/v2\/tags?post=2228"}],"curies":[{"name":"wp","href":"https:\/\/api.w.org\/{rel}","templated":true}]}}