{"id":22260,"date":"2013-11-28T16:26:34","date_gmt":"2013-11-28T15:26:34","guid":{"rendered":"http:\/\/stockportal.hu\/?p=22260"},"modified":"2013-11-28T16:26:34","modified_gmt":"2013-11-28T15:26:34","slug":"adocsalasi-vad-nav-horvath-andras-sohasem-volt-adoellenor","status":"publish","type":"post","link":"https:\/\/gazdasagportal.hu\/index.php\/adocsalasi-vad-nav-horvath-andras-sohasem-volt-adoellenor\/","title":{"rendered":"Ad\u00f3csal\u00e1si v\u00e1d &#8211; NAV: Horv\u00e1th Andr\u00e1s sohasem volt ad\u00f3ellen\u0151r"},"content":{"rendered":"<p><strong>A Nemzeti Ad\u00f3- \u00e9s V\u00e1mhivatal (NAV) visszautas\u00edtja volt munkat\u00e1rsa, Horv\u00e1th Andr\u00e1s v\u00e1djait \u00e9s egy\u00fattal r\u00e1galmaz\u00e1s miatt rend\u0151rs\u00e9gi feljelent\u00e9st tett ellene &#8211; mondta Varga \u00c1rp\u00e1d, az ad\u00f3hat\u00f3s\u00e1g k\u00fcls\u0151 kapcsolatok\u00e9rt felel\u0151s eln\u00f6khelyettese sajt\u00f3t\u00e1j\u00e9koztat\u00f3n cs\u00fct\u00f6rt\u00f6k\u00f6n Budapesten.<!--more--><\/strong><\/p>\n<p>Kifejtette: Horv\u00e1th Andr\u00e1s a k\u00f6z\u00e9p-magyarorsz\u00e1gi igazgat\u00f3s\u00e1gon dolgozott, koordin\u00e1ci\u00f3s feladatokat v\u00e9gzett, nem vett r\u00e9szt ellen\u0151rz\u00e9sekben, mivel nem volt revizori k\u00e9pes\u00edt\u00e9se, hiszen kor\u00e1bban \u00e1llamigazgat\u00e1si f\u0151iskol\u00e1t v\u00e9gzett.<br \/>\nMinthogy soha nem volt ad\u00f3ellen\u0151r, az \u00e1ltala ismert adatokb\u00f3l korl\u00e1tozott k\u00f6vetkeztet\u00e9seket lehet csak levonni &#8211; tette hozz\u00e1 Varga \u00c1rp\u00e1d.(MTI)<\/p>\n","protected":false},"excerpt":{"rendered":"<p>A Nemzeti Ad\u00f3- \u00e9s V\u00e1mhivatal (NAV) visszautas\u00edtja volt munkat\u00e1rsa, Horv\u00e1th Andr\u00e1s v\u00e1djait \u00e9s egy\u00fattal r\u00e1galmaz\u00e1s miatt rend\u0151rs\u00e9gi feljelent\u00e9st tett ellene &#8211; mondta Varga \u00c1rp\u00e1d, az ad\u00f3hat\u00f3s\u00e1g k\u00fcls\u0151 kapcsolatok\u00e9rt felel\u0151s eln\u00f6khelyettese sajt\u00f3t\u00e1j\u00e9koztat\u00f3n cs\u00fct\u00f6rt\u00f6k\u00f6n Budapesten.<\/p>\n","protected":false},"author":1,"featured_media":0,"comment_status":"open","ping_status":"closed","sticky":false,"template":"","format":"standard","meta":[],"categories":[20],"tags":[],"_links":{"self":[{"href":"https:\/\/gazdasagportal.hu\/index.php\/wp-json\/wp\/v2\/posts\/22260"}],"collection":[{"href":"https:\/\/gazdasagportal.hu\/index.php\/wp-json\/wp\/v2\/posts"}],"about":[{"href":"https:\/\/gazdasagportal.hu\/index.php\/wp-json\/wp\/v2\/types\/post"}],"author":[{"embeddable":true,"href":"https:\/\/gazdasagportal.hu\/index.php\/wp-json\/wp\/v2\/users\/1"}],"replies":[{"embeddable":true,"href":"https:\/\/gazdasagportal.hu\/index.php\/wp-json\/wp\/v2\/comments?post=22260"}],"version-history":[{"count":1,"href":"https:\/\/gazdasagportal.hu\/index.php\/wp-json\/wp\/v2\/posts\/22260\/revisions"}],"predecessor-version":[{"id":22261,"href":"https:\/\/gazdasagportal.hu\/index.php\/wp-json\/wp\/v2\/posts\/22260\/revisions\/22261"}],"wp:attachment":[{"href":"https:\/\/gazdasagportal.hu\/index.php\/wp-json\/wp\/v2\/media?parent=22260"}],"wp:term":[{"taxonomy":"category","embeddable":true,"href":"https:\/\/gazdasagportal.hu\/index.php\/wp-json\/wp\/v2\/categories?post=22260"},{"taxonomy":"post_tag","embeddable":true,"href":"https:\/\/gazdasagportal.hu\/index.php\/wp-json\/wp\/v2\/tags?post=22260"}],"curies":[{"name":"wp","href":"https:\/\/api.w.org\/{rel}","templated":true}]}}