{"id":2218,"date":"2013-02-06T15:33:11","date_gmt":"2013-02-06T14:33:11","guid":{"rendered":"http:\/\/stockportal.hu\/?p=2218"},"modified":"2013-02-06T15:33:11","modified_gmt":"2013-02-06T14:33:11","slug":"mali-csehorszag-katonakat-kuld-a-nyugat-afrikai-orszagba","status":"publish","type":"post","link":"https:\/\/gazdasagportal.hu\/index.php\/mali-csehorszag-katonakat-kuld-a-nyugat-afrikai-orszagba\/","title":{"rendered":"Mali &#8211; Csehorsz\u00e1g katon\u00e1kat k\u00fcld a nyugat-afrikai orsz\u00e1gba"},"content":{"rendered":"<p><strong>Csehorsz\u00e1g katon\u00e1kat k\u00fcld Maliba &#8211; err\u0151l a cseh korm\u00e1ny d\u00f6nt\u00f6tt szerd\u00e1n. Az ellenz\u00e9ki Cseh Szoci\u00e1ldemokrata P\u00e1rt (CSSD) k\u00f6z\u00f6lte, hogy a cseh katon\u00e1k bevet\u00e9se el\u00e9 a s\u00falyos bels\u0151 harcokt\u00f3l szenved\u0151 nyugat-afrikai orsz\u00e1gban nem fog akad\u00e1lyokat g\u00f6rd\u00edteni.<!--more--><\/strong><\/p>\n<p>Karol\u00edna Peake, a korm\u00e1ny aleln\u00f6ke a kabinet \u00fcl\u00e9se ut\u00e1ni sajt\u00f3\u00e9rtekezleten bejelentette, hogy a katon\u00e1k az Eur\u00f3pai Uni\u00f3 misszi\u00f3ja keret\u00e9ben indulnak Afrik\u00e1ba. Maliban f\u0151 feladatuk a helyi hadsereg katon\u00e1inak kik\u00e9pz\u00e9se lesz. Az iszlamista felkel\u0151k elleni harcokba nem kapcsol\u00f3dnak be.<br \/>\nA leger\u0151sebb ellenz\u00e9ki p\u00e1rt, a CSSD nem ellenzi a kik\u00e9pz\u0151k Maliba k\u00fcld\u00e9s\u00e9t. Ugyanakkor k\u00f6veteli, hogy a cseh katon\u00e1k val\u00f3ban csak a kik\u00e9pz\u00e9sben vegyenek r\u00e9szt, sz\u00e1muk korl\u00e1tozott legyen. A p\u00e1rt ragaszkodik a mali misszi\u00f3 id\u0151tartam\u00e1nak el\u0151zetes meghat\u00e1roz\u00e1s\u00e1hoz is.<br \/>\nBohuslav Sobotka, a szoci\u00e1ldemokrat\u00e1k eln\u00f6ke el\u0151zetes egyeztet\u00e9sekre hivatkozva azt mondta, optim\u00e1lisan egy \u00e9vig lenn\u00e9nek a cseh katonai kik\u00e9pz\u0151k Maliban.<br \/>\nFranciaorsz\u00e1g janu\u00e1r elej\u00e9n k\u00fcld\u00f6tt katon\u00e1kat a nyugat-afrikai Mali korm\u00e1ny\u00e1nak t\u00e1mogat\u00e1s\u00e1ra a radik\u00e1lis iszlamist\u00e1k elleni harcban. (MTI)<\/p>\n","protected":false},"excerpt":{"rendered":"<p>Csehorsz\u00e1g katon\u00e1kat k\u00fcld Maliba &#8211; err\u0151l a cseh korm\u00e1ny d\u00f6nt\u00f6tt szerd\u00e1n. Az ellenz\u00e9ki Cseh Szoci\u00e1ldemokrata P\u00e1rt (CSSD) k\u00f6z\u00f6lte, hogy a cseh katon\u00e1k bevet\u00e9se el\u00e9 a s\u00falyos bels\u0151 harcokt\u00f3l szenved\u0151 nyugat-afrikai orsz\u00e1gban nem fog akad\u00e1lyokat g\u00f6rd\u00edteni.<\/p>\n","protected":false},"author":1,"featured_media":2071,"comment_status":"closed","ping_status":"closed","sticky":false,"template":"","format":"standard","meta":[],"categories":[17,12],"tags":[],"_links":{"self":[{"href":"https:\/\/gazdasagportal.hu\/index.php\/wp-json\/wp\/v2\/posts\/2218"}],"collection":[{"href":"https:\/\/gazdasagportal.hu\/index.php\/wp-json\/wp\/v2\/posts"}],"about":[{"href":"https:\/\/gazdasagportal.hu\/index.php\/wp-json\/wp\/v2\/types\/post"}],"author":[{"embeddable":true,"href":"https:\/\/gazdasagportal.hu\/index.php\/wp-json\/wp\/v2\/users\/1"}],"replies":[{"embeddable":true,"href":"https:\/\/gazdasagportal.hu\/index.php\/wp-json\/wp\/v2\/comments?post=2218"}],"version-history":[{"count":2,"href":"https:\/\/gazdasagportal.hu\/index.php\/wp-json\/wp\/v2\/posts\/2218\/revisions"}],"predecessor-version":[{"id":2220,"href":"https:\/\/gazdasagportal.hu\/index.php\/wp-json\/wp\/v2\/posts\/2218\/revisions\/2220"}],"wp:featuredmedia":[{"embeddable":true,"href":"https:\/\/gazdasagportal.hu\/index.php\/wp-json\/wp\/v2\/media\/2071"}],"wp:attachment":[{"href":"https:\/\/gazdasagportal.hu\/index.php\/wp-json\/wp\/v2\/media?parent=2218"}],"wp:term":[{"taxonomy":"category","embeddable":true,"href":"https:\/\/gazdasagportal.hu\/index.php\/wp-json\/wp\/v2\/categories?post=2218"},{"taxonomy":"post_tag","embeddable":true,"href":"https:\/\/gazdasagportal.hu\/index.php\/wp-json\/wp\/v2\/tags?post=2218"}],"curies":[{"name":"wp","href":"https:\/\/api.w.org\/{rel}","templated":true}]}}