{"id":2206,"date":"2013-02-06T14:35:47","date_gmt":"2013-02-06T13:35:47","guid":{"rendered":"http:\/\/stockportal.hu\/?p=2206"},"modified":"2013-02-06T14:35:47","modified_gmt":"2013-02-06T13:35:47","slug":"eu-budzse-magyar-kepviselok-hozzaszolasai-az-unios-koltsegvetesrol-szolo-vitakhoz","status":"publish","type":"post","link":"https:\/\/gazdasagportal.hu\/index.php\/eu-budzse-magyar-kepviselok-hozzaszolasai-az-unios-koltsegvetesrol-szolo-vitakhoz\/","title":{"rendered":"EU-b\u00fcdzs\u00e9 &#8211; Magyar k\u00e9pvisel\u0151k hozz\u00e1sz\u00f3l\u00e1sai az uni\u00f3s k\u00f6lts\u00e9gvet\u00e9sr\u0151l sz\u00f3l\u00f3 vit\u00e1khoz"},"content":{"rendered":"<p><strong>T\u00f6bb magyar eur\u00f3pai parlamenti (EP-)k\u00e9pvisel\u0151 is hozz\u00e1sz\u00f3lt az uni\u00f3 j\u00f6v\u0151 \u00e9vi \u00e9s a k\u00f6vetkez\u0151 h\u00e9t\u00e9ves peri\u00f3dusra sz\u00f3l\u00f3 k\u00f6lts\u00e9gvet\u00e9s\u00e9r\u0151l sz\u00f3l\u00f3 vit\u00e1khoz Strasbourgban, az EP plen\u00e1ris \u00fcl\u00e9s\u00e9n. A szocialista Tabajdi Csaba a koh\u00e9zi\u00f3s t\u00e1mogat\u00e1sok cs\u00f6kkent\u00e9s\u00e9t elfogadhatatlannak nevezte, a szint\u00e9n MSZP-s Herczog Edit pedig az int\u00e9zm\u00e9nyek hat\u00e9konys\u00e1g\u00e1nak n\u00f6vel\u00e9s\u00e9vel el\u00e9rhet\u0151 megtakar\u00edt\u00e1sr\u00f3l \u00e9rtekezett. A fideszes J\u00e1r\u00f3ka L\u00edvia a b\u00fcdzs\u00e9 szoci\u00e1lis pill\u00e9r\u00e9nek, a t\u00e1rsadalmi befogad\u00e1snak a fontoss\u00e1g\u00e1t hangs\u00falyozta.<!--more--><\/strong><\/p>\n<p>El a kezekkel Magyarorsz\u00e1g koh\u00e9zi\u00f3s t\u00e1mogat\u00e1sait\u00f3l! &#8211; fogalmaz szerd\u00e1n kiadott k\u00f6zlem\u00e9ny\u00e9ben Tabajdi Csaba, aki szerint k\u00e1rt okoz, hogy eddig nem sz\u00fcletett meg\u00e1llapod\u00e1s az uni\u00f3 2014 \u00e9s 2020 k\u00f6z\u00f6tti keretk\u00f6lts\u00e9gvet\u00e9s\u00e9r\u0151l.<br \/>\n&#8222;M\u00e1r a tavaly novemberben megt\u00e1rgyalt k\u00f6lts\u00e9gvet\u00e9si javaslatok is elfogadhatatlan cs\u00f6kkent\u00e9st jelentettek Magyarorsz\u00e1g sz\u00e1m\u00e1ra. Elfogadhatatlan, hogy egyes tag\u00e1llamok m\u00e9g ezt is tov\u00e1bb akarj\u00e1k cs\u00f6kkenteni. Haz\u00e1m, Magyarorsz\u00e1g m\u00e1r \u00edgy is koh\u00e9zi\u00f3s t\u00e1mogat\u00e1sainak 30 sz\u00e1zal\u00e9k\u00e1t, h\u00e9tmilli\u00e1rd eur\u00f3t vesz\u00edthet el, ezzel ennek a v\u00e9gel\u00e1thatatlan k\u00f6lts\u00e9gvet\u00e9si huzavon\u00e1nak igazs\u00e1gtalanul a legnagyobb vesztes\u00e9v\u00e9 v\u00e1lhat. A k\u00f6lts\u00e9gvet\u00e9s f\u0151\u00f6sszeg\u00e9nek \u00e9s a koh\u00e9zi\u00f3s t\u00e1mogat\u00e1soknak b\u00e1rmif\u00e9le cs\u00f6kkent\u00e9se elfogadhatatlan&#8221; &#8211; v\u00e9lekedett hozz\u00e1sz\u00f3l\u00e1s\u00e1ban az MSZP EP-deleg\u00e1ci\u00f3j\u00e1nak vezet\u0151je.<br \/>\n&#8222;Amennyiben a febru\u00e1ri Eur\u00f3pai Tan\u00e1cson nem sz\u00fcletik elfogadhat\u00f3 meg\u00e1llapod\u00e1s az uni\u00f3 h\u00e9t\u00e9ves k\u00f6lts\u00e9gvet\u00e9s\u00e9r\u0151l, a tan\u00e1csban \u00fcl\u0151 \u00e1llam- \u00e9s korm\u00e1nyf\u0151k szeg\u00e9nys\u00e9gi bizony\u00edtv\u00e1nyt \u00e1ll\u00edtanak ki magukr\u00f3l. Enn\u00e9l azonban sokkal nagyobb gond, hogy szeg\u00e9nys\u00e9gre \u00edt\u00e9lik azokat a tag\u00e1llamokat \u00e9s \u00e1llampolg\u00e1raikat, amelyek neh\u00e9z gazdas\u00e1gi helyzet\u00fck miatt uni\u00f3s forr\u00e1sok hi\u00e1ny\u00e1ban nem tudn\u00e1nak befektetni. Magyarorsz\u00e1gon p\u00e9ld\u00e1ul az \u00e1llami beruh\u00e1z\u00e1sok 97 sz\u00e1zal\u00e9ka t\u00e1rsfinansz\u00edroz\u00e1sb\u00f3l m\u0171k\u00f6dik&#8221; &#8211; sorolta a k\u00e9pvisel\u0151. Tabajdi eml\u00e9keztetett: m\u00e1r most is k\u00e9s\u00e9sben vagyunk, mert a t\u00e1mogat\u00e1si programoknak j\u00f6v\u0151 ilyenkor m\u00e1r m\u0171k\u00f6dni\u00fck kellene, mik\u00f6zben m\u00e9g a f\u0151\u00f6sszegr\u0151l sincsen meg\u00e1llapod\u00e1s.<br \/>\n&#8222;Amennyiben ez \u00edgy marad, felmer\u00fcl a k\u00e9rd\u00e9s, ki viseli majd a felel\u0151ss\u00e9get ez\u00e9rt a h\u00e1tr\u00e1nyos helyzetben l\u00e9v\u0151 r\u00e9gi\u00f3k, k\u00f6zt\u00fck a magyarorsz\u00e1gi r\u00e9gi\u00f3k lakoss\u00e1ga el\u0151tt? Ki viseli a felel\u0151ss\u00e9get az\u00e9rt a sokk\u00e9rt, amelyet a t\u00e1mogat\u00e1sok hirtelen \u00e9s drasztikus cs\u00f6kkent\u00e9se jelent majd a neh\u00e9z helyzetbe l\u00e9v\u0151 magyar r\u00e9gi\u00f3k, kist\u00e9rs\u00e9gek sz\u00e1m\u00e1ra? Nem lehet nacionalista \u00f6nz\u00e9sb\u0151l k\u00f6vetelt kiad\u00e1scs\u00f6kkent\u00e9sek miatt kock\u00e1ra tenni eg\u00e9sz orsz\u00e1gok felz\u00e1rk\u00f3z\u00e1s\u00e1t, s\u0151t az eg\u00e9sz Eur\u00f3pai Uni\u00f3 legfontosabb \u00e9rt\u00e9k\u00e9t: a szolidarit\u00e1st!&#8221; &#8211; h\u00fazta al\u00e1 a szocialista politikus.<br \/>\nA cs\u00facstal\u00e1lkoz\u00f3 kapcs\u00e1n az uni\u00f3 t\u00f6bb\u00e9ves k\u00f6lts\u00e9gvet\u00e9s\u00e9r\u0151l sz\u00f3l\u00f3 vit\u00e1ban a fideszes J\u00e1r\u00f3ka L\u00edvia a t\u00e1rsadalmi integr\u00e1ci\u00f3 n\u00f6veked\u00e9s\u00f6szt\u00f6nz\u0151 hat\u00e1s\u00e1t hangs\u00falyozta, valamint s\u00fcrgette, hogy az uni\u00f3s tag\u00e1llamok a gazdas\u00e1gi konszolid\u00e1ci\u00f3 \u00e9s n\u00f6veked\u00e9s alapvet\u0151 elemk\u00e9nt tekintsenek a t\u00e1rsadalmi befogad\u00e1s c\u00e9lj\u00e1ra.<br \/>\nJ\u00e1r\u00f3ka, aki a rom\u00e1k t\u00e1rsadalmi befogad\u00e1s\u00e1t c\u00e9lz\u00f3 uni\u00f3s strat\u00e9gia jelent\u00e9stev\u0151je, felsz\u00f3lal\u00e1s\u00e1ban eml\u00e9keztetett, hogy a gazdas\u00e1gi fellend\u00fcl\u00e9st c\u00e9lz\u00f3 tag\u00e1llami tervek rendre elhanyagolj\u00e1k a t\u00e1rsadalmi befogad\u00e1s jelent\u0151s\u00e9g\u00e9t a versenyk\u00e9pess\u00e9g, innov\u00e1ci\u00f3 \u00e9s n\u00f6veked\u00e9s \u00f6szt\u00f6nz\u00e9s\u00e9re. A n\u00e9pp\u00e1rti politikus hangs\u00falyozta, hogy \u00edgy nem csup\u00e1n a legs\u00e9r\u00fcl\u00e9kenyebb t\u00e1rsadalmi csoportok maradhatnak v\u00e9delem n\u00e9lk\u00fcl, de a megfelel\u0151 t\u00e1rsadalmi befogad\u00e1s, k\u00fcl\u00f6n\u00f6sen pedig a munkaer\u0151-piaci integr\u00e1ci\u00f3 hi\u00e1ny\u00e1ban h\u00e1tr\u00e1nyt szenved a gazdas\u00e1g n\u00f6veked\u00e9si k\u00e9pess\u00e9ge.<br \/>\n&#8222;Egyetlen orsz\u00e1g sem engedheti meg, hogy n\u00e9pess\u00e9ge egy r\u00e9sz\u00e9nek gazdas\u00e1gi potenci\u00e1lj\u00e1r\u00f3l lemondjon, a t\u00e1rsadalmi befogad\u00e1sba t\u00f6rt\u00e9n\u0151 befektet\u00e9s ez\u00e9rt nem lehet\u0151s\u00e9g, hanem k\u00f6teless\u00e9g&#8221; &#8211; z\u00e1rta felsz\u00f3lal\u00e1s\u00e1t J\u00e1r\u00f3ka L\u00edvia.<br \/>\nA szocialista Herczog Edit az uni\u00f3 j\u00f6v\u0151 \u00e9vi, 2014-es k\u00f6lts\u00e9gvet\u00e9s\u00e9r\u0151l sz\u00f3l\u00f3 vit\u00e1ban azt hangs\u00falyozta, hogy az uni\u00f3 int\u00e9zm\u00e9nyrendszere t\u00f6bb t\u00edzmilli\u00f3 eur\u00f3t sp\u00f3rol saj\u00e1t mag\u00e1n.<br \/>\nHerczog elmondta: a szocialista frakci\u00f3 javaslat\u00e1ra a ciklus v\u00e9g\u00e9ig 2011-es szinten befagyasztott parlamenti b\u00fcdzs\u00e9 az EP \u00f6nm\u00e9rs\u00e9klet\u00e9r\u0151l \u00e1rulkodik, de tov\u00e1bbi pontokon \u00e9rhet\u0151 m\u00e9g el el\u0151rel\u00e9p\u00e9s.<br \/>\nA politikus az int\u00e9zm\u00e9nyi munka hat\u00e9konys\u00e1g\u00e1nak els\u0151sorban a polg\u00e1rok \u00e1ltal is \u00e9rezhet\u0151 javul\u00e1s\u00e1t v\u00e1rja az olyan reforml\u00e9p\u00e9sekt\u0151l, mint az adminisztrat\u00edv k\u00f6lts\u00e9gek befagyaszt\u00e1sa, t\u00e1rgyi \u00e9s emberi er\u0151forr\u00e1sok hat\u00e9konyabb menedzsmentje. A szocialista EP-k\u00e9pvisel\u0151 mindazon\u00e1ltal arra is figyelmeztet, hogy a nadr\u00e1gsz\u00edjh\u00faz\u00e1s nem mehet a parlamenti t\u00f6rv\u00e9nyalkot\u00f3 munka min\u0151s\u00e9g\u00e9nek rov\u00e1s\u00e1ra. Ugyan\u00edgy fontosnak tartotta kiemelni a jelent\u00e9sb\u0151l a k\u00e9pvisel\u0151, hogy a munkak\u00f6r\u00fclm\u00e9nyeket \u00fagy kell alak\u00edtani a j\u00f6v\u0151ben, hogy a munkav\u00e1llal\u00f3i jogok ne s\u00e9r\u00fcljenek.<br \/>\n&#8222;A hat\u00e9konys\u00e1g n\u00f6vel\u00e9s\u00e9t \u00e9s a sp\u00f3rol\u00e1st egyszerre \u00fagy val\u00f3s\u00edthatjuk meg, ha nem a f\u0171ny\u00edr\u00f3elvet alkalmazzuk az int\u00e9zm\u00e9nyeken, hanem a munkafolyamatok elemz\u00e9s\u00e9vel megkeress\u00fck azokat a pontokat, ahol lehet\u0151s\u00e9g ad\u00f3dik a sp\u00f3rol\u00e1sra\u201d \u2013 \u00e9rvelt Herczog, aki szerint a hat\u00e9konys\u00e1g n\u00f6vel\u00e9se t\u00f6bb \u00e9s jobb Eur\u00f3p\u00e1t eredm\u00e9nyez majd minden eur\u00f3painak. (MTI)<\/p>\n","protected":false},"excerpt":{"rendered":"<p>T\u00f6bb magyar eur\u00f3pai parlamenti (EP-)k\u00e9pvisel\u0151 is hozz\u00e1sz\u00f3lt az uni\u00f3 j\u00f6v\u0151 \u00e9vi \u00e9s a k\u00f6vetkez\u0151 h\u00e9t\u00e9ves peri\u00f3dusra sz\u00f3l\u00f3 k\u00f6lts\u00e9gvet\u00e9s\u00e9r\u0151l sz\u00f3l\u00f3 vit\u00e1khoz Strasbourgban, az EP plen\u00e1ris \u00fcl\u00e9s\u00e9n. A szocialista Tabajdi Csaba a koh\u00e9zi\u00f3s t\u00e1mogat\u00e1sok cs\u00f6kkent\u00e9s\u00e9t elfogadhatatlannak nevezte, a szint\u00e9n MSZP-s Herczog Edit pedig az int\u00e9zm\u00e9nyek hat\u00e9konys\u00e1g\u00e1nak n\u00f6vel\u00e9s\u00e9vel el\u00e9rhet\u0151 megtakar\u00edt\u00e1sr\u00f3l \u00e9rtekezett. A fideszes J\u00e1r\u00f3ka L\u00edvia a b\u00fcdzs\u00e9 szoci\u00e1lis &#8230;<\/p>\n","protected":false},"author":1,"featured_media":2125,"comment_status":"closed","ping_status":"closed","sticky":false,"template":"","format":"standard","meta":[],"categories":[12,19],"tags":[],"_links":{"self":[{"href":"https:\/\/gazdasagportal.hu\/index.php\/wp-json\/wp\/v2\/posts\/2206"}],"collection":[{"href":"https:\/\/gazdasagportal.hu\/index.php\/wp-json\/wp\/v2\/posts"}],"about":[{"href":"https:\/\/gazdasagportal.hu\/index.php\/wp-json\/wp\/v2\/types\/post"}],"author":[{"embeddable":true,"href":"https:\/\/gazdasagportal.hu\/index.php\/wp-json\/wp\/v2\/users\/1"}],"replies":[{"embeddable":true,"href":"https:\/\/gazdasagportal.hu\/index.php\/wp-json\/wp\/v2\/comments?post=2206"}],"version-history":[{"count":2,"href":"https:\/\/gazdasagportal.hu\/index.php\/wp-json\/wp\/v2\/posts\/2206\/revisions"}],"predecessor-version":[{"id":2208,"href":"https:\/\/gazdasagportal.hu\/index.php\/wp-json\/wp\/v2\/posts\/2206\/revisions\/2208"}],"wp:featuredmedia":[{"embeddable":true,"href":"https:\/\/gazdasagportal.hu\/index.php\/wp-json\/wp\/v2\/media\/2125"}],"wp:attachment":[{"href":"https:\/\/gazdasagportal.hu\/index.php\/wp-json\/wp\/v2\/media?parent=2206"}],"wp:term":[{"taxonomy":"category","embeddable":true,"href":"https:\/\/gazdasagportal.hu\/index.php\/wp-json\/wp\/v2\/categories?post=2206"},{"taxonomy":"post_tag","embeddable":true,"href":"https:\/\/gazdasagportal.hu\/index.php\/wp-json\/wp\/v2\/tags?post=2206"}],"curies":[{"name":"wp","href":"https:\/\/api.w.org\/{rel}","templated":true}]}}