{"id":22058,"date":"2013-11-26T18:04:09","date_gmt":"2013-11-26T17:04:09","guid":{"rendered":"http:\/\/stockportal.hu\/?p=22058"},"modified":"2013-11-26T22:37:32","modified_gmt":"2013-11-26T21:37:32","slug":"berlusconi-partja-kilepett-az-olasz-kormanykoaliciobol","status":"publish","type":"post","link":"https:\/\/gazdasagportal.hu\/index.php\/berlusconi-partja-kilepett-az-olasz-kormanykoaliciobol\/","title":{"rendered":"Berlusconi p\u00e1rtja kil\u00e9pett az olasz korm\u00e1nykoal\u00edci\u00f3b\u00f3l"},"content":{"rendered":"<p><strong>A Forza Italia (FI) kil\u00e9pett az olasz nagykoal\u00edci\u00f3s korm\u00e1nyb\u00f3l \u00e9s ellenz\u00e9kbe vonul &#8211; jelentette be kedden a FI szen\u00e1tusi \u00e9s k\u00e9pvisel\u0151h\u00e1zi frakci\u00f3vezet\u0151je.<!--more--><\/strong><\/p>\n<p>Nem adottak a korm\u00e1nyt\u00f6bbs\u00e9gben val\u00f3 marad\u00e1s felt\u00e9telei &#8211; hangoztatta Renato Brunetta, Silvio Berlusconi volt minisztereln\u00f6k p\u00e1rtj\u00e1nak als\u00f3h\u00e1zi frakci\u00f3vezet\u0151je. Hozz\u00e1tette: ezzel v\u00e9ge az \u00e1prilis v\u00e9g\u00e9n fel\u00e1llt balk\u00f6z\u00e9p-jobbk\u00f6z\u00e9p koal\u00edci\u00f3nak. &#8222;Kiskoal\u00edci\u00f3 marad korm\u00e1nyon&#8221; &#8211; fogalmazott Brunetta.<br \/>\nSzen\u00e1tusi koll\u00e9g\u00e1ja, Paolo Romani hozz\u00e1tette, hogy Enrico Letta minisztereln\u00f6k\u00f6t m\u00e1r \u00e9rtes\u00edtett\u00e9k az FI d\u00f6nt\u00e9s\u00e9r\u0151l. Hangs\u00falyozta, hogy a Forza Italia a korm\u00e1ny gazdas\u00e1gi csomagj\u00e1nak sem szavaz bizalmat a kedd esti parlamenti voksol\u00e1son, mert az szerint\u00fck cs\u0151d\u00f6t hoz az orsz\u00e1gra.<br \/>\nA Silvio Berlusconi \u00e1ltal november 16-\u00e1n \u00fajraind\u00edtott FI r\u00f6viddel azel\u0151tt l\u00e9pett ki a korm\u00e1nyb\u00f3l, hogy a fels\u0151h\u00e1z szerd\u00e1n &#8211; v\u00e1rhat\u00f3an este h\u00e9t \u00f3r\u00e1t\u00f3l &#8211; az ad\u00f3csal\u00e1s\u00e9rt el\u00edt\u00e9lt Berlusconi parlamenti kiz\u00e1r\u00e1s\u00e1r\u00f3l szavaz.<br \/>\nA Forza Italia parlamenti frakci\u00f3tagjaival tal\u00e1lkozva Berlusconi kijelentette, rem\u00e9li, hogy a szen\u00e1tori mentelmi jog\u00e1r\u00f3l tartand\u00f3 szerdai szavaz\u00e1son &#8222;minden rendben lesz, m\u00e1sk\u00fcl\u00f6nben a San Vittore mil\u00e1n\u00f3i b\u00f6rt\u00f6nben tal\u00e1lkozunk&#8221;. Berlusconi m\u00e9g nem k\u00f6z\u00f6lte, hogy r\u00e9szt vesz-e a sors\u00e1r\u00f3l d\u00f6nt\u0151 voksol\u00e1son, vagy ehelyett a mellette rendezett szolidarit\u00e1si t\u00fcntet\u00e9sen vesz r\u00e9szt, melyre az FI t\u00edzezer tagj\u00e1t v\u00e1rj\u00e1k R\u00f3m\u00e1ba.<br \/>\nAmi a szavaz\u00e1st illeti: a 315 f\u0151s szen\u00e1tus ny\u00edlt szavaz\u00e1ssal d\u00f6nt. A baloldali Demokrata P\u00e1rt (PD) \u00e9s az 5 Csillag Mozgalom (M5S) bejelentette, hogy Berlusconi kiz\u00e1r\u00e1s\u00e1ra szavaz. A Berlusconi p\u00e1rtj\u00e1b\u00f3l kil\u00e9pett \u00e9s korm\u00e1nyon maradt Angelino Alfano bel\u00fcgyminiszter, az \u00daj Jobbk\u00f6z\u00e9p (NCD) alap\u00edt\u00f3ja kor\u00e1bban \u00fagy nyilatkozott, Berlusconi mellett szavaz. Most azonban felel\u0151tlens\u00e9gnek nevezte azt, hogy a Forza Italia nem hajland\u00f3 t\u00e1mogatni a korm\u00e1ny stabilit\u00e1si csomagj\u00e1t.<br \/>\nNiccolo Ghedini, Berlusconi v\u00e9d\u0151\u00fcgyv\u00e9dje kedden sajt\u00f3t\u00e1j\u00e9koztat\u00f3n hangoztatta, hogy Berlusconit a parlamentb\u0151l val\u00f3 kiz\u00e1r\u00e1s politikailag meger\u0151s\u00edti. Ez a k\u00f6vetkez\u0151 v\u00e1laszt\u00e1son fog kider\u00fclni &#8211; mondta. Hozz\u00e1tette, nem tart att\u00f3l, hogy mentelmi joga elvesz\u00edt\u00e9se ut\u00e1n Berlusconival szemben az olasz \u00fcgy\u00e9szs\u00e9gek m\u00e1s \u00fcgyekben letart\u00f3ztat\u00e1st rendelhetnek el.<br \/>\nEnrico Letta a Triesztben zajl\u00f3 olasz-orosz gazdas\u00e1gi cs\u00facson \u00e9rtes\u00fclt az FI kil\u00e9p\u00e9s\u00e9r\u0151l. A minisztereln\u00f6k kijelentette, neh\u00e9z 24 \u00f3ra el\u0151tt \u00e1ll It\u00e1lia. &#8222;El kell ker\u00fclni, hogy Olaszorsz\u00e1gban k\u00e1osz alakuljon ki&#8221; &#8211; hangoztatta.\u00a0(MTI)<\/p>\n","protected":false},"excerpt":{"rendered":"<p>A Forza Italia (FI) kil\u00e9pett az olasz nagykoal\u00edci\u00f3s korm\u00e1nyb\u00f3l \u00e9s ellenz\u00e9kbe vonul &#8211; jelentette be kedden a FI szen\u00e1tusi \u00e9s k\u00e9pvisel\u0151h\u00e1zi frakci\u00f3vezet\u0151je.<\/p>\n","protected":false},"author":1,"featured_media":18579,"comment_status":"open","ping_status":"closed","sticky":false,"template":"","format":"standard","meta":[],"categories":[12],"tags":[],"_links":{"self":[{"href":"https:\/\/gazdasagportal.hu\/index.php\/wp-json\/wp\/v2\/posts\/22058"}],"collection":[{"href":"https:\/\/gazdasagportal.hu\/index.php\/wp-json\/wp\/v2\/posts"}],"about":[{"href":"https:\/\/gazdasagportal.hu\/index.php\/wp-json\/wp\/v2\/types\/post"}],"author":[{"embeddable":true,"href":"https:\/\/gazdasagportal.hu\/index.php\/wp-json\/wp\/v2\/users\/1"}],"replies":[{"embeddable":true,"href":"https:\/\/gazdasagportal.hu\/index.php\/wp-json\/wp\/v2\/comments?post=22058"}],"version-history":[{"count":2,"href":"https:\/\/gazdasagportal.hu\/index.php\/wp-json\/wp\/v2\/posts\/22058\/revisions"}],"predecessor-version":[{"id":22075,"href":"https:\/\/gazdasagportal.hu\/index.php\/wp-json\/wp\/v2\/posts\/22058\/revisions\/22075"}],"wp:featuredmedia":[{"embeddable":true,"href":"https:\/\/gazdasagportal.hu\/index.php\/wp-json\/wp\/v2\/media\/18579"}],"wp:attachment":[{"href":"https:\/\/gazdasagportal.hu\/index.php\/wp-json\/wp\/v2\/media?parent=22058"}],"wp:term":[{"taxonomy":"category","embeddable":true,"href":"https:\/\/gazdasagportal.hu\/index.php\/wp-json\/wp\/v2\/categories?post=22058"},{"taxonomy":"post_tag","embeddable":true,"href":"https:\/\/gazdasagportal.hu\/index.php\/wp-json\/wp\/v2\/tags?post=22058"}],"curies":[{"name":"wp","href":"https:\/\/api.w.org\/{rel}","templated":true}]}}