{"id":22046,"date":"2013-11-26T16:47:22","date_gmt":"2013-11-26T15:47:22","guid":{"rendered":"http:\/\/stockportal.hu\/?p=22046"},"modified":"2013-11-26T16:47:22","modified_gmt":"2013-11-26T15:47:22","slug":"a-byd-tovabbra-is-tervezi-europai-gyar-letesiteset","status":"publish","type":"post","link":"https:\/\/gazdasagportal.hu\/index.php\/a-byd-tovabbra-is-tervezi-europai-gyar-letesiteset\/","title":{"rendered":"A BYD tov\u00e1bbra is tervezi eur\u00f3pai gy\u00e1r l\u00e9tes\u00edt\u00e9s\u00e9t"},"content":{"rendered":"<p><strong>A vil\u00e1g legnagyobb t\u00f6lthet\u0151 akkumul\u00e1tor gy\u00e1rt\u00f3ja, a BYD tov\u00e1bb folytatja elektromos buszainak eur\u00f3pai term\u00e9kbevezet\u00e9si programj\u00e1t, helyet keres egy gy\u00e1rt\u00f3 \u00fczem sz\u00e1m\u00e1ra, amellyel hat\u00e9konyan el\u00e9g\u00edtheti ki az eur\u00f3pai ig\u00e9nyeket &#8211; k\u00f6z\u00f6lte a c\u00e9g magyarorsz\u00e1gi k\u00e9pviselete az MTI-vel kedden.<!--more--><\/strong><\/p>\n<p>A k\u00f6zlem\u00e9ny utal arra, hogy a BYD elektromos busz\u00e1t, amely rendelkezik eur\u00f3pai t\u00edpusenged\u00e9llyel, Budapesten is bemutatta szeptemberben. A t\u00f6bbhetes teszt az eg\u00e9sz Eur\u00f3p\u00e1ban zajl\u00f3 term\u00e9kbevezet\u00e9si program keret\u00e9n bel\u00fcl adott lehet\u0151s\u00e9get a magyar utaz\u00f3k\u00f6z\u00f6ns\u00e9g sz\u00e1m\u00e1ra, hogy megismerje \u00e9s kipr\u00f3b\u00e1lja a high-tech k\u00f6zleked\u00e9si eszk\u00f6zt.<br \/>\nAz eddigiek sor\u00e1n 25 eur\u00f3pai nagyv\u00e1rosban pr\u00f3b\u00e1lt\u00e1k ki a BYD elektromos busz\u00e1t, t\u00f6bbek k\u00f6z\u00f6tt Amszterdamban, P\u00e1rizsban, Mil\u00e1n\u00f3ban, Madridban, Koppenh\u00e1g\u00e1ban \u00e9s Vars\u00f3ban. A tesztek eredm\u00e9nyeire alapozva az amszterdami Schiphol-rept\u00e9r 35 darabos buszflott\u00e1t rendelt, a szint\u00e9n holland Schiermonnikoog-sziget pedig teljes buszflott\u00e1j\u00e1t BYD elektromos buszokra cser\u00e9lte.<br \/>\nA BYD t\u00e1j\u00e9koztat\u00e1sa szerint b\u00e1r kor\u00e1bban Bulg\u00e1ri\u00e1ban folytattak el\u0151rehaladott t\u00e1rgyal\u00e1sokat aut\u00f3buszgy\u00e1rt\u00f3 \u00fczem\u00fck fel\u00e9p\u00edt\u00e9s\u00e9re, az \u00fcgylet \u00fczleti megfontol\u00e1sok miatt meghi\u00fasult.<br \/>\nA BYD k\u00f6zlem\u00e9ny\u00e9ben \u00e9rtetlens\u00e9g\u00e9nek ad hangot a bolg\u00e1r m\u00e9di\u00e1ban megjelent \u00e1ll\u00edt\u00e1ssal kapcsolatban, amely szerint az \u00fcgylet az\u00e9rt hi\u00fasult meg, mert a BYD nem kapta meg a sz\u00fcks\u00e9ges eur\u00f3pai t\u00edpusenged\u00e9lyeket a busz sz\u00e1m\u00e1ra, ez\u00e9rt nem \u00e9p\u00edti meg tervezett bulg\u00e1riai gy\u00e1regys\u00e9g\u00e9t, hiszen a BYD m\u00e1r 2012 decembere \u00f3ta rendelkezik minden sz\u00fcks\u00e9ges enged\u00e9llyel.<br \/>\nA BYD Co. Ltd a z\u00f6ld energia, IT \u00e9s aut\u00f3ipari megold\u00e1sok cs\u00facstechnol\u00f3gi\u00e1s sz\u00e1ll\u00edt\u00f3ja. A vil\u00e1g legnagyobb t\u00f6lthet\u0151 akkumul\u00e1tor gy\u00e1rt\u00f3jak\u00e9nt a BYD piacvezet\u0151 a mobiltelefon-t\u00f6lt\u0151k \u00e9s billenty\u0171zetek piac\u00e1n glob\u00e1lis szinten.<br \/>\nA v\u00e1llalat 2003 \u00f3ta van jelen az aut\u00f3iparban, az\u00f3ta n\u00f6veked\u00e9se a szektoron bel\u00fcl t\u00f6retlen. 2008-ban Warrent Buffett 232 milli\u00f3 doll\u00e1r \u00e9rt\u00e9kben felv\u00e1s\u00e1rolta a c\u00e9g r\u00e9szv\u00e9nyeinek 9,89 sz\u00e1zal\u00e9k\u00e1t. Jelenleg a BYD a leggyorsabban n\u00f6veked\u0151 k\u00ednai aut\u00f3ipari v\u00e1llalat. Term\u00e9kei k\u00f6z\u00f6tt teljesen elektromos, illetve vegyes meghajt\u00e1s\u00fa (benzin-elektromos) j\u00e1rm\u0171vek is megtal\u00e1lhat\u00f3ak.<br \/>\nA BYD saj\u00e1t fejleszt\u00e9s\u0171 l\u00edtium-vasfoszf\u00e1t akkumul\u00e1toraira alapozva kidolgozta a &#8222;Z\u00f6ld V\u00e1ros Megold\u00e1st&#8221;, amelynek c\u00e9lja a v\u00e1rosi t\u00f6megk\u00f6zleked\u00e9s elektromoss\u00e1 t\u00e9tele, a jelenlegi benzin- \u00e9s d\u00edzel\u00fczem\u0171 buszok \u00e9s taxik elektromos j\u00e1rm\u0171vekkel val\u00f3 kiv\u00e1lt\u00e1sa. 2012 m\u00e1jus\u00e1ban a BYD \u00e9s a Daimler AG hivatalosan is bejelentette a teljesen \u00faj elektromos aut\u00f3 m\u00e1rka a Denza indul\u00e1s\u00e1t K\u00edn\u00e1ban.(MTI)<\/p>\n","protected":false},"excerpt":{"rendered":"<p>A vil\u00e1g legnagyobb t\u00f6lthet\u0151 akkumul\u00e1tor gy\u00e1rt\u00f3ja, a BYD tov\u00e1bb folytatja elektromos buszainak eur\u00f3pai term\u00e9kbevezet\u00e9si programj\u00e1t, helyet keres egy gy\u00e1rt\u00f3 \u00fczem sz\u00e1m\u00e1ra, amellyel hat\u00e9konyan el\u00e9g\u00edtheti ki az eur\u00f3pai ig\u00e9nyeket &#8211; k\u00f6z\u00f6lte a c\u00e9g magyarorsz\u00e1gi k\u00e9pviselete az MTI-vel kedden.<\/p>\n","protected":false},"author":1,"featured_media":0,"comment_status":"open","ping_status":"closed","sticky":false,"template":"","format":"standard","meta":[],"categories":[12],"tags":[],"_links":{"self":[{"href":"https:\/\/gazdasagportal.hu\/index.php\/wp-json\/wp\/v2\/posts\/22046"}],"collection":[{"href":"https:\/\/gazdasagportal.hu\/index.php\/wp-json\/wp\/v2\/posts"}],"about":[{"href":"https:\/\/gazdasagportal.hu\/index.php\/wp-json\/wp\/v2\/types\/post"}],"author":[{"embeddable":true,"href":"https:\/\/gazdasagportal.hu\/index.php\/wp-json\/wp\/v2\/users\/1"}],"replies":[{"embeddable":true,"href":"https:\/\/gazdasagportal.hu\/index.php\/wp-json\/wp\/v2\/comments?post=22046"}],"version-history":[{"count":1,"href":"https:\/\/gazdasagportal.hu\/index.php\/wp-json\/wp\/v2\/posts\/22046\/revisions"}],"predecessor-version":[{"id":22047,"href":"https:\/\/gazdasagportal.hu\/index.php\/wp-json\/wp\/v2\/posts\/22046\/revisions\/22047"}],"wp:attachment":[{"href":"https:\/\/gazdasagportal.hu\/index.php\/wp-json\/wp\/v2\/media?parent=22046"}],"wp:term":[{"taxonomy":"category","embeddable":true,"href":"https:\/\/gazdasagportal.hu\/index.php\/wp-json\/wp\/v2\/categories?post=22046"},{"taxonomy":"post_tag","embeddable":true,"href":"https:\/\/gazdasagportal.hu\/index.php\/wp-json\/wp\/v2\/tags?post=22046"}],"curies":[{"name":"wp","href":"https:\/\/api.w.org\/{rel}","templated":true}]}}