{"id":2203,"date":"2013-02-06T14:17:14","date_gmt":"2013-02-06T13:17:14","guid":{"rendered":"http:\/\/stockportal.hu\/?p=2203"},"modified":"2013-02-06T14:17:14","modified_gmt":"2013-02-06T13:17:14","slug":"adotanacsado-az-iden-is-vannak-adomentes-cafeteria-juttatasok","status":"publish","type":"post","link":"https:\/\/gazdasagportal.hu\/index.php\/adotanacsado-az-iden-is-vannak-adomentes-cafeteria-juttatasok\/","title":{"rendered":"Ad\u00f3tan\u00e1csad\u00f3: az id\u00e9n is vannak ad\u00f3mentes cafeteria juttat\u00e1sok"},"content":{"rendered":"<p><strong>A b\u00e9ren k\u00edv\u00fcli juttat\u00e1sok k\u00f6lts\u00e9ge ugyan emelkedett az id\u00e9n, \u00e9s \u00e1ltal\u00e1noss\u00e1gban elmondhat\u00f3, hogy a szab\u00e1lyoz\u00e1s mind a munkav\u00e1llal\u00f3k, mind a munkaad\u00f3k h\u00e1tr\u00e1ny\u00e1ra v\u00e1ltozott, azonban van n\u00e9h\u00e1ny cafeteria elem, amely ad\u00f3mentesen adhat\u00f3 &#8211; h\u00edvja fel a figyelmet a MAZARS ad\u00f3tan\u00e1csad\u00f3 c\u00e9g szerdai k\u00f6zlem\u00e9ny\u00e9ben.<!--more--><\/strong><\/p>\n<p>2013-t\u00f3l nemcsak a sportesem\u00e9nyekre, hanem a kultur\u00e1lis szolg\u00e1ltat\u00e1sok ig\u00e9nybev\u00e9tel\u00e9re sz\u00f3l\u00f3 bel\u00e9p\u0151jegyek \u00e9s b\u00e9rletek, valamint a k\u00f6nyvt\u00e1ri beiratkoz\u00e1si d\u00edj is ad\u00f3mentes juttat\u00e1snak min\u0151s\u00fclnek. A mentess\u00e9g \u00e9rt\u00e9khat\u00e1ra \u00e9vi 50 000 forint. Sok c\u00e9g azonban sz\u00f3rakoz\u00e1sra tov\u00e1bbra is a SZ\u00c9P-k\u00e1rtya szabadid\u0151 zseb\u00e9t k\u00edn\u00e1lja, ami dr\u00e1g\u00e1bb juttat\u00e1si forma, azaz ugyanolyan keret\u00f6sszeg mellett kevesebb marad nett\u00f3ban a munkav\u00e1llal\u00f3n\u00e1l, ha a SZ\u00c9P-k\u00e1rty\u00e1t haszn\u00e1lja p\u00e9ld\u00e1ul sz\u00ednh\u00e1zi bel\u00e9p\u0151 megv\u00e1s\u00e1rl\u00e1s\u00e1ra.<br \/>\nA k\u00fcl\u00f6nb\u00f6z\u0151 betegbiztos\u00edt\u00e1sok ad\u00f3mentes juttat\u00e1s\u00e1ra 2012-t\u0151l van lehet\u0151s\u00e9g, \u00e9s ez 2013-ban sem v\u00e1ltozott. A munk\u00e1ltat\u00f3k azonban a MAZARS tapasztalatai szerint egyel\u0151re \u00f3dzkodnak ett\u0151l a juttat\u00e1si form\u00e1t\u00f3l is, ugyanis a biztos\u00edt\u00e1sokkal kapcsolatos szab\u00e1lyoz\u00e1s meglehet\u0151sen bonyolult.<br \/>\nA k\u00f6nyvvizsg\u00e1l\u00f3 \u00e9s ad\u00f3tan\u00e1csad\u00f3 c\u00e9g ismerteti, hogy a b\u00e9ren k\u00edv\u00fcli juttat\u00e1sok \u00f6sszege ut\u00e1n fizetend\u0151 eg\u00e9szs\u00e9g\u00fcgyi hozz\u00e1j\u00e1rul\u00e1s m\u00e9rt\u00e9ke 2013-ban 10-r\u0151l 14 sz\u00e1zal\u00e9kra n\u0151tt, ezzel a juttat\u00e1s ad\u00f3terhe 30,94 sz\u00e1zal\u00e9kr\u00f3l 35,70 sz\u00e1zal\u00e9kra emelkedett. Ugyanakkor az egyes meghat\u00e1rozott juttat\u00e1sok ad\u00f3terhe nem v\u00e1ltozott,\u00a0\u00a0tov\u00e1bbra is 51,17 sz\u00e1zal\u00e9k. A cafeteria-keret tov\u00e1bbra is \u00e9vi maximum 500 ezer forintig ny\u00fajthat\u00f3 b\u00e9ren k\u00edv\u00fcli juttat\u00e1sk\u00e9nt, az ef\u00f6l\u00f6tti \u00f6sszeg az egyes meghat\u00e1rozott juttat\u00e1sok c\u00edm\u00e9n ad\u00f3k\u00f6teles.<br \/>\nAz idei v\u00e1ltoz\u00e1sok k\u00f6z\u00f6tt eml\u00edti a k\u00f6zlem\u00e9ny, hogy az Erzs\u00e9bet-utalv\u00e1ny 2013-t\u00f3l melegkonyh\u00e1s \u00e9tkez\u0151helyeken is felhaszn\u00e1lhat\u00f3 &#8211; 2012-ben ezt \u00e1tmeneti szab\u00e1ly tette lehet\u0151v\u00e9 -, \u00e9s a havi 5000 forint helyett 8000 forintig min\u0151s\u00fcl b\u00e9ren k\u00edv\u00fcli juttat\u00e1snak, ef\u00f6l\u00f6tt egyes meghat\u00e1rozott juttat\u00e1sk\u00e9nt ad\u00f3zik.<br \/>\nMeghosszabbodik a Sz\u00e9chenyi-pihen\u0151k\u00e1rty\u00e1ra utalt \u00f6sszegek felhaszn\u00e1lhat\u00f3s\u00e1g\u00e1nak hat\u00e1rideje, az \u00f6sszeg a juttat\u00e1s \u00e9v\u00e9t k\u00f6vet\u0151 m\u00e1sodik \u00e9v m\u00e1jus 31-ig haszn\u00e1lhat\u00f3 fel.<br \/>\nV\u00e1ltoz\u00e1s az is, hogy az iskolakezd\u00e9si t\u00e1mogat\u00e1sn\u00e1l megsz\u0171nik a sz\u00e1ml\u00e1val val\u00f3 elsz\u00e1molhat\u00f3s\u00e1g lehet\u0151s\u00e9ge, ilyen juttat\u00e1s kiz\u00e1r\u00f3lag utalv\u00e1ny form\u00e1j\u00e1ban ny\u00fajthat\u00f3.<br \/>\nTavalyhoz k\u00e9pest v\u00e1ltozatlanul ny\u00fajthat\u00f3 b\u00e9ren k\u00edv\u00fcli juttat\u00e1sk\u00e9nt az \u00fcd\u00fcltet\u00e9si szolg\u00e1ltat\u00e1s, a helyi utaz\u00e1si b\u00e9rlet, az iskolarendszer\u0171 k\u00e9pz\u00e9s, az \u00f6nk\u00e9ntes nyugd\u00edjp\u00e9nzt\u00e1ri, \u00f6nk\u00e9ntes k\u00f6lcs\u00f6n\u00f6s eg\u00e9szs\u00e9gp\u00e9nzt\u00e1ri, \u00e9s foglalkoztat\u00f3i nyugd\u00edjszolg\u00e1ltat\u00f3i int\u00e9zm\u00e9nybe fizetett munk\u00e1ltat\u00f3i hozz\u00e1j\u00e1rul\u00e1s. (MTI)<\/p>\n","protected":false},"excerpt":{"rendered":"<p>A b\u00e9ren k\u00edv\u00fcli juttat\u00e1sok k\u00f6lts\u00e9ge ugyan emelkedett az id\u00e9n, \u00e9s \u00e1ltal\u00e1noss\u00e1gban elmondhat\u00f3, hogy a szab\u00e1lyoz\u00e1s mind a munkav\u00e1llal\u00f3k, mind a munkaad\u00f3k h\u00e1tr\u00e1ny\u00e1ra v\u00e1ltozott, azonban van n\u00e9h\u00e1ny cafeteria elem, amely ad\u00f3mentesen adhat\u00f3 &#8211; h\u00edvja fel a figyelmet a MAZARS ad\u00f3tan\u00e1csad\u00f3 c\u00e9g szerdai k\u00f6zlem\u00e9ny\u00e9ben.<\/p>\n","protected":false},"author":1,"featured_media":0,"comment_status":"closed","ping_status":"closed","sticky":false,"template":"","format":"standard","meta":[],"categories":[20],"tags":[],"_links":{"self":[{"href":"https:\/\/gazdasagportal.hu\/index.php\/wp-json\/wp\/v2\/posts\/2203"}],"collection":[{"href":"https:\/\/gazdasagportal.hu\/index.php\/wp-json\/wp\/v2\/posts"}],"about":[{"href":"https:\/\/gazdasagportal.hu\/index.php\/wp-json\/wp\/v2\/types\/post"}],"author":[{"embeddable":true,"href":"https:\/\/gazdasagportal.hu\/index.php\/wp-json\/wp\/v2\/users\/1"}],"replies":[{"embeddable":true,"href":"https:\/\/gazdasagportal.hu\/index.php\/wp-json\/wp\/v2\/comments?post=2203"}],"version-history":[{"count":2,"href":"https:\/\/gazdasagportal.hu\/index.php\/wp-json\/wp\/v2\/posts\/2203\/revisions"}],"predecessor-version":[{"id":2205,"href":"https:\/\/gazdasagportal.hu\/index.php\/wp-json\/wp\/v2\/posts\/2203\/revisions\/2205"}],"wp:attachment":[{"href":"https:\/\/gazdasagportal.hu\/index.php\/wp-json\/wp\/v2\/media?parent=2203"}],"wp:term":[{"taxonomy":"category","embeddable":true,"href":"https:\/\/gazdasagportal.hu\/index.php\/wp-json\/wp\/v2\/categories?post=2203"},{"taxonomy":"post_tag","embeddable":true,"href":"https:\/\/gazdasagportal.hu\/index.php\/wp-json\/wp\/v2\/tags?post=2203"}],"curies":[{"name":"wp","href":"https:\/\/api.w.org\/{rel}","templated":true}]}}