{"id":22022,"date":"2013-11-26T12:14:17","date_gmt":"2013-11-26T11:14:17","guid":{"rendered":"http:\/\/stockportal.hu\/?p=22022"},"modified":"2013-11-26T12:05:14","modified_gmt":"2013-11-26T11:05:14","slug":"ukrajna-eu-az-unios-diplomaciat-nem-lepte-meg-a-kijevre-nehezedo-nyomas","status":"publish","type":"post","link":"https:\/\/gazdasagportal.hu\/index.php\/ukrajna-eu-az-unios-diplomaciat-nem-lepte-meg-a-kijevre-nehezedo-nyomas\/","title":{"rendered":"Ukrajna-EU &#8211; Az uni\u00f3s diplom\u00e1ci\u00e1t nem lepte meg a Kijevre nehezed\u0151 nyom\u00e1s"},"content":{"rendered":"<p><strong>Nem \u00e9rte teljesen v\u00e1ratlanul az uni\u00f3s diplomat\u00e1kat, hogy az utols\u00f3 pillanatban hatalmas k\u00fcls\u0151 nyom\u00e1s nehezedett Kijevre, noha minden okuk megvolt, hogy b\u00edzzanak abban, hogy az ukr\u00e1nok al\u00e1 fogj\u00e1k \u00edrni a t\u00e1rsul\u00e1si \u00e9s szabadkereskedelmi meg\u00e1llapod\u00e1st a vilniusi Keleti Partners\u00e9g-cs\u00facstal\u00e1lkoz\u00f3n &#8211; mondta az MTI k\u00e9rd\u00e9s\u00e9re v\u00e1laszolva egy neve elhallgat\u00e1s\u00e1t k\u00e9r\u0151 magas rang\u00fa uni\u00f3s tisztvisel\u0151.<!--more--><\/strong><\/p>\n<p>&#8222;Teljesen v\u00e1ratlanul \u00e9rt minket? Nem mondhatn\u00e1m. Csal\u00f3dottak vagyunk? Igen&#8221; &#8211; fogalmazott a magas rang\u00fa EU-diplomata.<br \/>\nA forr\u00e1s ugyanakkor hozz\u00e1tette: nemcsak cs\u00facstal\u00e1lkoz\u00f3kon lehet al\u00e1\u00edrni a t\u00e1rsul\u00e1si meg\u00e1llapod\u00e1st, erre k\u00e9t nappal, k\u00e9t h\u00e9ttel vagy egy h\u00f3nappal k\u00e9s\u0151bb is lesz lehet\u0151s\u00e9g. Az Ukrajna sz\u00e1m\u00e1ra felk\u00edn\u00e1lt t\u00e1rsul\u00e1si \u00e9s szabadkereskedelmi meg\u00e1llapod\u00e1s aj\u00e1nlata tov\u00e1bbra is \u00e9rv\u00e9nyes. Az ajt\u00f3 tov\u00e1bbra is nyitva \u00e1ll &#8211; fogalmazott, hangs\u00falyozva ugyanakkor, hogy a cs\u00facstal\u00e1lkoz\u00f3ig m\u00e1r nem sz\u00e1m\u00edt arra, hogy Kijev megv\u00e1ltoztatja d\u00f6nt\u00e9s\u00e9t a t\u00e1rsul\u00e1si folyamat felf\u00fcggeszt\u00e9s\u00e9r\u0151l.<br \/>\nA diplomata nem mulasztotta el megeml\u00edteni, hogy Ukrajna t\u0171zte ki azt a c\u00e9lt, hogy a vilniusi cs\u00facson szeretn\u00e9 al\u00e1\u00edrni a meg\u00e1llapod\u00e1st. &#8222;Most \u00fagy t\u0171nik, nem val\u00f3sz\u00edn\u0171, hogy ez bek\u00f6vetkezik&#8221; &#8211; fogalmazott a forr\u00e1s, s az ukr\u00e1nok d\u00f6nt\u00e9s\u00e9t a sz\u00fcnet gomb megnyom\u00e1sak\u00e9nt \u00e9s id\u0151k\u00e9r\u00e9sk\u00e9nt \u00e9rtelmezte.<br \/>\n&#8222;Nem hiszem, hogy ez az eur\u00f3pai diplom\u00e1cia kudarca volna. Ez Ukrajna v\u00e1laszt\u00e1sa&#8221; &#8211; h\u00fazta al\u00e1 a magas rang\u00fa EU-diplomata, s hozz\u00e1tette: &#8222;a k\u00fcl\u00f6nbs\u00e9g k\u00f6zt\u00fcnk \u00e9s m\u00e1sok k\u00f6z\u00f6tt az, hogy mi v\u00e1laszt\u00e1si lehet\u0151s\u00e9get k\u00edn\u00e1lunk az embereknek, \u00e9s tiszteletben tartjuk a d\u00f6nt\u00e9s\u00fcket&#8221;.<br \/>\nA javasolt h\u00e1romoldal\u00fa, EU-ukr\u00e1n-orosz egyeztet\u00e9sekr\u0151l az uni\u00f3s diplom\u00e1cia vezet\u0151 beoszt\u00e1s\u00fa tisztvisel\u0151je kijelentette: ha Moszkv\u00e1nak hozz\u00e1f\u0171znival\u00f3ja van, azt boldogan meghallgatj\u00e1k, de a t\u00e1rsul\u00e1si \u00e9s szabadkereskedelmi meg\u00e1llapod\u00e1st\u00f3l f\u00fcggetlen\u00fcl. A h\u00e1romoldal\u00fa egyeztet\u00e9s nem volna produkt\u00edv &#8211; magyar\u00e1zta.<br \/>\n&#8222;A k\u00e9toldal\u00fa kereskedelmi meg\u00e1llapod\u00e1sokat okkal nevezik k\u00e9toldal\u00fanak&#8221; &#8211; mutatott r\u00e1 az uni\u00f3s forr\u00e1s. Viszont azt a felvet\u00e9st nem volt hajland\u00f3 min\u0151s\u00edteni, hogy Moszkva bevon\u00e1sa azt jelenten\u00e9-e, hogy v\u00e9gs\u0151 soron nem Kijevben hozz\u00e1k meg a d\u00f6nt\u00e9st.<br \/>\nAz EU \u00e9s Oroszorsz\u00e1g k\u00f6z\u00f6tti, Ukrajn\u00e1\u00e9rt foly\u00f3 vet\u00e9lked\u00e9sr\u0151l a diplomata azt mondta, hogy \u0151k teljesen m\u00e1shogy l\u00e1tj\u00e1k ezt a k\u00e9rd\u00e9st, ugyanis nem nulla \u00f6sszeg\u0171 j\u00e1t\u00e9kk\u00e9nt tekintenek a folyamatra.<br \/>\n&#8222;Nem arr\u00f3l van sz\u00f3, hogy az EU \u00e9s Oroszorsz\u00e1g elv\u00e1lt sz\u00fcl\u0151k m\u00f3dj\u00e1ra veszekszik, hogy kin\u00e9l maradjon a gyerek&#8221; &#8211; fejtette ki a tisztvisel\u0151, hogy az EU c\u00e9lja az, hogy a Keleti Partners\u00e9gben r\u00e9szt vev\u0151 hat orsz\u00e1gnak az EU-val \u00e9s Oroszorsz\u00e1ggal is j\u00f3 legyen a kapcsolata, tov\u00e1bb\u00e1, hogy ez Br\u00fcsszel \u00e9s Moszkva viszony\u00e1r\u00f3l is elmondhat\u00f3 legyen. Mindek\u00f6zben term\u00e9szetesen nem mondhatunk le arr\u00f3l, hogy elv\u00e1rjuk eur\u00f3pai \u00e9rt\u00e9keink, a demokr\u00e1cia, a jog\u00e1llamis\u00e1g \u00e9s az alapvet\u0151 szabads\u00e1gjogok \u00e9rv\u00e9nyes\u00fcl\u00e9s\u00e9t &#8211; h\u00fazta al\u00e1 a diplomata, aki szerint az Ukrajn\u00e1val k\u00f6tend\u0151 t\u00e1rsul\u00e1si \u00e9s szabadkereskedelmi meg\u00e1llapod\u00e1s miatt Ukrajna fejl\u0151d\u00e9snek indulna, \u00e9s Oroszorsz\u00e1ggal is b\u0151v\u00fcln\u00e9nek kereskedelmi kapcsolatai, vagyis ilyen \u00e9rtelemben ezzel Moszkva is csak nyerne. Ha csak Oroszorsz\u00e1g m\u00e1sk\u00e9nt nem d\u00f6nt &#8211; k\u00f6z\u00f6lte az uni\u00f3s forr\u00e1s.<br \/>\nJulija Timosenko \u00fcgy\u00e9vel kapcsolatban \u00fagy v\u00e9lekedett, hogy a t\u00e1rsul\u00e1si folyamat ukr\u00e1n befagyaszt\u00e1sa lehet\u0151s\u00e9get teremt arra, hogy az am\u00fagy a meg\u00e1llapod\u00e1s \u00fatj\u00e1ban \u00e1ll\u00f3, &#8222;m\u00e9g nem t\u00f6k\u00e9letesen kiel\u00e9g\u00edt\u0151 m\u00f3don teljes\u00edtett&#8221; felt\u00e9telek k\u00e9rd\u00e9s\u00e9t rendezni lehessen, \u00edgy azok m\u00e1r a j\u00f6v\u0151ben ne jelentsenek majd akad\u00e1lyt, ha Kijev a folyamat fel\u00faj\u00edt\u00e1s\u00e1r\u00f3l d\u00f6nt.<br \/>\nA h\u00e9t m\u00e1sodik fel\u00e9ben, Vilniusban megtartott Keleti Partners\u00e9g cs\u00facsr\u00f3l kijelentette, hogy b\u00e1r annak egy\u00e9rtelm\u0171en az ukr\u00e1n meg\u00e1llapod\u00e1s al\u00e1\u00edr\u00e1sa lett volna a f\u00e9nypontja, mindazon\u00e1ltal a t\u00f6bbi orsz\u00e1g is al\u00e1\u00edr illetve paraf\u00e1l bizonyos meg\u00e1llapod\u00e1sokat, amelyek sz\u00e1mukra ugyanakkora jelent\u0151s\u00e9ggel b\u00edrnak.(MTI)<\/p>\n","protected":false},"excerpt":{"rendered":"<p>Nem \u00e9rte teljesen v\u00e1ratlanul az uni\u00f3s diplomat\u00e1kat, hogy az utols\u00f3 pillanatban hatalmas k\u00fcls\u0151 nyom\u00e1s nehezedett Kijevre, noha minden okuk megvolt, hogy b\u00edzzanak abban, hogy az ukr\u00e1nok al\u00e1 fogj\u00e1k \u00edrni a t\u00e1rsul\u00e1si \u00e9s szabadkereskedelmi meg\u00e1llapod\u00e1st a vilniusi Keleti Partners\u00e9g-cs\u00facstal\u00e1lkoz\u00f3n &#8211; mondta az MTI k\u00e9rd\u00e9s\u00e9re v\u00e1laszolva egy neve elhallgat\u00e1s\u00e1t k\u00e9r\u0151 magas rang\u00fa uni\u00f3s tisztvisel\u0151.<\/p>\n","protected":false},"author":1,"featured_media":0,"comment_status":"open","ping_status":"closed","sticky":false,"template":"","format":"standard","meta":[],"categories":[12],"tags":[],"_links":{"self":[{"href":"https:\/\/gazdasagportal.hu\/index.php\/wp-json\/wp\/v2\/posts\/22022"}],"collection":[{"href":"https:\/\/gazdasagportal.hu\/index.php\/wp-json\/wp\/v2\/posts"}],"about":[{"href":"https:\/\/gazdasagportal.hu\/index.php\/wp-json\/wp\/v2\/types\/post"}],"author":[{"embeddable":true,"href":"https:\/\/gazdasagportal.hu\/index.php\/wp-json\/wp\/v2\/users\/1"}],"replies":[{"embeddable":true,"href":"https:\/\/gazdasagportal.hu\/index.php\/wp-json\/wp\/v2\/comments?post=22022"}],"version-history":[{"count":1,"href":"https:\/\/gazdasagportal.hu\/index.php\/wp-json\/wp\/v2\/posts\/22022\/revisions"}],"predecessor-version":[{"id":22023,"href":"https:\/\/gazdasagportal.hu\/index.php\/wp-json\/wp\/v2\/posts\/22022\/revisions\/22023"}],"wp:attachment":[{"href":"https:\/\/gazdasagportal.hu\/index.php\/wp-json\/wp\/v2\/media?parent=22022"}],"wp:term":[{"taxonomy":"category","embeddable":true,"href":"https:\/\/gazdasagportal.hu\/index.php\/wp-json\/wp\/v2\/categories?post=22022"},{"taxonomy":"post_tag","embeddable":true,"href":"https:\/\/gazdasagportal.hu\/index.php\/wp-json\/wp\/v2\/tags?post=22022"}],"curies":[{"name":"wp","href":"https:\/\/api.w.org\/{rel}","templated":true}]}}