{"id":22015,"date":"2013-11-26T11:24:27","date_gmt":"2013-11-26T10:24:27","guid":{"rendered":"http:\/\/stockportal.hu\/?p=22015"},"modified":"2013-11-26T11:24:27","modified_gmt":"2013-11-26T10:24:27","slug":"a-bosch-eladja-arnstadti-gyaranak-egy-reszet-hatvanbol-athelyezik-egy-termek-gyartasat","status":"publish","type":"post","link":"https:\/\/gazdasagportal.hu\/index.php\/a-bosch-eladja-arnstadti-gyaranak-egy-reszet-hatvanbol-athelyezik-egy-termek-gyartasat\/","title":{"rendered":"A Bosch eladja arnstadti gy\u00e1r\u00e1nak egy r\u00e9sz\u00e9t, Hatvanb\u00f3l \u00e1thelyezik egy term\u00e9k gy\u00e1rt\u00e1s\u00e1t"},"content":{"rendered":"<p><strong>A Bosch eladja a n\u00e9metorsz\u00e1gi Arnstadtban m\u0171k\u00f6d\u0151 gy\u00e1r\u00e1nak egy r\u00e9sz\u00e9t, ugyanakkor egy g\u00e9pj\u00e1rm\u0171-elektronikai term\u00e9k gy\u00e1rt\u00e1s\u00e1t Hatvanb\u00f3l Arnstadtba telep\u00edti \u00e1t. A l\u00e9p\u00e9s a hatvani gy\u00e1rban 120 embert \u00e9rint, akiknek azonnal m\u00e1s munkalehet\u0151s\u00e9get biztos\u00edtanak a hatvani gy\u00e1ron bel\u00fcl &#8211; k\u00f6z\u00f6lte a Bosch kedden.<!--more--><\/strong><\/p>\n<p>Ficzere Ferenc, a magyarorsz\u00e1gi Bosch-csoport kommunik\u00e1ci\u00f3s igazgat\u00f3ja az MTI-nek elmondta: a folyamat 2014 v\u00e9g\u00e9ig zajlik le, \u00e9s a t\u00f6bb mint 4000 munkav\u00e1llal\u00f3t foglalkoztat\u00f3 hatvani gy\u00e1rban 120-an dolgoznak az \u00e9rintett gy\u00e1rt\u00f3soron. Ezeknek a munkav\u00e1llal\u00f3knak a gy\u00e1ron bel\u00fcl azonnal m\u00e1s munk\u00e1t biztos\u00edtanak, \u00e9s \u00e1tk\u00e9pz\u00e9s\u00fcket is biztos\u00edtj\u00e1k &#8211; hangs\u00falyozta.<br \/>\nA Bosch k\u00f6zlem\u00e9nye szerint 2014-ben az \u00e1tszervez\u00e9s ellen\u00e9re a Bosch a hatvani gy\u00e1rban tov\u00e1bbra is l\u00e9tsz\u00e1mn\u00f6veked\u00e9st tervez, fenntartva a hatvani Bosch vezet\u0151 szerep\u00e9t a g\u00e9pj\u00e1rm\u0171-elektronika ipar\u00e1gban.<br \/>\nAz 1998-ban alap\u00edtott hatvani gy\u00e1rt\u00f3\u00fczem a Bosch-csoport aut\u00f3elektronikai div\u00edzi\u00f3j\u00e1nak legnagyobb gy\u00e1rt\u00f3 k\u00f6zpontja a vil\u00e1gon. Els\u0151sorban vez\u00e9rl\u0151 elektronik\u00e1kat gy\u00e1rtanak automata sebess\u00e9gv\u00e1lt\u00f3hoz, ABS-hez, l\u00e9gzs\u00e1khoz, elektrohidraulikus szerv\u00f3hoz, karossz\u00e9riaelektronik\u00e1hoz, fed\u00e9lzeti sz\u00e1m\u00edt\u00f3g\u00e9phez, valamint ESP \u00e9s tolat\u00f3radar szenzorokat \u00e9s komplett m\u0171szerfalakat is.<br \/>\nA Bosch keddi k\u00f6zlem\u00e9ny\u00e9ben eml\u00e9keztet: 2013 m\u00e1rcius\u00e1ban jelentette be, hogy megsz\u00fcnteti tev\u00e9kenys\u00e9g\u00e9t a krist\u00e1lyos napelem szektorban. A lehets\u00e9ges legt\u00f6bb munkahely megtart\u00e1sa \u00e9rdek\u00e9ben sz\u00e9les k\u00f6rben kerestek befektet\u0151ket, els\u0151sorban a kiz\u00e1r\u00f3lag napelem-technol\u00f3gi\u00e1val foglalkoz\u00f3 v\u00e1llalatok k\u00f6z\u00f6tt, de megkerestek sz\u00e1mos \u00e1gazaton k\u00edv\u00fcli c\u00e9get is.<br \/>\nEnnek a folyamatnak a keret\u00e9ben a keddi bejelent\u00e9s szerint a Bosch a cell\u00e1k \u00e9s modulok arnstadti gy\u00e1rt\u00e1s\u00e1nak elad\u00e1s\u00e1t tervezi a SolarWorld AG r\u00e9sz\u00e9re. A vev\u0151 k\u00f6r\u00fclbel\u00fcl 800 dolgoz\u00f3t k\u00edv\u00e1n foglalkoztatni, az err\u0151l sz\u00f3l\u00f3 szerz\u0151d\u00e9st a felek kedden \u00edrt\u00e1k al\u00e1. A gy\u00e1r egy r\u00e9sz\u00e9t egy tov\u00e1bbi befektet\u0151 tervezi kib\u00e9relni gy\u00f3gyszeripari term\u00e9kek gy\u00e1rt\u00e1s\u00e1ra, \u00e9s ezzel k\u00f6r\u00fclbel\u00fcl 100 munkahelyet hoz l\u00e9tre, m\u00e1r az err\u0151l sz\u00f3l\u00f3 sz\u00e1nd\u00e9knyilatkozatot is al\u00e1\u00edrt\u00e1k.<br \/>\nAz arnstadti telephely fennmarad\u00f3 r\u00e9sz\u00e9ben a Bosch a j\u00f6v\u0151ben aut\u00f3ipari term\u00e9k gy\u00e1rt\u00e1s\u00e1t tervezi a k\u00f6zlem\u00e9ny szerint, \u00edgy egy g\u00e9pj\u00e1rm\u0171-elektronikai term\u00e9k gy\u00e1rt\u00e1s\u00e1t Hatvanb\u00f3l a n\u00e9metorsz\u00e1gi v\u00e1rosba telep\u00edti. A Bosch hozz\u00e1f\u0171zi: a m\u00e9g fenn\u00e1ll\u00f3 kereskedelmi \u00e9s szervizk\u00f6telezetts\u00e9gek teljes\u00edt\u00e9s\u00e9re \u00faj c\u00e9get k\u00edv\u00e1n l\u00e9trehozni, ezzel k\u00f6z\u00e9pt\u00e1von tov\u00e1bbi 250 munkahely marad meg.<br \/>\nA SolarWorld az arnstadti gy\u00e1rra vonatkoz\u00f3 \u00fczleti tervet dolgozott ki, amelyben az arnstadti telephelynek a SolarWorld c\u00e9gcsoporton bel\u00fcl k\u00f6zponti \u00e9s hossz\u00fa t\u00e1v\u00fa szerepet sz\u00e1n. A megval\u00f3s\u00edt\u00e1s \u00e9rdek\u00e9ben a Bosch miel\u0151bb megkezdi a t\u00e1rgyal\u00e1sokat a munkav\u00e1llal\u00f3k k\u00e9pvisel\u0151ivel.<br \/>\n&#8222;Az 1500 munkav\u00e1llal\u00f3b\u00f3l v\u00e1rhat\u00f3an k\u00f6r\u00fclbel\u00fcl 1100 f\u0151 sz\u00e1m\u00e1ra tudunk munk\u00e1t k\u00edn\u00e1lni. A t\u00e1rgyal\u00e1si folyamat hosszadalmas volt, de ha a megegyez\u00e9s a terv szerint megval\u00f3sul, a dolgoz\u00f3k nagy r\u00e9sz\u00e9nek siker\u00fcl\u00a0\u00a0perspekt\u00edv\u00e1t teremten\u00fcnk. Ennek el\u00e9r\u00e9s\u00e9re sok id\u0151t \u00e9s p\u00e9nzt sz\u00e1ntunk&#8221; &#8211; id\u00e9zi a k\u00f6zlem\u00e9ny Volkmar Dennert, a Robert Bosch GmbH igazgat\u00f3tan\u00e1cs\u00e1nak eln\u00f6k\u00e9t.<br \/>\nA Bosch k\u00f6z\u00f6lte azt is, hogy a v\u00e9nissieux-i (Franciaorsz\u00e1g) modulgy\u00e1rra hasonl\u00f3 megold\u00e1sokat keres: t\u00e1rgyal\u00e1sokat folytat a napelemszektorhoz, valamint m\u00e1s \u00e1gazatokhoz tartoz\u00f3 befektet\u0151kkel, \u00e9s itt is vizsg\u00e1lja, hogy a j\u00f6v\u0151ben a telephelyen gy\u00e1rthat\u00f3-e m\u00e1s \u00fczlet\u00e1g term\u00e9ke.<br \/>\nA 2013. m\u00e1rciusi bejelent\u00e9snek megfelel\u0151en a Brandenburgban m\u0171k\u00f6d\u0151 Bosch Solar CIS Tech GmbH \u00e9s a hamburgi Bosch Power Tec GmbH v\u00e1ltozatlanul folytatja tev\u00e9kenys\u00e9g\u00e9t &#8211; olvashat\u00f3 a k\u00f6zlem\u00e9nyben.(MTI)<\/p>\n","protected":false},"excerpt":{"rendered":"<p>A Bosch eladja a n\u00e9metorsz\u00e1gi Arnstadtban m\u0171k\u00f6d\u0151 gy\u00e1r\u00e1nak egy r\u00e9sz\u00e9t, ugyanakkor egy g\u00e9pj\u00e1rm\u0171-elektronikai term\u00e9k gy\u00e1rt\u00e1s\u00e1t Hatvanb\u00f3l Arnstadtba telep\u00edti \u00e1t. A l\u00e9p\u00e9s a hatvani gy\u00e1rban 120 embert \u00e9rint, akiknek azonnal m\u00e1s munkalehet\u0151s\u00e9get biztos\u00edtanak a hatvani gy\u00e1ron bel\u00fcl &#8211; k\u00f6z\u00f6lte a Bosch kedden.<\/p>\n","protected":false},"author":1,"featured_media":0,"comment_status":"open","ping_status":"closed","sticky":false,"template":"","format":"standard","meta":[],"categories":[19],"tags":[],"_links":{"self":[{"href":"https:\/\/gazdasagportal.hu\/index.php\/wp-json\/wp\/v2\/posts\/22015"}],"collection":[{"href":"https:\/\/gazdasagportal.hu\/index.php\/wp-json\/wp\/v2\/posts"}],"about":[{"href":"https:\/\/gazdasagportal.hu\/index.php\/wp-json\/wp\/v2\/types\/post"}],"author":[{"embeddable":true,"href":"https:\/\/gazdasagportal.hu\/index.php\/wp-json\/wp\/v2\/users\/1"}],"replies":[{"embeddable":true,"href":"https:\/\/gazdasagportal.hu\/index.php\/wp-json\/wp\/v2\/comments?post=22015"}],"version-history":[{"count":1,"href":"https:\/\/gazdasagportal.hu\/index.php\/wp-json\/wp\/v2\/posts\/22015\/revisions"}],"predecessor-version":[{"id":22016,"href":"https:\/\/gazdasagportal.hu\/index.php\/wp-json\/wp\/v2\/posts\/22015\/revisions\/22016"}],"wp:attachment":[{"href":"https:\/\/gazdasagportal.hu\/index.php\/wp-json\/wp\/v2\/media?parent=22015"}],"wp:term":[{"taxonomy":"category","embeddable":true,"href":"https:\/\/gazdasagportal.hu\/index.php\/wp-json\/wp\/v2\/categories?post=22015"},{"taxonomy":"post_tag","embeddable":true,"href":"https:\/\/gazdasagportal.hu\/index.php\/wp-json\/wp\/v2\/tags?post=22015"}],"curies":[{"name":"wp","href":"https:\/\/api.w.org\/{rel}","templated":true}]}}