{"id":2201,"date":"2013-02-06T14:14:20","date_gmt":"2013-02-06T13:14:20","guid":{"rendered":"http:\/\/stockportal.hu\/?p=2201"},"modified":"2013-02-06T14:14:20","modified_gmt":"2013-02-06T13:14:20","slug":"a-nemet-kormany-a-bankok-lakossagi-es-befektetesi-uzletaganak-szetvalasztasat-kezdemenyezi","status":"publish","type":"post","link":"https:\/\/gazdasagportal.hu\/index.php\/a-nemet-kormany-a-bankok-lakossagi-es-befektetesi-uzletaganak-szetvalasztasat-kezdemenyezi\/","title":{"rendered":"A n\u00e9met korm\u00e1ny a bankok lakoss\u00e1gi \u00e9s befektet\u00e9si \u00fczlet\u00e1g\u00e1nak sz\u00e9tv\u00e1laszt\u00e1s\u00e1t kezdem\u00e9nyezi"},"content":{"rendered":"<p><strong>A kock\u00e1zatos befektet\u00e9si tev\u00e9kenys\u00e9g \u00e9s a hagyom\u00e1nyos lakoss\u00e1gi \u00fczlet\u00e1g sz\u00e9tv\u00e1laszt\u00e1s\u00e1ra k\u00f6telezn\u00e9 a nagyobb bankokat \u00e9s biztos\u00edt\u00f3kat a n\u00e9met korm\u00e1ny egy szerd\u00e1n elfogadott javaslata, amely az \u00fajabb p\u00e9nz\u00fcgyi v\u00e1ls\u00e1gok megel\u0151z\u00e9s\u00e9t c\u00e9lz\u00f3 int\u00e9zked\u00e9seket foglalja \u00f6ssze \u00e9s legkor\u00e1bban 2014-ben l\u00e9phet \u00e9rv\u00e9nybe.<!--more--><\/strong><\/p>\n<p>A t\u00f6rv\u00e9nyjavaslat szerint a rendk\u00edv\u00fcl kock\u00e1zatosnak \u00edt\u00e9lt tev\u00e9kenys\u00e9geket, k\u00f6zt\u00fck a spekulat\u00edv befektet\u00e9si alapokkal kapcsolatos \u00fcgyleteket \u00e9s az \u00fagynevezett saj\u00e1t sz\u00e1ml\u00e1s keresked\u00e9st (ppt) akkor kellene elv\u00e1lasztani a lakoss\u00e1gi \u00fczlet\u00e1gt\u00f3l, ha az ilyen tev\u00e9kenys\u00e9gek volumene meghaladja a 100 milli\u00f3 eur\u00f3t vagy pedig a m\u00e9rlegf\u0151\u00f6sszeg 20 sz\u00e1zal\u00e9k\u00e1t. A rendszerszint\u0171 fontoss\u00e1ggal b\u00edr\u00f3 &#8211; cs\u0151d eset\u00e9n a p\u00e9nz\u00fcgyi rendszer stabilit\u00e1s\u00e1t\u00a0\u00a0fenyeget\u0151 &#8211; hitelint\u00e9zeteknek tov\u00e1bb\u00e1 szan\u00e1l\u00e1si, illetve felsz\u00e1mol\u00e1si tervet, &#8222;v\u00e9grendeletet&#8221; kell k\u00e9sz\u00edteni\u00fck. A javaslat harmadik f\u0151 eleme a bankmenedzserek b\u00fcntet\u0151jogi felel\u0151ss\u00e9gre von\u00e1s\u00e1nak lehet\u0151s\u00e9g\u00e9t sz\u00e9les\u00edti.<br \/>\nWolfgang Sch\u00e4uble p\u00e9nz\u00fcgyminiszter szerint a korm\u00e1ny a javaslattal levonja a p\u00e9nz\u00fcgyi v\u00e1ls\u00e1g tanuls\u00e1gait. Az int\u00e9zked\u00e9sek c\u00e9lja a bet\u00e9tesek v\u00e9delme \u00e9s annak biztos\u00edt\u00e1sa, hogy ne az ad\u00f3fizet\u0151k p\u00e9nz\u00e9b\u0151l kelljen kimenteni bankokat a bajb\u00f3l. Valamennyi p\u00e9nz\u00fcgyi piacot, piaci szerepl\u0151t \u00e9s p\u00e9nz\u00fcgyi term\u00e9ket szab\u00e1lyozni kell az \u00fajabb v\u00e1ls\u00e1gok megel\u0151z\u00e9se \u00e9rdek\u00e9ben &#8211; emelte ki a miniszter szerdai berlini sajt\u00f3t\u00e1j\u00e9koztat\u00f3j\u00e1n.<br \/>\nN\u00e9metorsz\u00e1g a bankrendszer reformj\u00e1r\u00f3l az Eur\u00f3pai Bizotts\u00e1g felk\u00e9r\u00e9s\u00e9re k\u00e9sz\u00fclt szak\u00e9rt\u0151i aj\u00e1nl\u00e1st k\u00f6veti, ha a t\u00f6rv\u00e9nyhoz\u00e1s elfogadja a javaslatot. A tavaly okt\u00f3berben bemutatott jelent\u00e9s elemei k\u00f6r\u00fcl nincs egyet\u00e9rt\u00e9s az uni\u00f3ban.<br \/>\nA n\u00e9met bankszakma t\u00falz\u00f3nak tartja a javaslatot. Az egyoldal\u00faan, uni\u00f3s konszenzus n\u00e9lk\u00fcl bevezetett szigor\u00edt\u00e1s csak a n\u00e9met p\u00e9nz\u00fcgyi szf\u00e9ra versenyk\u00e9pess\u00e9g\u00e9t rontan\u00e1, ez\u00e9rt &#8222;\u00e9rthetetlen, hogy N\u00e9metorsz\u00e1g mi\u00e9rt szalad el\u0151re&#8221; &#8211; mondta Michael Kemmer, a n\u00e9met banksz\u00f6vets\u00e9g \u00fcgyvezet\u0151je a Deutschlandfunk k\u00f6zszolg\u00e1lati r\u00e1di\u00f3nak.<br \/>\nAz ellenz\u00e9k szerint a javaslat t\u00fal gyenge, \u00e9s nem m\u00e1s, mint az \u0151szi v\u00e1laszt\u00e1sokra k\u00e9sz\u00fcl\u0151 korm\u00e1nyp\u00e1rtok kamp\u00e1nyfog\u00e1sa. A javaslat nem orvosolja a p\u00e9nz\u00fcgyi rendszer bajait, mert csak egy &#8222;kamp\u00e1nyc\u00e9l\u00fa placebo&#8221; &#8211; mondta Gerhard Schick, a Z\u00f6ldek parlamenti frakci\u00f3j\u00e1nak p\u00e9nz\u00fcgy-politikai sz\u00f3viv\u0151je. (MTI)<\/p>\n","protected":false},"excerpt":{"rendered":"<p>A kock\u00e1zatos befektet\u00e9si tev\u00e9kenys\u00e9g \u00e9s a hagyom\u00e1nyos lakoss\u00e1gi \u00fczlet\u00e1g sz\u00e9tv\u00e1laszt\u00e1s\u00e1ra k\u00f6telezn\u00e9 a nagyobb bankokat \u00e9s biztos\u00edt\u00f3kat a n\u00e9met korm\u00e1ny egy szerd\u00e1n elfogadott javaslata, amely az \u00fajabb p\u00e9nz\u00fcgyi v\u00e1ls\u00e1gok megel\u0151z\u00e9s\u00e9t c\u00e9lz\u00f3 int\u00e9zked\u00e9seket foglalja \u00f6ssze \u00e9s legkor\u00e1bban 2014-ben l\u00e9phet \u00e9rv\u00e9nybe.<\/p>\n","protected":false},"author":1,"featured_media":0,"comment_status":"closed","ping_status":"closed","sticky":false,"template":"","format":"standard","meta":[],"categories":[12],"tags":[],"_links":{"self":[{"href":"https:\/\/gazdasagportal.hu\/index.php\/wp-json\/wp\/v2\/posts\/2201"}],"collection":[{"href":"https:\/\/gazdasagportal.hu\/index.php\/wp-json\/wp\/v2\/posts"}],"about":[{"href":"https:\/\/gazdasagportal.hu\/index.php\/wp-json\/wp\/v2\/types\/post"}],"author":[{"embeddable":true,"href":"https:\/\/gazdasagportal.hu\/index.php\/wp-json\/wp\/v2\/users\/1"}],"replies":[{"embeddable":true,"href":"https:\/\/gazdasagportal.hu\/index.php\/wp-json\/wp\/v2\/comments?post=2201"}],"version-history":[{"count":1,"href":"https:\/\/gazdasagportal.hu\/index.php\/wp-json\/wp\/v2\/posts\/2201\/revisions"}],"predecessor-version":[{"id":2202,"href":"https:\/\/gazdasagportal.hu\/index.php\/wp-json\/wp\/v2\/posts\/2201\/revisions\/2202"}],"wp:attachment":[{"href":"https:\/\/gazdasagportal.hu\/index.php\/wp-json\/wp\/v2\/media?parent=2201"}],"wp:term":[{"taxonomy":"category","embeddable":true,"href":"https:\/\/gazdasagportal.hu\/index.php\/wp-json\/wp\/v2\/categories?post=2201"},{"taxonomy":"post_tag","embeddable":true,"href":"https:\/\/gazdasagportal.hu\/index.php\/wp-json\/wp\/v2\/tags?post=2201"}],"curies":[{"name":"wp","href":"https:\/\/api.w.org\/{rel}","templated":true}]}}