{"id":21968,"date":"2013-11-26T07:08:53","date_gmt":"2013-11-26T06:08:53","guid":{"rendered":"http:\/\/stockportal.hu\/?p=21968"},"modified":"2013-11-26T06:12:14","modified_gmt":"2013-11-26T05:12:14","slug":"obama-vedelmebe-vette-az-irannal-kotott-atmeneti-alkut","status":"publish","type":"post","link":"https:\/\/gazdasagportal.hu\/index.php\/obama-vedelmebe-vette-az-irannal-kotott-atmeneti-alkut\/","title":{"rendered":"Obama v\u00e9delm\u00e9be vette az Ir\u00e1nnal k\u00f6t\u00f6tt \u00e1tmeneti alkut"},"content":{"rendered":"<p><strong>V\u00e9delm\u00e9be vette az ir\u00e1ni nukle\u00e1ris programr\u00f3l al\u00e1\u00edrt \u00e1tmeneti meg\u00e1llapod\u00e1st h\u00e9tf\u0151n San Francisc\u00f3ban Barack Obama amerikai eln\u00f6k, \u00e9s egyben kifejtette a diplom\u00e1cia szerep\u00e9vel kapcsolatos \u00e1ll\u00e1spontj\u00e1t is.<!--more--><\/strong><\/p>\n<p>Az eln\u00f6k szerint a genfi meg\u00e1llapod\u00e1s az els\u0151 l\u00e9p\u00e9st jelenti az ir\u00e1ni nukle\u00e1ris programmal kapcsolatos amerikai agg\u00e1lyok megold\u00e1sa fel\u00e9. Eml\u00e9keztetett r\u00e1: els\u0151 eln\u00f6kv\u00e1laszt\u00e1si kamp\u00e1nya idej\u00e9n kijelentette, hogy az amerikai vezet\u0151 szerep \u00faj korszaka \u00e9rkezett el, amely Irakban \u00e9s Afganiszt\u00e1nban lez\u00e1rja h\u00e1bor\u00fa \u00e9vtized\u00e9t.<br \/>\n&#8222;A F\u00f6ld leger\u0151sebb \u00e9s leghatalmasabb nemzetek\u00e9nt realista \u00e9s elvi diplom\u00e1ci\u00e1ba kezdt\u00fcnk m\u00e9g az ellens\u00e9geinkkel is, hogy megkezdj\u00fck Sz\u00edria vegyi fegyvereinek elpuszt\u00edt\u00e1s\u00e1t \u00e9s hogy egy \u00e9vtized ut\u00e1n el\u0151sz\u00f6r val\u00f3di korl\u00e1tok k\u00f6z\u00e9 szor\u00edtsuk Ir\u00e1n nukle\u00e1ris programj\u00e1t&#8221; &#8211; fogalmazott az eln\u00f6k.<br \/>\nObama hangs\u00falyozta, hogy szil\u00e1rdan hisz az \u00f6tven \u00e9ve meggyilkolt Kennedy eln\u00f6k szavaiban, miszerint &#8222;sohase t\u00e1rgyaljunk f\u00e9lelemb\u0151l, de sohase f\u00e9lj\u00fcnk t\u00e1rgyalni&#8221;. Az eln\u00f6k szerint a szankci\u00f3kkal is meger\u0151s\u00edtett diplom\u00e1ci\u00e1nak k\u00f6sz\u00f6nhet\u0151, hogy siker\u00fclt \u00fatj\u00e1t \u00e1llni az ir\u00e1ni atomprogram folytat\u00e1s\u00e1nak, s annak egyes kulcselemeit vissza fogj\u00e1k fejleszteni.<br \/>\nMint mondta, az ir\u00e1ni nukle\u00e1ris l\u00e9tes\u00edtm\u00e9nyek szigor\u00fa ellen\u0151rz\u00e9se mellett folytat\u00f3dnak majd a diplom\u00e1ciai er\u0151fesz\u00edt\u00e9sek egy olyan, \u00e1tfog\u00f3 megold\u00e1s \u00e9rdek\u00e9ben, amely v\u00e9gleg szertefoszlathatja az ir\u00e1ni nukle\u00e1ris programmal kapcsolatos aggodalmakat. Barack Obama szerint ha Ir\u00e1n \u00e9l a lehet\u0151s\u00e9ggel \u00e9s csatlakozik a nemzetk\u00f6zi k\u00f6z\u00f6ss\u00e9ghez, akkor elkezd\u0151dhet a Washington \u00e9s a Teher\u00e1n k\u00f6z\u00f6tt kialakult bizalmatlans\u00e1g felsz\u00e1mol\u00e1sa.<br \/>\n&#8222;Ebb\u0151l semmi sem megy majd k\u00f6nnyen. Hatalmas kih\u00edv\u00e1sok maradtak m\u00e9g, de nem csukhatjuk be a diplom\u00e1cia ajtaj\u00e1t, \u00e9s nem z\u00e1rhatjuk ki a vil\u00e1g probl\u00e9m\u00e1inak b\u00e9k\u00e9s megold\u00e1s\u00e1t. Nem k\u00f6telezhetj\u00fck el magunkat a konfliktus v\u00e9gtelen ciklusa mellett. A kem\u00e9ny besz\u00e9d \u00e9s a fenyeget\u0151z\u00e9s politikai szempontb\u00f3l k\u00f6nny\u0171nek t\u0171nhet, de nem ez a helyes a biztons\u00e1gunk szempontj\u00e1b\u00f3l&#8221; &#8211; mondta az amerikai eln\u00f6k.<br \/>\nAz ir\u00e1ni nukle\u00e1ris programr\u00f3l megk\u00f6t\u00f6tt \u00e1tmeneti meg\u00e1llapod\u00e1ssal kapcsolatban tov\u00e1bbra is ellent\u00e9tes v\u00e9lem\u00e9nyek l\u00e1tnak napvil\u00e1got az amerikai sajt\u00f3ban. A liber\u00e1lis The New York Times vez\u00e9rcikke szerint p\u00e9ld\u00e1ul &#8222;senki sem vitathatja komolyan&#8221;, hogy az ideiglenes meg\u00e1llapod\u00e1s biztons\u00e1gosabb\u00e1 tette a vil\u00e1got. A konzervat\u00edv The Wall Street Journal ezzel szemben azt \u00e1ll\u00edtotta, hogy Ir\u00e1n az egyezs\u00e9gnek k\u00f6sz\u00f6nhet\u0151en &#8222;\u00f3ri\u00e1si l\u00e9p\u00e9st tett afel\u00e9, hogy de facto nukle\u00e1ris hatalomm\u00e1 v\u00e1ljon&#8221;.(MTI)<\/p>\n","protected":false},"excerpt":{"rendered":"<p>V\u00e9delm\u00e9be vette az ir\u00e1ni nukle\u00e1ris programr\u00f3l al\u00e1\u00edrt \u00e1tmeneti meg\u00e1llapod\u00e1st h\u00e9tf\u0151n San Francisc\u00f3ban Barack Obama amerikai eln\u00f6k, \u00e9s egyben kifejtette a diplom\u00e1cia szerep\u00e9vel kapcsolatos \u00e1ll\u00e1spontj\u00e1t is.<\/p>\n","protected":false},"author":1,"featured_media":680,"comment_status":"open","ping_status":"closed","sticky":false,"template":"","format":"standard","meta":[],"categories":[16],"tags":[],"_links":{"self":[{"href":"https:\/\/gazdasagportal.hu\/index.php\/wp-json\/wp\/v2\/posts\/21968"}],"collection":[{"href":"https:\/\/gazdasagportal.hu\/index.php\/wp-json\/wp\/v2\/posts"}],"about":[{"href":"https:\/\/gazdasagportal.hu\/index.php\/wp-json\/wp\/v2\/types\/post"}],"author":[{"embeddable":true,"href":"https:\/\/gazdasagportal.hu\/index.php\/wp-json\/wp\/v2\/users\/1"}],"replies":[{"embeddable":true,"href":"https:\/\/gazdasagportal.hu\/index.php\/wp-json\/wp\/v2\/comments?post=21968"}],"version-history":[{"count":1,"href":"https:\/\/gazdasagportal.hu\/index.php\/wp-json\/wp\/v2\/posts\/21968\/revisions"}],"predecessor-version":[{"id":21969,"href":"https:\/\/gazdasagportal.hu\/index.php\/wp-json\/wp\/v2\/posts\/21968\/revisions\/21969"}],"wp:featuredmedia":[{"embeddable":true,"href":"https:\/\/gazdasagportal.hu\/index.php\/wp-json\/wp\/v2\/media\/680"}],"wp:attachment":[{"href":"https:\/\/gazdasagportal.hu\/index.php\/wp-json\/wp\/v2\/media?parent=21968"}],"wp:term":[{"taxonomy":"category","embeddable":true,"href":"https:\/\/gazdasagportal.hu\/index.php\/wp-json\/wp\/v2\/categories?post=21968"},{"taxonomy":"post_tag","embeddable":true,"href":"https:\/\/gazdasagportal.hu\/index.php\/wp-json\/wp\/v2\/tags?post=21968"}],"curies":[{"name":"wp","href":"https:\/\/api.w.org\/{rel}","templated":true}]}}