{"id":21957,"date":"2013-11-25T21:37:41","date_gmt":"2013-11-25T20:37:41","guid":{"rendered":"http:\/\/stockportal.hu\/?p=21957"},"modified":"2013-11-25T20:33:19","modified_gmt":"2013-11-25T19:33:19","slug":"megtorte-a-hallgatast-az-ukran-elnok-timosenko-pedig-ehsegsztrajkba-kezdett","status":"publish","type":"post","link":"https:\/\/gazdasagportal.hu\/index.php\/megtorte-a-hallgatast-az-ukran-elnok-timosenko-pedig-ehsegsztrajkba-kezdett\/","title":{"rendered":"Megt\u00f6rte a hallgat\u00e1st az ukr\u00e1n eln\u00f6k, Timosenko pedig \u00e9hs\u00e9gsztr\u00e1jkba kezdett"},"content":{"rendered":"<p><strong>Viktor Janukovics eln\u00f6k megt\u00f6rve a hallgat\u00e1st, h\u00e9tf\u0151n nyilatkozatban k\u00e9rte az ukr\u00e1n \u00e1llampolg\u00e1rok meg\u00e9rt\u00e9s\u00e9t Ukrajna EU-t\u00e1rsul\u00e1si folyamat\u00e1nak le\u00e1ll\u00edt\u00e1s\u00e1\u00e9rt.<!--more--><\/strong><\/p>\n<p>&#8222;Id\u0151nk\u00e9nt neh\u00e9z d\u00f6nt\u00e9seket kell meghoznom. Ez n\u00e9ha azzal a kock\u00e1zattal j\u00e1r, hogy nem \u00e9rtenek meg engem. \u00c9s \u00e9ppen ez\u00e9rt azt k\u00e9rem ma a n\u00e9p\u00fcnkt\u0151l, hogy hallgasson meg engem szem\u00e9lyesen&#8221; &#8211; k\u00f6zvet\u00edtette az ukr\u00e1n \u00e1llamf\u0151 \u00fczenet\u00e9t sajt\u00f3szolg\u00e1lata.<br \/>\nLesz\u00f6gezte, hogy az eur\u00f3pai standardok szerinti t\u00e1rsadalom l\u00e9trehoz\u00e1s\u00e1nak nincs alternat\u00edv\u00e1ja Ukrajn\u00e1ban. &#8222;Az \u00e1ltalam k\u00e9pviselt politika ebben mindig k\u00f6vetkezetes volt, \u00e9s az is marad&#8221; &#8211; jelentette ki az eln\u00f6k. Hangs\u00falyozta: a reformok, amelyeket a vezet\u00e9s v\u00e9ghezvitt, bizony\u00edtj\u00e1k, hogy az orsz\u00e1g az eur\u00f3pai \u00faton halad. Olyan \u00e1llamot \u00e9p\u00edt\u00fcnk, amelyben az emberi jogok, a t\u00f6rv\u00e9ny el\u0151tti egyenl\u0151s\u00e9g, a v\u00e1laszt\u00e1s joga \u00e9s a szoci\u00e1lis biztons\u00e1g a legfontosabb \u00e9rt\u00e9kek mindenki sz\u00e1m\u00e1ra, f\u00fcggetlen\u00fcl att\u00f3l, mely r\u00e9gi\u00f3ban \u00e9l, \u00e9s melyik t\u00e9rre megy ki a v\u00e9lem\u00e9ny\u00e9t kinyilv\u00e1n\u00edtani &#8211; hangoztatta az eln\u00f6k. Mint fogalmazott, &#8222;senki nem lopja el az eur\u00f3pai Ukrajn\u00e1r\u00f3l sz\u00f3l\u00f3 \u00e1lmot&#8221;.<br \/>\nHozz\u00e1tette ugyanakkor, hogy &#8222;tisztess\u00e9gtelen \u00e9s igazs\u00e1gtalan lenne&#8221;, ha nem gondoskodna a &#8222;legh\u00e1tr\u00e1nyosabb, legv\u00e9dtelenebb helyzetben l\u00e9v\u0151kr\u0151l&#8221;, akik a legink\u00e1bb megs\u00ednylen\u00e9k az \u00e1tmenet id\u0151szak\u00e1t.<br \/>\n&#8222;Nem lenne igazam, ha nem tenn\u00e9k meg mindent, amit meg kell tennem az\u00e9rt, hogy az emberek ne vesz\u00edts\u00e9k el a munkahely\u00fcket, megkapj\u00e1k fizet\u00e9s\u00fcket, nyugd\u00edjukat, \u00f6szt\u00f6nd\u00edjukat&#8221; &#8211; jelentette ki. Hozz\u00e1tette, hogy nem hagyhatja magukra az embereket, ha bek\u00f6vetkezik &#8222;az \u00e9rz\u00e9kelt nyom\u00e1s hat\u00e1s\u00e1ra a termel\u00e9s le\u00e1ll\u00e1sa, \u00e9s milli\u00f3k ker\u00fclnek emiatt utc\u00e1ra&#8221;.<br \/>\n&#8222;Szeretn\u00e9m, ha a mi nagy ukr\u00e1n csal\u00e1dunkban b\u00e9ke \u00e9s nyugalom lenne. Mint apa, nem hagyhatom keny\u00e9r n\u00e9lk\u00fcl a csal\u00e1dot&#8221; &#8211; fogalmazott Janukovics.<br \/>\nAz \u00e1llamf\u0151 \u00edg\u00e9retet tett arra, hogy hamarosan telev\u00edzi\u00f3s interj\u00faban fejti ki b\u0151vebben \u00e1ll\u00e1spontj\u00e1t.<br \/>\nEk\u00f6zben Julija Timosenko beb\u00f6rt\u00f6nz\u00f6tt volt korm\u00e1nyf\u0151 bejelentette, hogy \u00e9hs\u00e9gsztr\u00e1jkot kezd az eur\u00f3pai integr\u00e1ci\u00f3\u00e9rt t\u00fcntet\u0151k ir\u00e1nti szolidarit\u00e1sa jel\u00e9\u00fcl. \u00dczent\u00e9ben kijelentette, boldog, hogy &#8222;ukr\u00e1nok sz\u00e1zezrei&#8221; vonultak utc\u00e1ra orsz\u00e1gszerte \u00e9s k\u00fclf\u00f6ld\u00f6n. Arra buzd\u00edtotta a t\u00fcntet\u0151ket, hogy &#8222;soha nem l\u00e1tott m\u00e9ret\u0171 lavin\u00e1t ind\u00edtsanak el&#8221;, s ne engedj\u00e9k, hogy &#8222;Janukovics tekint\u00e9lyelv\u0171 maffi\u00e1ja&#8221; t\u00f6nkretegye az \u00e9let\u00fcket. K\u00f6vetelte az \u00e1llamf\u0151t\u0151l, hogy \u00edrja al\u00e1 Ukrajna \u00e9s az Eur\u00f3pai Uni\u00f3 t\u00e1rsul\u00e1si meg\u00e1llapod\u00e1s\u00e1t.<br \/>\nLegut\u00f3bb a meggyeng\u00fclt eg\u00e9szs\u00e9gi \u00e1llapot\u00fa volt korm\u00e1nyf\u0151 a tavaly \u0151szi parlamenti v\u00e1laszt\u00e1sok ut\u00e1n kezdett \u00e9hs\u00e9gsztr\u00e1jkot a harkivi vasutas k\u00f3rh\u00e1zban, ahol rabk\u00e9nt kezelik. \u00cdgy tiltakozott akkor az ellenz\u00e9k szerinti v\u00e1laszt\u00e1si csal\u00e1sok miatt.(MTI)<\/p>\n","protected":false},"excerpt":{"rendered":"<p>Viktor Janukovics eln\u00f6k megt\u00f6rve a hallgat\u00e1st, h\u00e9tf\u0151n nyilatkozatban k\u00e9rte az ukr\u00e1n \u00e1llampolg\u00e1rok meg\u00e9rt\u00e9s\u00e9t Ukrajna EU-t\u00e1rsul\u00e1si folyamat\u00e1nak le\u00e1ll\u00edt\u00e1s\u00e1\u00e9rt.<\/p>\n","protected":false},"author":1,"featured_media":0,"comment_status":"open","ping_status":"closed","sticky":false,"template":"","format":"standard","meta":[],"categories":[12],"tags":[],"_links":{"self":[{"href":"https:\/\/gazdasagportal.hu\/index.php\/wp-json\/wp\/v2\/posts\/21957"}],"collection":[{"href":"https:\/\/gazdasagportal.hu\/index.php\/wp-json\/wp\/v2\/posts"}],"about":[{"href":"https:\/\/gazdasagportal.hu\/index.php\/wp-json\/wp\/v2\/types\/post"}],"author":[{"embeddable":true,"href":"https:\/\/gazdasagportal.hu\/index.php\/wp-json\/wp\/v2\/users\/1"}],"replies":[{"embeddable":true,"href":"https:\/\/gazdasagportal.hu\/index.php\/wp-json\/wp\/v2\/comments?post=21957"}],"version-history":[{"count":1,"href":"https:\/\/gazdasagportal.hu\/index.php\/wp-json\/wp\/v2\/posts\/21957\/revisions"}],"predecessor-version":[{"id":21958,"href":"https:\/\/gazdasagportal.hu\/index.php\/wp-json\/wp\/v2\/posts\/21957\/revisions\/21958"}],"wp:attachment":[{"href":"https:\/\/gazdasagportal.hu\/index.php\/wp-json\/wp\/v2\/media?parent=21957"}],"wp:term":[{"taxonomy":"category","embeddable":true,"href":"https:\/\/gazdasagportal.hu\/index.php\/wp-json\/wp\/v2\/categories?post=21957"},{"taxonomy":"post_tag","embeddable":true,"href":"https:\/\/gazdasagportal.hu\/index.php\/wp-json\/wp\/v2\/tags?post=21957"}],"curies":[{"name":"wp","href":"https:\/\/api.w.org\/{rel}","templated":true}]}}