{"id":2195,"date":"2013-02-06T13:15:58","date_gmt":"2013-02-06T12:15:58","guid":{"rendered":"http:\/\/stockportal.hu\/?p=2195"},"modified":"2013-02-06T13:15:58","modified_gmt":"2013-02-06T12:15:58","slug":"eu-budzse-csehorszagnak-elfogadhatatlan-a-javaslat","status":"publish","type":"post","link":"https:\/\/gazdasagportal.hu\/index.php\/eu-budzse-csehorszagnak-elfogadhatatlan-a-javaslat\/","title":{"rendered":"EU-b\u00fcdzs\u00e9 &#8211; Csehorsz\u00e1gnak elfogadhatatlan a javaslat"},"content":{"rendered":"<p><strong>Az uni\u00f3s k\u00f6lts\u00e9gvet\u00e9s tervezete mai form\u00e1j\u00e1ban Csehorsz\u00e1g sz\u00e1m\u00e1ra elfogadhatatlan &#8211; jelentette ki Petr Necas cseh minisztereln\u00f6k szerd\u00e1n Pr\u00e1g\u00e1ban, a k\u00e9pvisel\u0151h\u00e1z eur\u00f3pai bizotts\u00e1g\u00e1ban, a korm\u00e1ny \u00e1ll\u00e1spontj\u00e1t ismertetve az EU k\u00f6vetkez\u0151 h\u00e9t\u00e9ves (2014-2020) k\u00f6lts\u00e9gvet\u00e9s\u00e9vel kapcsolatban.<!--more--><\/strong><\/p>\n<p>Necas \u00fagy v\u00e9lte: az Eur\u00f3pai Tan\u00e1cs soron k\u00f6vetkez\u0151 \u00fcl\u00e9s\u00e9n cs\u00f6kkenteni fogj\u00e1k ugyan a k\u00f6lts\u00e9gvet\u00e9st, de ez val\u00f3sz\u00edn\u0171leg nem fogja \u00e9rinteni a k\u00f6z\u00f6s mez\u0151gazdas\u00e1gi politik\u00e1t \u00e9s a koh\u00e9zi\u00f3s alapokat. Szerinte m\u00e1r csak egyedi m\u00f3dos\u00edt\u00e1sokra van lehet\u0151s\u00e9g.<br \/>\nPr\u00e1ga arra fog t\u00f6rekedni, hogy a k\u00f6vetkez\u0151 h\u00e9t \u00e9v uni\u00f3s k\u00f6lts\u00e9gvet\u00e9s\u00e9b\u0151l min\u00e9l nagyobb \u00f6sszeget szerezzen meg &#8211; tette hozz\u00e1.<br \/>\n&#8222;A Cseh K\u00f6zt\u00e1rsas\u00e1g nem tud olyan nagy volumen\u0171 \u00f6sszeget megszerezni, mint kor\u00e1bban&#8221; &#8211; jegyezte meg Necas. Hozz\u00e1tette: a korm\u00e1ny c\u00e9lja, hogy olyan \u00f6sszeget szerezzen, amely egy lakosra \u00e1tsz\u00e1m\u00edtva mintegy a hatodik helyre tenn\u00e9 Csehorsz\u00e1got az eur\u00f3pai uni\u00f3s tag\u00e1llamok k\u00f6z\u00f6tt.<br \/>\n&#8222;Meggy\u0151z\u0151d\u00e9sem, hogy az eur\u00f3pai k\u00f6lts\u00e9gvet\u00e9s a szolidarit\u00e1s eszk\u00f6ze kell hogy legyen a kev\u00e9sb\u00e9 fejlett orsz\u00e1gokkal szemben, de nem lehet a szolidarit\u00e1s eszk\u00f6ze a kev\u00e9sb\u00e9 felel\u0151sen gazd\u00e1lkod\u00f3 orsz\u00e1gokkal szemben&#8221; &#8211; hangs\u00falyozta a cseh minisztereln\u00f6k.<br \/>\nNecas \u00e9s a cseh parlamenti k\u00e9pvisel\u0151k a tal\u00e1lkoz\u00f3n b\u00edr\u00e1lt\u00e1k az Eur\u00f3pai Bizotts\u00e1got, hogy r\u00f6viddel a t\u00e1rgyal\u00e1sok fel\u00faj\u00edt\u00e1sa el\u0151tt m\u00e9g mindig nem hozz\u00e1f\u00e9rhet\u0151ek a legutols\u00f3 k\u00f6lts\u00e9gvet\u00e9si javaslatok \u00e9s elk\u00e9pzel\u00e9sek. A minisztereln\u00f6k \u00fagy v\u00e9lte: az Eur\u00f3pai Bizotts\u00e1g sz\u00e1nd\u00e9kosan j\u00e1r el \u00edgy, hogy az egyes orsz\u00e1gok k\u00fcld\u00f6tts\u00e9geinek min\u00e9l kevesebb ideje legyen a javaslat \u00e1ttanulm\u00e1nyoz\u00e1s\u00e1ra \u00e9s a sz\u00e1mok ellen\u0151rz\u00e9s\u00e9re. (MTI)<\/p>\n","protected":false},"excerpt":{"rendered":"<p>Az uni\u00f3s k\u00f6lts\u00e9gvet\u00e9s tervezete mai form\u00e1j\u00e1ban Csehorsz\u00e1g sz\u00e1m\u00e1ra elfogadhatatlan &#8211; jelentette ki Petr Necas cseh minisztereln\u00f6k szerd\u00e1n Pr\u00e1g\u00e1ban, a k\u00e9pvisel\u0151h\u00e1z eur\u00f3pai bizotts\u00e1g\u00e1ban, a korm\u00e1ny \u00e1ll\u00e1spontj\u00e1t ismertetve az EU k\u00f6vetkez\u0151 h\u00e9t\u00e9ves (2014-2020) k\u00f6lts\u00e9gvet\u00e9s\u00e9vel kapcsolatban.<\/p>\n","protected":false},"author":1,"featured_media":0,"comment_status":"closed","ping_status":"closed","sticky":false,"template":"","format":"standard","meta":[],"categories":[12],"tags":[],"_links":{"self":[{"href":"https:\/\/gazdasagportal.hu\/index.php\/wp-json\/wp\/v2\/posts\/2195"}],"collection":[{"href":"https:\/\/gazdasagportal.hu\/index.php\/wp-json\/wp\/v2\/posts"}],"about":[{"href":"https:\/\/gazdasagportal.hu\/index.php\/wp-json\/wp\/v2\/types\/post"}],"author":[{"embeddable":true,"href":"https:\/\/gazdasagportal.hu\/index.php\/wp-json\/wp\/v2\/users\/1"}],"replies":[{"embeddable":true,"href":"https:\/\/gazdasagportal.hu\/index.php\/wp-json\/wp\/v2\/comments?post=2195"}],"version-history":[{"count":2,"href":"https:\/\/gazdasagportal.hu\/index.php\/wp-json\/wp\/v2\/posts\/2195\/revisions"}],"predecessor-version":[{"id":2197,"href":"https:\/\/gazdasagportal.hu\/index.php\/wp-json\/wp\/v2\/posts\/2195\/revisions\/2197"}],"wp:attachment":[{"href":"https:\/\/gazdasagportal.hu\/index.php\/wp-json\/wp\/v2\/media?parent=2195"}],"wp:term":[{"taxonomy":"category","embeddable":true,"href":"https:\/\/gazdasagportal.hu\/index.php\/wp-json\/wp\/v2\/categories?post=2195"},{"taxonomy":"post_tag","embeddable":true,"href":"https:\/\/gazdasagportal.hu\/index.php\/wp-json\/wp\/v2\/tags?post=2195"}],"curies":[{"name":"wp","href":"https:\/\/api.w.org\/{rel}","templated":true}]}}