{"id":21948,"date":"2013-11-25T20:23:13","date_gmt":"2013-11-25T19:23:13","guid":{"rendered":"http:\/\/stockportal.hu\/?p=21948"},"modified":"2013-11-25T16:54:01","modified_gmt":"2013-11-25T15:54:01","slug":"adoreformot-hirdet-a-francia-kormanyfo","status":"publish","type":"post","link":"https:\/\/gazdasagportal.hu\/index.php\/adoreformot-hirdet-a-francia-kormanyfo\/","title":{"rendered":"Ad\u00f3reformot hirdet a francia korm\u00e1nyf\u0151"},"content":{"rendered":"<p><strong>Jean-Marc Ayrault francia korm\u00e1nyf\u0151 megkezdte h\u00e9tf\u0151n az els\u0151 egyeztet\u00e9seket a szakszervezetekkel egy esetleges ad\u00f3reform \u00e9rdek\u00e9ben.<!--more--><\/strong><\/p>\n<p>A j\u00f6v\u0151re v\u00e1rhat\u00f3 ad\u00f3emel\u00e9sek miatt Francois Hollande \u00e1llamf\u0151h\u00f6z hasonl\u00f3an a n\u00e9pszer\u0171s\u00e9gi list\u00e1k v\u00e9g\u00e9n kullog\u00f3 minisztereln\u00f6k kezdem\u00e9nyez\u00e9s\u00e9t az ellenz\u00e9k egyszer\u0171 &#8222;politikai akci\u00f3nak&#8221; min\u0151s\u00edtette. A jobboldal szerint Ayrault az egyre ingatagabb\u00e1 v\u00e1l\u00f3 b\u00e1rsonysz\u00e9k\u00e9t pr\u00f3b\u00e1lja megmenteni az \u00f6tlettel.<br \/>\n&#8222;\u00dagy \u00e9rzem, hogy a minisztereln\u00f6k t\u00e9nyleg elt\u00f6k\u00e9lt az ad\u00f3politika k\u00e9rd\u00e9s\u00e9ben&#8221; &#8211; mondta Jean-Claude Mailly, a Force ouvriere (FO) szakszervezet vezet\u0151je, akit els\u0151k\u00e9nt fogadott a korm\u00e1nyf\u0151. Szerinte nem kommunik\u00e1ci\u00f3s akci\u00f3r\u00f3l van sz\u00f3, a korm\u00e1ny komolyan gondolkodik az ad\u00f3rendszer \u00e1talak\u00edt\u00e1s\u00e1n.<br \/>\nAyrault nagy meglepet\u00e9sre kedden jelentette be, hogy ad\u00f3reformot hirdet a korm\u00e1ny, miut\u00e1n szeptember \u00f3ta folyamatosak a tervezett \u00e1fa-, illetve egy\u00e9b ad\u00f3emel\u00e9sek elleni utcai t\u00fcntet\u00e9sek. Pierre Moscovici gazdas\u00e1gi minisztert ugyanakkor a minisztereln\u00f6k nem vonta be a terv\u00e9be, \u00edgy az ad\u00f3\u00fcgyek\u00e9rt felel\u0151s t\u00e1rca vezet\u0151je nem is vesz r\u00e9szt az egyeztet\u00e9seken, jelenleg K\u00edn\u00e1ban tart\u00f3zkodik hivatalos l\u00e1togat\u00e1son.<br \/>\nA korm\u00e1nyf\u0151 a jelenlegin\u00e9l &#8222;igazs\u00e1gosabb, hat\u00e9konyabb \u00e9s \u00e1tl\u00e1that\u00f3bb&#8221; ad\u00f3szab\u00e1lyokat \u00edg\u00e9rt, de a t\u00e1rsadalombiztos\u00edt\u00e1s finansz\u00edroz\u00e1s\u00e1r\u00f3l, az \u00e1llami kiad\u00e1sokr\u00f3l \u00e9s befektet\u00e9sekr\u0151l, a munkahelyteremt\u00e9sr\u0151l, a feln\u0151ttk\u00e9pz\u00e9sekr\u0151l \u00e9s a v\u00e1s\u00e1rl\u00f3er\u0151r\u0151l is egyeztetni k\u00edv\u00e1n a szakszervezetekkel \u00e9s a munk\u00e1ltat\u00f3i szervezetekkel is.<br \/>\nA bejelentett menetrend szerint Ayrault 2014 nyar\u00e1ra szeretne olyan d\u00f6nt\u00e9seket hozni, amelyek a 2015-\u00f6s k\u00f6lts\u00e9gvet\u00e9sbe m\u00e1r beleker\u00fclhetn\u00e9nek.<br \/>\nA legt\u00f6bb szakszervezet azon az \u00e1ll\u00e1sponton van, hogy az \u00e1faemel\u00e9sek helyett a t\u00f6bb sz\u00e1z ad\u00f3kedvezm\u00e9nnyel rendelkez\u0151, progressz\u00edven emelked\u0151 szem\u00e9lyi j\u00f6vedelemad\u00f3 rendszer\u00e9nek s\u00faly\u00e1t kellene az \u00e1llami bev\u00e9telekben n\u00f6velni. A munk\u00e1ltat\u00f3k viszont a k\u00f6telez\u0151 j\u00e1rul\u00e9kok cs\u00f6kkent\u00e9s\u00e9t szeretn\u00e9k el\u00e9rni.<br \/>\nA korm\u00e1ny az \u00fagynevezett forr\u00e1sad\u00f3 lehet\u0151s\u00e9g\u00e9t is vizsg\u00e1lja. Franciaorsz\u00e1g ugyanis az egyik olyan ritka uni\u00f3s tag\u00e1llam, ahol nem vonj\u00e1k le k\u00f6zvetlen\u00fcl a fizet\u00e9sekb\u0151l az ad\u00f3el\u0151leget, hanem az \u00e9ves kereste ut\u00e1n mindenki ut\u00f3lag fizeti be a szem\u00e9lyi j\u00f6vedelemad\u00f3t. A szakszervezetek egy r\u00e9sze nem t\u00e1mogatn\u00e1 a forr\u00e1sad\u00f3 bevezet\u00e9s\u00e9t.<br \/>\nA minisztereln\u00f6k egy\u00e9bk\u00e9nt ellenz\u00e9ki politikust\u00e1rsai v\u00e9lem\u00e9ny\u00e9t is kik\u00e9ri az ad\u00f3reform \u00fcgy\u00e9ben, akik k\u00e9ts\u00e9gbe vont\u00e1k Ayrault \u0151szintes\u00e9g\u00e9t.<br \/>\n&#8222;Nem fogok egy olyan tervezet m\u00f6g\u00e9 be\u00e1llni, amely mindenekel\u0151tt nem az ad\u00f3k jelent\u0151s cs\u00f6kkent\u00e9s\u00e9t ir\u00e1nyozza el\u0151&#8221; &#8211; mondta Jean-Francois Cop\u00e9, a legnagyobb ellenz\u00e9ki p\u00e1rt, a jobbk\u00f6z\u00e9p N\u00e9pi Mozgalom Uni\u00f3ja (UMP) f\u0151titk\u00e1ra.<br \/>\nMarine Le Pen, a sz\u00e9ls\u0151jobboldali Nemzeti Front eln\u00f6ke egyszer\u0171en &#8222;nem hisz ebben a nagy reformban&#8221;, amely szerinte nem is fog megval\u00f3sulni.<br \/>\nFrancois Bayrou, a centrist\u00e1k vezet\u0151je szerint a korm\u00e1nyf\u0151 &#8222;elterel\u0151 hadm\u0171velet\u00e9r\u0151l&#8221; van sz\u00f3, aki &#8222;\u00fagy \u00e9rzi, hogy nincs m\u00e1r t\u00f6bb mozg\u00e1stere&#8221;.<br \/>\nAz egyeztet\u00e9sek megkezd\u00e9se el\u0151tt a korm\u00e1nyf\u0151 lesz\u00f6gezte, hogy a janu\u00e1r 1-j\u00e9n \u00e9letbel\u00e9p\u0151 \u00e1faemel\u00e9seken nem k\u00edv\u00e1n v\u00e1ltoztatni. A norm\u00e1l forgalmi ad\u00f3 19,6-r\u00f3l 20 sz\u00e1zal\u00e9kra, m\u00edg a kedvezm\u00e9nyes 7-r\u0151l 10-re fog emelkedni, ami sz\u00e1mos szektor \u00e9s politikus tiltakoz\u00e1s\u00e1t v\u00e1ltotta ki. A 3,5 tonn\u00e1n\u00e1l nehezebb j\u00e1rm\u0171vekre vonatkoz\u00f3 k\u00f6rnyezetv\u00e9delmi ad\u00f3t, amely egymilli\u00e1rd eur\u00f3 (300 milli\u00e1rd forint) bev\u00e9telt jelentene az \u00e1llamkassz\u00e1nak, a breton tiltakoz\u00e1sok nyom\u00e1n viszont a korm\u00e1ny egyel\u0151re levette a napirendr\u0151l.(MTI)<\/p>\n","protected":false},"excerpt":{"rendered":"<p>Jean-Marc Ayrault francia korm\u00e1nyf\u0151 megkezdte h\u00e9tf\u0151n az els\u0151 egyeztet\u00e9seket a szakszervezetekkel egy esetleges ad\u00f3reform \u00e9rdek\u00e9ben.<\/p>\n","protected":false},"author":1,"featured_media":0,"comment_status":"open","ping_status":"closed","sticky":false,"template":"","format":"standard","meta":[],"categories":[12],"tags":[],"_links":{"self":[{"href":"https:\/\/gazdasagportal.hu\/index.php\/wp-json\/wp\/v2\/posts\/21948"}],"collection":[{"href":"https:\/\/gazdasagportal.hu\/index.php\/wp-json\/wp\/v2\/posts"}],"about":[{"href":"https:\/\/gazdasagportal.hu\/index.php\/wp-json\/wp\/v2\/types\/post"}],"author":[{"embeddable":true,"href":"https:\/\/gazdasagportal.hu\/index.php\/wp-json\/wp\/v2\/users\/1"}],"replies":[{"embeddable":true,"href":"https:\/\/gazdasagportal.hu\/index.php\/wp-json\/wp\/v2\/comments?post=21948"}],"version-history":[{"count":1,"href":"https:\/\/gazdasagportal.hu\/index.php\/wp-json\/wp\/v2\/posts\/21948\/revisions"}],"predecessor-version":[{"id":21949,"href":"https:\/\/gazdasagportal.hu\/index.php\/wp-json\/wp\/v2\/posts\/21948\/revisions\/21949"}],"wp:attachment":[{"href":"https:\/\/gazdasagportal.hu\/index.php\/wp-json\/wp\/v2\/media?parent=21948"}],"wp:term":[{"taxonomy":"category","embeddable":true,"href":"https:\/\/gazdasagportal.hu\/index.php\/wp-json\/wp\/v2\/categories?post=21948"},{"taxonomy":"post_tag","embeddable":true,"href":"https:\/\/gazdasagportal.hu\/index.php\/wp-json\/wp\/v2\/tags?post=21948"}],"curies":[{"name":"wp","href":"https:\/\/api.w.org\/{rel}","templated":true}]}}