{"id":21944,"date":"2013-11-25T19:38:09","date_gmt":"2013-11-25T18:38:09","guid":{"rendered":"http:\/\/stockportal.hu\/?p=21944"},"modified":"2013-11-25T16:36:18","modified_gmt":"2013-11-25T15:36:18","slug":"orban-kelemen-talalkozo-a-kormany-az-erdelyi-magyarsag-mogott-all","status":"publish","type":"post","link":"https:\/\/gazdasagportal.hu\/index.php\/orban-kelemen-talalkozo-a-kormany-az-erdelyi-magyarsag-mogott-all\/","title":{"rendered":"Orb\u00e1n-Kelemen-tal\u00e1lkoz\u00f3: a korm\u00e1ny az erd\u00e9lyi magyars\u00e1g m\u00f6g\u00f6tt \u00e1ll"},"content":{"rendered":"<p><strong>A K\u00f6z\u00e9p-Kelet-Eur\u00f3pa (KKE)-K\u00edna cs\u00facstal\u00e1lkoz\u00f3n Bukarestben tart\u00f3zkod\u00f3 Orb\u00e1n Viktor korm\u00e1nyf\u0151 h\u00e9tf\u0151 d\u00e9lut\u00e1n a magyar nagyk\u00f6vets\u00e9g \u00e9p\u00fclet\u00e9ben megbesz\u00e9l\u00e9st folytatott Kelemen Hunorral &#8211; k\u00f6z\u00f6lte Havasi Bertalan, a Minisztereln\u00f6ki Sajt\u00f3iroda vezet\u0151je az MTI-vel.<!--more--><\/strong><\/p>\n<p>A Rom\u00e1niai Magyar Demokrata Sz\u00f6vets\u00e9g (RMDSZ) eln\u00f6ke t\u00e1j\u00e9koztatta a korm\u00e1nyf\u0151t a rom\u00e1n korm\u00e1nyzat decentraliz\u00e1ci\u00f3s d\u00f6nt\u00e9s\u00e9r\u0151l \u00e9s annak k\u00f6vetkezm\u00e9nyeir\u0151l. Emellett egyeztettek a j\u00f6v\u0151 \u00e9vi eur\u00f3pai parlamenti v\u00e1laszt\u00e1sokra val\u00f3 felk\u00e9sz\u00fcl\u00e9sr\u0151l, amellyel kapcsolatban Kelemen Hunor fontosnak nevezte, hogy a magyars\u00e1g \u00e9s ezen bel\u00fcl a rom\u00e1niai magyars\u00e1g er\u0151s k\u00e9pviselete megmaradjon Strasbourgban.<br \/>\nOrb\u00e1n Viktor lesz\u00f6gezte: az erd\u00e9lyi magyars\u00e1g \u00e9s politikai k\u00e9pviseletei ezut\u00e1n is minden \u00fcgyben sz\u00e1m\u00edthatnak a magyar korm\u00e1ny t\u00e1mogat\u00e1s\u00e1ra \u00e9s egy\u00fcttm\u0171k\u00f6d\u00e9s\u00e9re &#8211; t\u00e1j\u00e9koztatott Havasi Bertalan.(MTI)<\/p>\n","protected":false},"excerpt":{"rendered":"<p>A K\u00f6z\u00e9p-Kelet-Eur\u00f3pa (KKE)-K\u00edna cs\u00facstal\u00e1lkoz\u00f3n Bukarestben tart\u00f3zkod\u00f3 Orb\u00e1n Viktor korm\u00e1nyf\u0151 h\u00e9tf\u0151 d\u00e9lut\u00e1n a magyar nagyk\u00f6vets\u00e9g \u00e9p\u00fclet\u00e9ben megbesz\u00e9l\u00e9st folytatott Kelemen Hunorral &#8211; k\u00f6z\u00f6lte Havasi Bertalan, a Minisztereln\u00f6ki Sajt\u00f3iroda vezet\u0151je az MTI-vel.<\/p>\n","protected":false},"author":1,"featured_media":0,"comment_status":"open","ping_status":"closed","sticky":false,"template":"","format":"standard","meta":[],"categories":[18],"tags":[],"_links":{"self":[{"href":"https:\/\/gazdasagportal.hu\/index.php\/wp-json\/wp\/v2\/posts\/21944"}],"collection":[{"href":"https:\/\/gazdasagportal.hu\/index.php\/wp-json\/wp\/v2\/posts"}],"about":[{"href":"https:\/\/gazdasagportal.hu\/index.php\/wp-json\/wp\/v2\/types\/post"}],"author":[{"embeddable":true,"href":"https:\/\/gazdasagportal.hu\/index.php\/wp-json\/wp\/v2\/users\/1"}],"replies":[{"embeddable":true,"href":"https:\/\/gazdasagportal.hu\/index.php\/wp-json\/wp\/v2\/comments?post=21944"}],"version-history":[{"count":1,"href":"https:\/\/gazdasagportal.hu\/index.php\/wp-json\/wp\/v2\/posts\/21944\/revisions"}],"predecessor-version":[{"id":21945,"href":"https:\/\/gazdasagportal.hu\/index.php\/wp-json\/wp\/v2\/posts\/21944\/revisions\/21945"}],"wp:attachment":[{"href":"https:\/\/gazdasagportal.hu\/index.php\/wp-json\/wp\/v2\/media?parent=21944"}],"wp:term":[{"taxonomy":"category","embeddable":true,"href":"https:\/\/gazdasagportal.hu\/index.php\/wp-json\/wp\/v2\/categories?post=21944"},{"taxonomy":"post_tag","embeddable":true,"href":"https:\/\/gazdasagportal.hu\/index.php\/wp-json\/wp\/v2\/tags?post=21944"}],"curies":[{"name":"wp","href":"https:\/\/api.w.org\/{rel}","templated":true}]}}