{"id":21942,"date":"2013-11-25T18:47:51","date_gmt":"2013-11-25T17:47:51","guid":{"rendered":"http:\/\/stockportal.hu\/?p=21942"},"modified":"2013-11-25T16:32:02","modified_gmt":"2013-11-25T15:32:02","slug":"londoni-elemzok-atmeneti-lesz-az-olajarcsokkenes","status":"publish","type":"post","link":"https:\/\/gazdasagportal.hu\/index.php\/londoni-elemzok-atmeneti-lesz-az-olajarcsokkenes\/","title":{"rendered":"Londoni elemz\u0151k: \u00e1tmeneti lesz az olaj\u00e1rcs\u00f6kken\u00e9s"},"content":{"rendered":"<p><strong>Nem lesz tart\u00f3s az ir\u00e1ni atomprogramr\u00f3l el\u00e9rt genfi meg\u00e1llapod\u00e1s hat\u00e1s\u00e1ra elindult olaj\u00e1rcs\u00f6kken\u00e9s, mivel a piaci \u00e9s a geopolitikai dinamik\u00e1k k\u00f6z\u00e9pt\u00e1von a tov\u00e1bbi \u00e1remelked\u00e9snek kedveznek &#8211; j\u00f3solt\u00e1k h\u00e9tf\u0151i helyzet\u00e9rt\u00e9kel\u00e9s\u00fckben londoni ipar\u00e1gi elemz\u0151k.<!--more--><\/strong><\/p>\n<p>A City egyik legnagyobb befektet\u00e9si bankcsoportja, a Barclays &#8211; amely rendszeres olajpiaci progn\u00f3zisokat is \u00f6ssze\u00e1ll\u00edt &#8211; a genfi egyezs\u00e9ggel kapcsolatos h\u00e9tf\u0151i elemz\u00e9s\u00e9ben k\u00f6z\u00f6lte: nem tartja val\u00f3sz\u00edn\u0171nek, hogy a szankci\u00f3k enyh\u00edt\u00e9se nyom\u00e1n a piacon megjelen\u0151 ir\u00e1ni t\u00f6bbletk\u00edn\u00e1lat meghaladn\u00e1 a napi 400 ezer hord\u00f3t a k\u00f6vetkez\u0151 h\u00f3napokban.<br \/>\nA jelenlegi glob\u00e1lis kereslet k\u00f6zel j\u00e1r a napi 90 milli\u00f3 hord\u00f3hoz.<br \/>\nA Barclays szerint az ir\u00e1ni nyersolajexport drasztikus n\u00f6vel\u00e9s\u00e9t v\u00e1ltozatlanul akad\u00e1lyozz\u00e1k a szankci\u00f3k tov\u00e1bbra is fennmarad\u00f3 elemei, valamint a jelenleg lez\u00e1rt ir\u00e1ni termel\u0151kapacit\u00e1sok \u00fajranyit\u00e1s\u00e1nak m\u0171szaki neh\u00e9zs\u00e9gei.<br \/>\nA h\u00e1z londoni szakelemz\u0151i szerint mindemellett &#8211; a Genfben el\u00e9rt fontos meg\u00e1llapod\u00e1s ellen\u00e9re &#8211; a t\u00e1rgyal\u00e1sok k\u00f6vetkez\u0151 szakasz\u00e1t komoly kih\u00edv\u00e1sok terhelik.<br \/>\nAz egyik f\u0151 k\u00e9rd\u00e9s az, hogy az ir\u00e1niak \u00e1ltal tett engedm\u00e9nyek &#8222;a padl\u00f3t vagy a plafont jelentik-e&#8221;, vagyis v\u00e1rhat\u00f3k-e tov\u00e1bbi engedm\u00e9nyek, vagy a genfi eredm\u00e9ny a maximum, amire Ir\u00e1n hajland\u00f3. Ha az ut\u00f3bbi eset az igaz, akkor az amerikai Kongresszust nagyon neh\u00e9z lesz r\u00e1venni az egyezs\u00e9g elfogad\u00e1s\u00e1ra &#8211; j\u00f3solt\u00e1k a Barclays londoni elemz\u0151i.<br \/>\nA h\u00e1z ezzel kapcsolatban kiemeli, hogy az Ir\u00e1nt s\u00fajt\u00f3 legszor\u00edt\u00f3bb gazdas\u00e1gi szankci\u00f3k z\u00f6m\u00e9t nem a Feh\u00e9r H\u00e1z, hanem a Kongresszus kezdem\u00e9nyezte, \u00e9s ezeket a d\u00f6nt\u00e9seket els\u00f6pr\u0151 k\u00e9tp\u00e1rti t\u00e1mogat\u00e1ssal hagyta j\u00f3v\u00e1 az amerikai t\u00f6rv\u00e9nyhoz\u00e1s mindk\u00e9t h\u00e1za.<br \/>\nA Kongresszus r\u00e1ad\u00e1sul egyel\u0151re semmif\u00e9le jel\u00e9t nem mutatja annak, hogy k\u00e9sz lenne feloldani e szankci\u00f3k b\u00e1rmelyik\u00e9t, s\u0151t jelenleg \u00e9ppen tov\u00e1bbi b\u00fcntet\u0151int\u00e9zked\u00e9sekr\u0151l t\u00e1rgyal &#8211; hangs\u00falyozz\u00e1k h\u00e9tf\u0151i elemz\u00e9s\u00fckben a Barclays londoni szak\u00e9rt\u0151i.<br \/>\nA h\u00e1z szerint a k\u00f6vetkez\u0151 hetekben &#8222;\u00e9rdemes lesz odafigyelni&#8221; arra is, hogy a genfi meg\u00e1llapod\u00e1st s\u00falyosan el\u00edt\u00e9l\u0151 izraeli retorika tov\u00e1bb \u00e9lesedik-e, \u00e9s a sza\u00fadi reakci\u00f3t is figyelni kell.<br \/>\nA Barclays elemz\u0151i szerint ugyanis vannak olyan utal\u00e1sok, hogy az ir\u00e1ni atomprogramt\u00f3l szint\u00e9n igencsak tart\u00f3 Sza\u00fad-Ar\u00e1bia az \u00e1ltala is b\u00edr\u00e1lt genfi meg\u00e1llapod\u00e1s nyom\u00e1n esetleg megpr\u00f3b\u00e1l maga is atomfegyvereket beszerezni, p\u00e9ld\u00e1ul Pakiszt\u00e1nt\u00f3l. M\u00e1rpedig ha a K\u00f6zel-Keleten elindul egy atomfegyverkez\u00e9si verseny, az val\u00f3sz\u00edn\u0171leg semleges\u00edten\u00e9 az ir\u00e1ni nukle\u00e1ris fejleszt\u00e9si program befagyaszt\u00e1s\u00e1nak biztons\u00e1gi hozad\u00e9k\u00e1t &#8211; v\u00e9lekedtek h\u00e9tf\u0151i \u00e9rt\u00e9kel\u00e9s\u00fckben a Barclays londoni szak\u00e9rt\u0151i.<br \/>\nA h\u00e1z szerint az olaj\u00e1rak tart\u00f3s cs\u00f6kken\u00e9s\u00e9t m\u00e1s t\u00e9nyez\u0151k is val\u00f3sz\u00edn\u0171tlenn\u00e9 teszik, mindenekel\u0151tt az, hogy a december 4-\u00e9n esed\u00e9kes OPEC-\u00e9rtekezlet k\u00f6zeledt\u00e9vel a glob\u00e1lis alapt\u00edpusnak tekintett Brent olajf\u00e9les\u00e9g \u00e1ra alacsonyabb, mint az olajexport\u00e1l\u00f3 csoport el\u0151z\u0151 \u00fcl\u00e9s\u00e9n volt. Ennek nyom\u00e1n val\u00f3sz\u00edn\u0171s\u00edthet\u0151, hogy az OPEC a j\u00f6v\u0151 h\u00f3napban &#8222;hozz\u00e1ny\u00fal&#8221; a csoportszint\u0171 kitermel\u00e9si kv\u00f3t\u00e1hoz.<br \/>\nAzok a kapacit\u00e1st\u00f6bblettel b\u00edr\u00f3 termel\u0151k, amelyek eddig fesz\u00edtett kitermel\u00e9ssel igyekeztek p\u00f3tolni az iraki \u00e9s l\u00edbiai fejlem\u00e9nyek \u00e1ltal teremtett piaci ell\u00e1t\u00e1si kies\u00e9seket, val\u00f3sz\u00edn\u0171leg most visszafogj\u00e1k k\u00edn\u00e1latukat.<br \/>\nA kritikus izraeli nyilatkozatok folytat\u00f3d\u00e1sa \u00e9s az ennek potenci\u00e1lis geopolitikai k\u00f6vetkezm\u00e9nyeib\u0151l ered\u0151 kock\u00e1zati pr\u00e9mium, valamint b\u00e1rmilyen arra utal\u00f3 jel, hogy a t\u00e9rs\u00e9gben atomfegyverkez\u00e9si verseny indul, illetve az iraki \u00e9s a sz\u00edriai szektari\u00e1nus fesz\u00fclts\u00e9g tov\u00e1bbi \u00e9lez\u0151d\u00e9se rontan\u00e1 az eg\u00e9sz r\u00e9gi\u00f3 kock\u00e1zati profilj\u00e1t, \u00e9s ez gyors fordulatot eredm\u00e9nyezhet a Brent egyel\u0151re enyhe \u00e1rdinamik\u00e1j\u00e1ban &#8211; j\u00f3solt\u00e1k a Barclays londoni szak\u00e9rt\u0151i.(MTI)<\/p>\n","protected":false},"excerpt":{"rendered":"<p>Nem lesz tart\u00f3s az ir\u00e1ni atomprogramr\u00f3l el\u00e9rt genfi meg\u00e1llapod\u00e1s hat\u00e1s\u00e1ra elindult olaj\u00e1rcs\u00f6kken\u00e9s, mivel a piaci \u00e9s a geopolitikai dinamik\u00e1k k\u00f6z\u00e9pt\u00e1von a tov\u00e1bbi \u00e1remelked\u00e9snek kedveznek &#8211; j\u00f3solt\u00e1k h\u00e9tf\u0151i helyzet\u00e9rt\u00e9kel\u00e9s\u00fckben londoni ipar\u00e1gi elemz\u0151k.<\/p>\n","protected":false},"author":1,"featured_media":0,"comment_status":"open","ping_status":"closed","sticky":false,"template":"","format":"standard","meta":[],"categories":[9],"tags":[],"_links":{"self":[{"href":"https:\/\/gazdasagportal.hu\/index.php\/wp-json\/wp\/v2\/posts\/21942"}],"collection":[{"href":"https:\/\/gazdasagportal.hu\/index.php\/wp-json\/wp\/v2\/posts"}],"about":[{"href":"https:\/\/gazdasagportal.hu\/index.php\/wp-json\/wp\/v2\/types\/post"}],"author":[{"embeddable":true,"href":"https:\/\/gazdasagportal.hu\/index.php\/wp-json\/wp\/v2\/users\/1"}],"replies":[{"embeddable":true,"href":"https:\/\/gazdasagportal.hu\/index.php\/wp-json\/wp\/v2\/comments?post=21942"}],"version-history":[{"count":1,"href":"https:\/\/gazdasagportal.hu\/index.php\/wp-json\/wp\/v2\/posts\/21942\/revisions"}],"predecessor-version":[{"id":21943,"href":"https:\/\/gazdasagportal.hu\/index.php\/wp-json\/wp\/v2\/posts\/21942\/revisions\/21943"}],"wp:attachment":[{"href":"https:\/\/gazdasagportal.hu\/index.php\/wp-json\/wp\/v2\/media?parent=21942"}],"wp:term":[{"taxonomy":"category","embeddable":true,"href":"https:\/\/gazdasagportal.hu\/index.php\/wp-json\/wp\/v2\/categories?post=21942"},{"taxonomy":"post_tag","embeddable":true,"href":"https:\/\/gazdasagportal.hu\/index.php\/wp-json\/wp\/v2\/tags?post=21942"}],"curies":[{"name":"wp","href":"https:\/\/api.w.org\/{rel}","templated":true}]}}