{"id":21926,"date":"2013-11-25T14:37:54","date_gmt":"2013-11-25T13:37:54","guid":{"rendered":"http:\/\/stockportal.hu\/?p=21926"},"modified":"2013-11-25T14:29:14","modified_gmt":"2013-11-25T13:29:14","slug":"merkel-mobiljat-legalabb-ot-orszag-titkosszolgalata-figyelte","status":"publish","type":"post","link":"https:\/\/gazdasagportal.hu\/index.php\/merkel-mobiljat-legalabb-ot-orszag-titkosszolgalata-figyelte\/","title":{"rendered":"Merkel mobilj\u00e1t legal\u00e1bb \u00f6t orsz\u00e1g titkosszolg\u00e1lata figyelte"},"content":{"rendered":"<p><strong>Angela Merkel n\u00e9met kancell\u00e1r mobiltelefonj\u00e1t legkevesebb \u00f6t orsz\u00e1g titkosszolg\u00e1latai figyelt\u00e9k meg\u00a0\u00a0&#8211; \u00edrta a Focus.<!--more--><\/strong><\/p>\n<p>A n\u00e9met h\u00edrmagazin h\u00e9tf\u0151n megjelent sz\u00e1m\u00e1ban k\u00f6zelebbr\u0151l nem azonos\u00edtott n\u00e9met biztons\u00e1gi szervek elemz\u00e9s\u00e9re hivatkozva azt \u00edrta, hogy az amerikai Nemzetbiztons\u00e1gi \u00dcgyn\u00f6ks\u00e9g (NSA) mellett brit, orosz, k\u00ednai \u00e9s \u00e9szak-koreai titkosszolg\u00e1latok is figyelt\u00e9k Angela Merkel mobiltelefonj\u00e1t, ami\u00f3ta a politikus 2005-ben megszerezte a kancell\u00e1ri tiszts\u00e9get.<br \/>\nA k\u00fclf\u00f6ldi szolg\u00e1latok nem a korm\u00e1nyf\u0151 biztons\u00e1gi szoftverekkel felszerelt hivatali k\u00e9sz\u00fcl\u00e9k\u00e9t, hanem &#8222;mezei&#8221; mobilj\u00e1t figyelt\u00e9k. A k\u00e9meknek nem volt neh\u00e9z dolguk, mert a telefon megfigyel\u00e9s\u00e9hez sz\u00fcks\u00e9ges berendez\u00e9seket szabadon be lehet szerezni, \u00e9s kedvez\u0151ek a berlini korm\u00e1nyzati negyed adotts\u00e1gai is. A lapos \u00e9s t\u00e1gas ter\u00fclet kiv\u00e1l\u00f3an alkalmas lehallgat\u00e1si m\u0171veletekre, \u00e9s erre m\u00e1r azel\u0151tt figyelmeztettek a n\u00e9met biztons\u00e1gi szervek, hogy a t\u00f6rv\u00e9nyhoz\u00e1s \u00e9s a korm\u00e1nyzat \u00e1tk\u00f6lt\u00f6z\u00f6tt Bonnb\u00f3l Berlinbe &#8211; \u00edrta a Focus.<br \/>\nA besz\u00e1mol\u00f3 szerint a k\u00fclf\u00f6ldi szolg\u00e1latok igen akt\u00edvak N\u00e9metorsz\u00e1gban. Tavaly sz\u00e1zn\u00e1l is t\u00f6bb n\u00e9met politikus, \u00e1llami tiszts\u00e9gvisel\u0151, katonatiszt, tud\u00f3s \u00e9s v\u00e1llalatvezet\u0151 jelentette a n\u00e9met elh\u00e1r\u00edt\u00e1snak, hogy megpr\u00f3b\u00e1lt\u00e1k \u0151ket beszervezni. A h\u00edrmagazin szerint arr\u00f3l nincs adat, hogy \u00f6sszesen h\u00e1ny n\u00e9metet k\u00f6rny\u00e9keztek meg k\u00fclf\u00f6ldi k\u00e9mek, de sz\u00e1muk jelent\u0151s lehet.<br \/>\nAz NSA volt alkalmazottj\u00e1t\u00f3l, Edward Snowdent\u0151l sz\u00e1rmaz\u00f3 titkos\u00fcgyn\u00f6ks\u00e9gi dokumentumok alapj\u00e1n Angela Merkel mag\u00e1nhaszn\u00e1lat\u00fa mobiltelefonja az NSA megfigyel\u00e9si c\u00e9lpontjai k\u00f6z\u00f6tt volt. H\u00e9tf\u0151n amerikai kongresszusi k\u00fcld\u00f6tts\u00e9g \u00e9rkezett Berlinbe a kisziv\u00e1rogtat\u00e1s nyom\u00e1n t\u00e1madt fesz\u00fclts\u00e9g felold\u00e1s\u00e1ra. A k\u00e9t demokrata p\u00e1rti politikus, Chris Murphy szen\u00e1tor \u00e9s Gregory Meeks kongresszusi k\u00e9pvisel\u0151 vezette deleg\u00e1ci\u00f3 t\u00e1rgyal t\u00f6bbek k\u00f6z\u00f6tt Guido Westerwelle k\u00fcl\u00fcgyminiszterrel \u00e9s Hans-Peter Friedrich bel\u00fcgyminiszterrel.<br \/>\nA n\u00e9met biztons\u00e1gi szerveknek \u00e9vi 500 milli\u00f3 eur\u00f3val t\u00f6bb p\u00e9nz kell a hat\u00e9kony elh\u00e1r\u00edt\u00f3 munk\u00e1hoz &#8211; mondta a Die Welt c\u00edm\u0171 n\u00e9met lapnak a sz\u00f6vets\u00e9gi h\u00edrszerz\u00e9s (BND) \u00e9s az alkotm\u00e1nyv\u00e9delmi hivatal (BfV) vezet\u0151je. A technol\u00f3gia fejl\u0151d\u00e9s\u00e9vel egyre nehezebb l\u00e9p\u00e9st tartani, \u00e9s bizonyos berendez\u00e9seket \u00e9s szoftvereket m\u00e1r nem is lehet hazai forr\u00e1sb\u00f3l beszerezni. Ez\u00e9rt a szolg\u00e1latoknak vigy\u00e1zniuk kell, nehogy egy k\u00fclf\u00f6ldi berendez\u00e9ssel vagy programmal egy\u00fctt egy &#8222;l\u00e1thatatlan k\u00e9met&#8221; is bev\u00e1s\u00e1roljanak &#8211; mondta Hans-Georg Maassen, a BfV eln\u00f6ke. A legkorszer\u0171bb felszerel\u00e9sre van sz\u00fcks\u00e9g, hogy megtal\u00e1lj\u00e1k a v\u00edrusokat \u00e9s k\u00e9mszoftvereket, miel\u0151tt k\u00e1rt okoznak a l\u00e9tfontoss\u00e1g\u00fa, \u00fagynevezett kritikus infrastrukt\u00far\u00e1ban &#8211; tette hozz\u00e1 Gerhard Schindler, a BND eln\u00f6ke.(MTI)<\/p>\n","protected":false},"excerpt":{"rendered":"<p>Angela Merkel n\u00e9met kancell\u00e1r mobiltelefonj\u00e1t legkevesebb \u00f6t orsz\u00e1g titkosszolg\u00e1latai figyelt\u00e9k meg\u00a0\u00a0&#8211; \u00edrta a Focus.<\/p>\n","protected":false},"author":1,"featured_media":20152,"comment_status":"open","ping_status":"closed","sticky":false,"template":"","format":"standard","meta":[],"categories":[12],"tags":[],"_links":{"self":[{"href":"https:\/\/gazdasagportal.hu\/index.php\/wp-json\/wp\/v2\/posts\/21926"}],"collection":[{"href":"https:\/\/gazdasagportal.hu\/index.php\/wp-json\/wp\/v2\/posts"}],"about":[{"href":"https:\/\/gazdasagportal.hu\/index.php\/wp-json\/wp\/v2\/types\/post"}],"author":[{"embeddable":true,"href":"https:\/\/gazdasagportal.hu\/index.php\/wp-json\/wp\/v2\/users\/1"}],"replies":[{"embeddable":true,"href":"https:\/\/gazdasagportal.hu\/index.php\/wp-json\/wp\/v2\/comments?post=21926"}],"version-history":[{"count":1,"href":"https:\/\/gazdasagportal.hu\/index.php\/wp-json\/wp\/v2\/posts\/21926\/revisions"}],"predecessor-version":[{"id":21927,"href":"https:\/\/gazdasagportal.hu\/index.php\/wp-json\/wp\/v2\/posts\/21926\/revisions\/21927"}],"wp:featuredmedia":[{"embeddable":true,"href":"https:\/\/gazdasagportal.hu\/index.php\/wp-json\/wp\/v2\/media\/20152"}],"wp:attachment":[{"href":"https:\/\/gazdasagportal.hu\/index.php\/wp-json\/wp\/v2\/media?parent=21926"}],"wp:term":[{"taxonomy":"category","embeddable":true,"href":"https:\/\/gazdasagportal.hu\/index.php\/wp-json\/wp\/v2\/categories?post=21926"},{"taxonomy":"post_tag","embeddable":true,"href":"https:\/\/gazdasagportal.hu\/index.php\/wp-json\/wp\/v2\/tags?post=21926"}],"curies":[{"name":"wp","href":"https:\/\/api.w.org\/{rel}","templated":true}]}}