{"id":21914,"date":"2013-11-25T12:33:24","date_gmt":"2013-11-25T11:33:24","guid":{"rendered":"http:\/\/stockportal.hu\/?p=21914"},"modified":"2013-11-25T12:14:16","modified_gmt":"2013-11-25T11:14:16","slug":"tamogatta-a-fenntarthato-fejlodes-bizottsaga-a-nemzeti-fejlesztesi-koncepciot","status":"publish","type":"post","link":"https:\/\/gazdasagportal.hu\/index.php\/tamogatta-a-fenntarthato-fejlodes-bizottsaga-a-nemzeti-fejlesztesi-koncepciot\/","title":{"rendered":"T\u00e1mogatta a fenntarthat\u00f3 fejl\u0151d\u00e9s bizotts\u00e1ga a nemzeti fejleszt\u00e9si koncepci\u00f3t"},"content":{"rendered":"<p><strong>Az Orsz\u00e1ggy\u0171l\u00e9s fenntarthat\u00f3 fejl\u0151d\u00e9s bizotts\u00e1ga egyhang\u00falag t\u00e1mogatta a Nemzeti Fejleszt\u00e9s 2030 &#8211; az Orsz\u00e1gos Fejleszt\u00e9si \u00e9s Ter\u00fcletfejleszt\u00e9si Koncepci\u00f3r\u00f3l sz\u00f3l\u00f3 hat\u00e1rozati javaslatot h\u00e9tf\u0151i \u00fcl\u00e9s\u00e9n.<!--more--><\/strong><\/p>\n<p>Greinstetter Bal\u00e1zs, a Nemzetgazdas\u00e1gi Miniszt\u00e9rium (NGM) helyettes \u00e1llamtitk\u00e1ra kieg\u00e9sz\u00edt\u00e9sk\u00e9nt elmondta: az Orsz\u00e1gos Fejleszt\u00e9si \u00e9s Ter\u00fcletfejleszt\u00e9si Koncepci\u00f3 (OFTK) azt a c\u00e9lt szolg\u00e1lja, hogy egys\u00e9ges rendszert alkosson az orsz\u00e1g fejleszt\u00e9spolitik\u00e1ja a ter\u00fcleti tervez\u00e9s \u00e9s az ebb\u0151l ered\u0151 szab\u00e1lyoz\u00e1s k\u00f6z\u00f6tt, valamint hozz\u00e1j\u00e1ruljon az orsz\u00e1g dinamikus fejl\u0151d\u00e9s\u00e9hez, n\u00f6veked\u00e9si p\u00e1ly\u00e1ra \u00e1ll\u00edt\u00e1s\u00e1hoz, a ter\u00fcleti egyenl\u0151tlens\u00e9gek cs\u00f6kkent\u00e9s\u00e9hez.<br \/>\nGreinstetter Bal\u00e1zs kiemelte, hogy parlamenti elfogad\u00e1s eset\u00e9n az orsz\u00e1gnak nemcsak \u00faj fejleszt\u00e9si koncepci\u00f3ja lesz, hanem meg\u00fajul a v\u00e9grehajt\u00e1si int\u00e9zm\u00e9nyrendszer is.<br \/>\nA helyettes \u00e1llamtitk\u00e1r sz\u00f3lt arr\u00f3l, hogy az el\u0151z\u0151 korm\u00e1nyok alatt a ter\u00fcletfejleszt\u00e9si politika, a hozz\u00e1 kapcsol\u00f3d\u00f3 int\u00e9zked\u00e9sek, a k\u00fcl\u00f6nb\u00f6z\u0151 t\u00e9rs\u00e9gi felz\u00e1rk\u00f3ztat\u00e1si programok csak kis m\u00e9rt\u00e9kben tudtak hozz\u00e1j\u00e1rulni a ter\u00fcleti egyenl\u0151tlens\u00e9gek m\u00e9rs\u00e9kl\u00e9s\u00e9hez, nem seg\u00edtett\u00e9k el\u0151 a kiegyens\u00falyozott fejl\u0151d\u00e9st, egyes esetekben a ter\u00fcleti k\u00fcl\u00f6nbs\u00e9gek m\u00e9g n\u00f6vekedtek is.<br \/>\nA negat\u00edv folyamatok megford\u00edt\u00e1sa \u00e9rdek\u00e9ben a korm\u00e1ny m\u00e1r eddig is sz\u00e1mos int\u00e9zked\u00e9st tett &#8211; jelentette ki a helyettes \u00e1llamtitk\u00e1r, aki p\u00e9ldak\u00e9nt eml\u00edtette az ad\u00f3ss\u00e1gkonszolid\u00e1ci\u00f3t a helyi szerepl\u0151kn\u00e9l, illetve a szabad v\u00e1llalkoz\u00e1si z\u00f3n\u00e1k kialak\u00edt\u00e1s\u00e1t.<br \/>\nGreinstetter Bal\u00e1zs r\u00e1mutatott arra, hogy az OFTK ambici\u00f3zus j\u00f6v\u0151k\u00e9pet fogalmaz meg Magyarorsz\u00e1g sz\u00e1m\u00e1ra, eszerint 2030-ra Magyarorsz\u00e1g a kelet-k\u00f6z\u00e9p-eur\u00f3pai t\u00e9rs\u00e9g egyik vezet\u0151 gazdas\u00e1gi, szellemi k\u00f6zpontja lehet, lakoss\u00e1g\u00e1nak biztons\u00e1gos meg\u00e9lhet\u00e9st ny\u00fajt, az er\u0151forr\u00e1sok fenntarthat\u00f3 haszn\u00e1lat\u00e1ra \u00e9p\u00fcl\u0151 versenyk\u00e9pes gazdas\u00e1got alak\u00edt ki, meger\u0151s\u00edti a helyi k\u00f6z\u00f6ss\u00e9geket, valamint t\u00f6rekszik jav\u00edtani az \u00e9letmin\u0151s\u00e9get, a k\u00f6rnyezeti \u00e1llapotot.<br \/>\nA koncepci\u00f3 alapj\u00e1n a hazai fejleszt\u00e9spolitika \u00e9s az eur\u00f3pai uni\u00f3s t\u00e1mogat\u00e1sok \u00f6sszhangba ker\u00fclnek &#8211; hangs\u00falyozta a helyettes \u00e1llamtitk\u00e1r. Kiemelte, hogy az OFTK-ban kijel\u00f6lt\u00e9k az orsz\u00e1g hossz\u00fa t\u00e1v\u00fa c\u00e9ljait szolg\u00e1l\u00f3 f\u00f3kuszokat 2014 \u00e9s 2020 k\u00f6z\u00f6tt, a nemzeti priorit\u00e1sok igazodnak az uni\u00f3 \u00e1ltal megfogalmazott programoz\u00e1si keretekhez, \u00e9s ezeket \u00e9rv\u00e9nyes\u00edteni kell a hazai tervez\u00e9sben, v\u00e9grehajt\u00e1sban.<br \/>\nGreinstetter Bal\u00e1zs elmondta: a koncepci\u00f3ban megteremtik annak a lehet\u0151s\u00e9g\u00e9t, hogy a ter\u00fcleti \u00e9s az \u00e1gazati fejleszt\u00e9sek f\u00f3kuszai egy dokumentumban szerepeljenek, \u00edgy ezek \u00f6sszehangoltan, egym\u00e1ssal k\u00f6lcs\u00f6nhat\u00e1sban tudj\u00e1k kifejteni hat\u00e1sukat a k\u00f6vetkez\u0151 id\u0151szakban.<br \/>\nA vit\u00e1ban Szili Katalin f\u00fcggetlen k\u00e9pvisel\u0151, a bizotts\u00e1g eln\u00f6ke azir\u00e1nt \u00e9rdekl\u0151d\u00f6tt, hogy a fenntarthat\u00f3 fejl\u0151d\u00e9s keretstrat\u00e9gi\u00e1t mennyiben vette a t\u00e1rca figyelembe a koncepci\u00f3 \u00f6ssze\u00e1ll\u00edt\u00e1sakor, illetve fontosnak nevezte, hogy legyen korm\u00e1nyzati ciklusokon \u00e1tny\u00fal\u00f3 Magyarorsz\u00e1g j\u00f6v\u0151k\u00e9p.<br \/>\nSzab\u00f3 Imre szocialista k\u00e9pvisel\u0151, a bizotts\u00e1g aleln\u00f6ke a javaslatot alapos \u00e9s j\u00f3 szakmai el\u0151k\u00e9sz\u00edt\u00e9snek nevezte, amely szerinte beismer\u00e9se annak, hogy mi minden nem val\u00f3sult meg az elm\u00falt h\u00e1rom \u00e9vben.<br \/>\nK\u0151v\u00e1ri J\u00e1nos fideszes k\u00e9pvisel\u0151 szerint a monitoring ter\u00fclet\u00e9n egy\u00e9rtelm\u0171 m\u00e9r\u0151rendszert kell kialak\u00edtani, hogy l\u00e1that\u00f3 legyen az el\u0151rehalad\u00e1s.<br \/>\nV\u00e1lasz\u00e1ban Greinstetter Bal\u00e1zs elmondta: a koncepci\u00f3 tervez\u00e9se 2011 \u0151sz\u00e9n indult, \u00e9s egyar\u00e1nt figyelembe vett\u00e9k a fenntarthat\u00f3 fejl\u0151d\u00e9s, illetve a vid\u00e9kfejleszt\u00e9si strat\u00e9gi\u00e1t.(MTI)<\/p>\n","protected":false},"excerpt":{"rendered":"<p>Az Orsz\u00e1ggy\u0171l\u00e9s fenntarthat\u00f3 fejl\u0151d\u00e9s bizotts\u00e1ga egyhang\u00falag t\u00e1mogatta a Nemzeti Fejleszt\u00e9s 2030 &#8211; az Orsz\u00e1gos Fejleszt\u00e9si \u00e9s Ter\u00fcletfejleszt\u00e9si Koncepci\u00f3r\u00f3l sz\u00f3l\u00f3 hat\u00e1rozati javaslatot h\u00e9tf\u0151i \u00fcl\u00e9s\u00e9n.<\/p>\n","protected":false},"author":1,"featured_media":0,"comment_status":"open","ping_status":"closed","sticky":false,"template":"","format":"standard","meta":[],"categories":[19],"tags":[],"_links":{"self":[{"href":"https:\/\/gazdasagportal.hu\/index.php\/wp-json\/wp\/v2\/posts\/21914"}],"collection":[{"href":"https:\/\/gazdasagportal.hu\/index.php\/wp-json\/wp\/v2\/posts"}],"about":[{"href":"https:\/\/gazdasagportal.hu\/index.php\/wp-json\/wp\/v2\/types\/post"}],"author":[{"embeddable":true,"href":"https:\/\/gazdasagportal.hu\/index.php\/wp-json\/wp\/v2\/users\/1"}],"replies":[{"embeddable":true,"href":"https:\/\/gazdasagportal.hu\/index.php\/wp-json\/wp\/v2\/comments?post=21914"}],"version-history":[{"count":1,"href":"https:\/\/gazdasagportal.hu\/index.php\/wp-json\/wp\/v2\/posts\/21914\/revisions"}],"predecessor-version":[{"id":21915,"href":"https:\/\/gazdasagportal.hu\/index.php\/wp-json\/wp\/v2\/posts\/21914\/revisions\/21915"}],"wp:attachment":[{"href":"https:\/\/gazdasagportal.hu\/index.php\/wp-json\/wp\/v2\/media?parent=21914"}],"wp:term":[{"taxonomy":"category","embeddable":true,"href":"https:\/\/gazdasagportal.hu\/index.php\/wp-json\/wp\/v2\/categories?post=21914"},{"taxonomy":"post_tag","embeddable":true,"href":"https:\/\/gazdasagportal.hu\/index.php\/wp-json\/wp\/v2\/tags?post=21914"}],"curies":[{"name":"wp","href":"https:\/\/api.w.org\/{rel}","templated":true}]}}