{"id":21876,"date":"2013-11-25T06:44:42","date_gmt":"2013-11-25T05:44:42","guid":{"rendered":"http:\/\/stockportal.hu\/?p=21876"},"modified":"2013-11-24T20:56:16","modified_gmt":"2013-11-24T19:56:16","slug":"az-amerikai-kormany-az-ellenorizhetoseget-meltatja-a-kongresszusban-kesleltetett-ervenyu-szankciokat-szorgalmaznak","status":"publish","type":"post","link":"https:\/\/gazdasagportal.hu\/index.php\/az-amerikai-kormany-az-ellenorizhetoseget-meltatja-a-kongresszusban-kesleltetett-ervenyu-szankciokat-szorgalmaznak\/","title":{"rendered":"Az amerikai korm\u00e1ny az ellen\u0151rizhet\u0151s\u00e9get m\u00e9ltatja, a kongresszusban k\u00e9sleltetett \u00e9rv\u00e9ny\u0171 szankci\u00f3kat szorgalmaznak"},"content":{"rendered":"<p><strong>Mik\u00f6zben az amerikai korm\u00e1ny vas\u00e1rnap az Ir\u00e1nnal a nukle\u00e1ris programj\u00e1r\u00f3l megk\u00f6t\u00f6tt \u00e1tmeneti meg\u00e1llapod\u00e1s ellen\u0151rizhet\u0151s\u00e9g\u00e9t igyekezett kiemelni, a kongresszus tagjai a k\u00e9telyeiknek adtak hangot; de egy\u00fattal hajland\u00f3s\u00e1got mutattak arra, hogy id\u0151t adjanak az alku megval\u00f3sul\u00e1s\u00e1ra azzal, hogy csak k\u00e9sleltetett \u00e9rv\u00e9ny\u0171 szankci\u00f3kat fogadnak el Teher\u00e1nnal szemben.<!--more--><\/strong><\/p>\n<p>John Kerry amerikai k\u00fcl\u00fcgyminiszter vas\u00e1rnap telev\u00edzi\u00f3s interj\u00fak sorozat\u00e1ban hangoztatta, hogy a meg\u00e1llapod\u00e1s meger\u0151s\u00edti Izrael \u00e9s a t\u00e9rs\u00e9g biztons\u00e1g\u00e1t, mert az ir\u00e1ni nukle\u00e1ris tev\u00e9kenys\u00e9gnek a kor\u00e1bbin\u00e1l sokkal kiterjedtebb ellen\u0151rz\u00e9s\u00e9t teszi lehet\u0151v\u00e9. Kerry ezzel Benj\u00e1min Netanjahu izraeli korm\u00e1nyf\u0151nek arra a kijelent\u00e9s\u00e9re reag\u00e1lt, miszerint Genfben &#8222;rossz meg\u00e1llapod\u00e1s&#8221; sz\u00fcletett.<br \/>\n&#8222;Semmi sem a bizalmon alapul (a meg\u00e1llapod\u00e1sban). Ez nem bizalmi k\u00e9rd\u00e9s. Ez az ellen\u0151rz\u00e9s \u00e9s behat\u00f3 vizsg\u00e1lat k\u00e9rd\u00e9se&#8221; &#8211; nyilatkozott Kerry a CNN-nek a meg\u00e1llapod\u00e1sr\u00f3l, amely befagyasztja az ir\u00e1ni atomprogramot \u00e9s annak egyes elemeit visszafejleszti.<br \/>\n&#8222;Ez a t\u00e1rgyal\u00e1s nem a fant\u00e1zia vagy az eszm\u00e9nyek m\u0171v\u00e9szete. Ez a lehets\u00e9ges dolgok m\u0171v\u00e9szete&#8221; &#8211; mondta az amerikai k\u00fcl\u00fcgyminiszter az ABC-nek az alkut \u00e9rt b\u00edr\u00e1latokkal kapcsolatban.<br \/>\nR\u00e1mutatott, hogy a meg\u00e1llapod\u00e1s alternat\u00edv\u00e1ja az lett volna, hogy Ir\u00e1n tov\u00e1bb haladhatott volna nukle\u00e1ris programj\u00e1nak megval\u00f3s\u00edt\u00e1s\u00e1val. Hangs\u00falyozta, hogy az Egyes\u00fclt \u00c1llamok c\u00e9lja Teher\u00e1n atomfegyverhez jut\u00e1s\u00e1nak megakad\u00e1lyoz\u00e1sa, csak\u00fagy, mint Izraelnek.<br \/>\nAz amerikai korm\u00e1ny a meg\u00e1llapod\u00e1s meg\u0151rz\u00e9se \u00e9rdek\u00e9ben arra pr\u00f3b\u00e1lja meg r\u00e1venni a kongresszust, hogy az tart\u00f3zkodj\u00e9k az \u00fajabb Ir\u00e1n elleni szankci\u00f3k elfogad\u00e1s\u00e1t\u00f3l. Noha a genfi megegyez\u00e9st sz\u00e1mos b\u00edr\u00e1lat \u00e9rte t\u00f6rv\u00e9nyhoz\u00e1sban mind republik\u00e1nus, mind demokrata politikusok r\u00e9sz\u00e9r\u0151l &#8211; k\u00fcl\u00f6n\u00f6sen azok fejezt\u00e9k ki nemtetsz\u00e9s\u00fcket, akik szoros kapcsolatokat \u00e1polnak Izraellel &#8211; az els\u0151 reag\u00e1l\u00e1sok t\u00f6bbs\u00e9g\u00e9b\u0151l \u00fagy t\u0171nik, hogy az elk\u00f6vetkez\u0151 hat h\u00f3nap alatt a washingtoni Capitoliumon nem fogadnak el \u00fajabb azonnali \u00e9rv\u00e9ny\u0171 gazdas\u00e1gi b\u00fcntet\u0151int\u00e9zked\u00e9seket. \u00c1m arra az esetre, ha Ir\u00e1n megs\u00e9rten\u00e9 az alkut, a b\u00fcntet\u0151int\u00e9zked\u00e9sek p\u00e9ld\u00e1tlan szigor\u00edt\u00e1s\u00e1t helyezt\u00e9k kil\u00e1t\u00e1sba.<br \/>\nDianne Feinstien, a szen\u00e1tus h\u00edrszerz\u00e9si \u00e9s Carl Levin, a fels\u0151h\u00e1z katonai bizotts\u00e1g\u00e1nak demokrata eln\u00f6ke a meg\u00e1llapod\u00e1st t\u00e1mogat\u00f3 nyilatkozatokat adott, amelyekb\u0151l azonban nem hi\u00e1nyzott a fenyeget\u00e9s, hogy szerz\u0151d\u00e9sszeg\u00e9s eset\u00e9n a jelenlegin\u00e9l komolyabb szankci\u00f3k l\u00e9pnek majd \u00e9letbe.<br \/>\nSaxby Chambliss republik\u00e1nus szen\u00e1tor, a h\u00edrszerz\u00e9si bizotts\u00e1g rangid\u0151s republik\u00e1nus tagja \u00fagy fogalmazott, hogy a kongresszusnak \u00fajabb, de halasztott \u00e9rv\u00e9ny\u0171 szankci\u00f3kat kell elfogadnia. Robert Menendez, a szen\u00e1tus k\u00fcl\u00fcgyi bizotts\u00e1g\u00e1nak republik\u00e1nus eln\u00f6ke szint\u00e9n amellett \u00e9rvelt, hogy a t\u00f6rv\u00e9nyhoz\u00e1s fogadjon ugyan el gazdas\u00e1gi b\u00fcntet\u0151int\u00e9zked\u00e9seket, de azok \u00e1lljanak tartal\u00e9kban arra az esetre, ha Ir\u00e1n megs\u00e9rten\u00e9 az egyezs\u00e9get.<br \/>\nEd Royce, a k\u00e9pvisel\u0151h\u00e1z k\u00fcl\u00fcgyi bizotts\u00e1g\u00e1nak eln\u00f6ke a szankci\u00f3k szigor\u00edt\u00e1s\u00e1t k\u00f6vetelte, \u00e1m John Boehner, a sz\u00f6vets\u00e9gi als\u00f3h\u00e1z eln\u00f6ke azt k\u00f6z\u00f6lte: a meg\u00e1llapod\u00e1st &#8222;eg\u00e9szs\u00e9ges k\u00e9tked\u00e9ssel&#8221; kell fogadni \u00e9s fenn kell tartani a Teher\u00e1n ellen m\u00e1r \u00e9letbe l\u00e9ptetett gazdas\u00e1gi b\u00fcntet\u0151int\u00e9zked\u00e9seket, de \u00fajabbak bevezet\u00e9s\u00e9t nem javasolta.<br \/>\nJ\u00faniusban a sz\u00f6vets\u00e9gi k\u00e9pvisel\u0151h\u00e1z 435 tagja k\u00f6z\u00fcl 400 szavazott az Ir\u00e1n elleni szankci\u00f3k s\u00falyosb\u00edt\u00e1sa mellett, amelyek \u00e9rtelm\u00e9ben teljes eg\u00e9sz\u00e9ben feketelist\u00e1ra helyezn\u00e9k az iszl\u00e1m k\u00f6zt\u00e1rsas\u00e1g aut\u00f3ipar\u00e1t. A szen\u00e1tus a h\u00e9ten hat\u00e1rozott arr\u00f3l, hogy decemberben szavaz majd a lehets\u00e9ges szigor\u00edt\u00e1sokr\u00f3l. A kongresszus k\u00e9t h\u00e1za ezut\u00e1n kezdheti meg a k\u00e9t t\u00f6rv\u00e9nytervezet harmoniz\u00e1l\u00e1s\u00e1t.<br \/>\nA genfi meg\u00e1llapod\u00e1s ugyanakkor enyh\u00edt n\u00e9h\u00e1ny nemzetk\u00f6zi szankci\u00f3kon, cser\u00e9be az ir\u00e1ni atomprogram fel\u00fclvizsg\u00e1lat\u00e1ra \u00e9s szigor\u00fabb nemzetk\u00f6zi ellen\u0151rz\u00e9s\u00e9re vonatkoz\u00f3 engedm\u00e9nyek\u00e9rt.(MTI)<\/p>\n","protected":false},"excerpt":{"rendered":"<p>Mik\u00f6zben az amerikai korm\u00e1ny vas\u00e1rnap az Ir\u00e1nnal a nukle\u00e1ris programj\u00e1r\u00f3l megk\u00f6t\u00f6tt \u00e1tmeneti meg\u00e1llapod\u00e1s ellen\u0151rizhet\u0151s\u00e9g\u00e9t igyekezett kiemelni, a kongresszus tagjai a k\u00e9telyeiknek adtak hangot; de egy\u00fattal hajland\u00f3s\u00e1got mutattak arra, hogy id\u0151t adjanak az alku megval\u00f3sul\u00e1s\u00e1ra azzal, hogy csak k\u00e9sleltetett \u00e9rv\u00e9ny\u0171 szankci\u00f3kat fogadnak el Teher\u00e1nnal szemben.<\/p>\n","protected":false},"author":1,"featured_media":0,"comment_status":"open","ping_status":"closed","sticky":false,"template":"","format":"standard","meta":[],"categories":[16],"tags":[],"_links":{"self":[{"href":"https:\/\/gazdasagportal.hu\/index.php\/wp-json\/wp\/v2\/posts\/21876"}],"collection":[{"href":"https:\/\/gazdasagportal.hu\/index.php\/wp-json\/wp\/v2\/posts"}],"about":[{"href":"https:\/\/gazdasagportal.hu\/index.php\/wp-json\/wp\/v2\/types\/post"}],"author":[{"embeddable":true,"href":"https:\/\/gazdasagportal.hu\/index.php\/wp-json\/wp\/v2\/users\/1"}],"replies":[{"embeddable":true,"href":"https:\/\/gazdasagportal.hu\/index.php\/wp-json\/wp\/v2\/comments?post=21876"}],"version-history":[{"count":1,"href":"https:\/\/gazdasagportal.hu\/index.php\/wp-json\/wp\/v2\/posts\/21876\/revisions"}],"predecessor-version":[{"id":21877,"href":"https:\/\/gazdasagportal.hu\/index.php\/wp-json\/wp\/v2\/posts\/21876\/revisions\/21877"}],"wp:attachment":[{"href":"https:\/\/gazdasagportal.hu\/index.php\/wp-json\/wp\/v2\/media?parent=21876"}],"wp:term":[{"taxonomy":"category","embeddable":true,"href":"https:\/\/gazdasagportal.hu\/index.php\/wp-json\/wp\/v2\/categories?post=21876"},{"taxonomy":"post_tag","embeddable":true,"href":"https:\/\/gazdasagportal.hu\/index.php\/wp-json\/wp\/v2\/tags?post=21876"}],"curies":[{"name":"wp","href":"https:\/\/api.w.org\/{rel}","templated":true}]}}